{"id":9981,"date":"2024-12-02T10:03:00","date_gmt":"2024-12-02T15:03:00","guid":{"rendered":"https:\/\/www.sedarauca.edu.co\/?p=9981"},"modified":"2024-12-02T11:37:28","modified_gmt":"2024-12-02T16:37:28","slug":"la-gobernacion-de-arauca-lidera-el-segundo-encuentro-departamental-de-educacion","status":"publish","type":"post","link":"https:\/\/www.sedarauca.edu.co\/index.php\/2024\/12\/02\/la-gobernacion-de-arauca-lidera-el-segundo-encuentro-departamental-de-educacion\/","title":{"rendered":"La Gobernaci\u00f3n de Arauca lidera el Segundo Encuentro Departamental de Educaci\u00f3n"},"content":{"rendered":"<p>[et_pb_section fb_built=\u00bb1&#8243; _builder_version=\u00bb4.27.4&#8243; _module_preset=\u00bbdefault\u00bb global_colors_info=\u00bb{}\u00bb][et_pb_row _builder_version=\u00bb4.27.4&#8243; _module_preset=\u00bbdefault\u00bb global_colors_info=\u00bb{}\u00bb][et_pb_column type=\u00bb4_4&#8243; _builder_version=\u00bb4.27.4&#8243; _module_preset=\u00bbdefault\u00bb global_colors_info=\u00bb{}\u00bb][et_pb_text _builder_version=\u00bb4.27.4&#8243; _module_preset=\u00bbdefault\u00bb custom_margin=\u00bb-30px||||false|false\u00bb global_colors_info=\u00bb{}\u00bb]<\/p>\n<p style=\"text-align: center;\"><em>Esta iniciativa, liderada por el gobierno del ingeniero Renson Mart\u00ednez Prada, re\u00fane a los responsables de la educaci\u00f3n de los siete municipios del departamento.<\/em><\/p>\n<p>[\/et_pb_text][\/et_pb_column][\/et_pb_row][et_pb_row _builder_version=\u00bb4.27.4&#8243; _module_preset=\u00bbdefault\u00bb global_colors_info=\u00bb{}\u00bb][et_pb_column type=\u00bb4_4&#8243; _builder_version=\u00bb4.27.4&#8243; _module_preset=\u00bbdefault\u00bb global_colors_info=\u00bb{}\u00bb][et_pb_text _builder_version=\u00bb4.27.4&#8243; _module_preset=\u00bbdefault\u00bb hover_enabled=\u00bb0&#8243; global_colors_info=\u00bb{}\u00bb sticky_enabled=\u00bb0&#8243;]<\/p>\n<p style=\"text-align: justify;\"><strong>Arauca, 29 de n<em>oviembre de 2024.<\/em><\/strong><em> Con el compromiso de consolidar una educaci\u00f3n de calidad y proyectar acciones para el a\u00f1o 2025, el pr\u00f3ximo lunes 2 de diciembre a partir de las 8:30 a.m. se llevar\u00e1 a cabo el Segundo Encuentro Departamental de Educaci\u00f3n en la Casa Departamental.<\/em><\/p>\n<p style=\"text-align: justify;\"><em>En este espacio, organizado por la Secretar\u00eda de Educaci\u00f3n Departamental, se realizar\u00e1 un balance conjunto del estado de las inversiones y gestiones educativas adelanta en el territorio, con el objetivo de fortalecer los programas dirigidos a ni\u00f1os, ni\u00f1as y adolescentes.<\/em><\/p>\n<p style=\"text-align: justify;\"><em>Adem\u00e1s, se presentar\u00e1n los avances del Plan Educaci\u00f3n Rural (PEER), una estrategia clave para garantizar el acceso y la calidad del servicio educativo en las zonas rurales de Arauca.<\/em><em><\/em><\/p>\n<p>[\/et_pb_text][\/et_pb_column][\/et_pb_row][et_pb_row _builder_version=\u00bb4.27.4&#8243; _module_preset=\u00bbdefault\u00bb][et_pb_column _builder_version=\u00bb4.27.4&#8243; _module_preset=\u00bbdefault\u00bb type=\u00bb4_4&#8243;][et_pb_gallery _builder_version=\u00bb4.27.4&#8243; _module_preset=\u00bbdefault\u00bb gallery_ids=\u00bb10000,10001,10002,10003,10004,10005&#8243; gallery_orderby=\u00bbrand\u00bb hover_enabled=\u00bb0&#8243; sticky_enabled=\u00bb0&#8243;][\/et_pb_gallery][\/et_pb_column][\/et_pb_row][et_pb_row _builder_version=\u00bb4.27.4&#8243; _module_preset=\u00bbdefault\u00bb global_colors_info=\u00bb{}\u00bb][et_pb_column type=\u00bb4_4&#8243; _builder_version=\u00bb4.27.4&#8243; _module_preset=\u00bbdefault\u00bb global_colors_info=\u00bb{}\u00bb][et_pb_text _builder_version=\u00bb4.27.4&#8243; _module_preset=\u00bbdefault\u00bb hover_enabled=\u00bb0&#8243; global_colors_info=\u00bb{}\u00bb sticky_enabled=\u00bb0&#8243; custom_margin=\u00bb-60px||||false|false\u00bb]<\/p>\n<p style=\"text-align: justify;\"><em>El primer encuentro, realizado en mayo de este a\u00f1o, permiti\u00f3 identificar prioridades y esfuerzos articulares entre los municipios y la Gobernaci\u00f3n, lo que ha dado lugar a importantes avances en infraestructura educativa, estrategias de acceso y permanencia y programas pedag\u00f3gicos.<\/em><\/p>\n<p style=\"text-align: justify;\"><em>Este segundo encuentro busca dar continuidad a esos logros, proyectando acciones sostenibles que mejoren la prestaci\u00f3n del servicio educativo en todo los municpios y que beneficie a toda la comunidad educativa durante el 2025.<\/em><\/p>\n<p style=\"text-align: justify;\"><em>El secretario de Educaci\u00f3n Departamental, Ariel Pedraza, destac\u00f3 la relevancia de estos espacios de concertaci\u00f3n: \u201cTrabajar juntos nos permite construir una educaci\u00f3n para la paz, enfocada en cerrar brechas, fortalecer nuestras instituciones educativas y promover el desarrollo del departamento. En mayo logramos importantes acuerdos, y en esta nueva reuni\u00f3n continuaremos proyectando lo mejor para nuestros ni\u00f1os, ni\u00f1as y\u00a0adolescentes.\u201d<\/em><\/p>\n<p>[\/et_pb_text][\/et_pb_column][\/et_pb_row][\/et_pb_section]<\/p>\n","protected":false},"excerpt":{"rendered":"<p>Esta iniciativa, liderada por el gobierno del ingeniero Renson Mart\u00ednez Prada, re\u00fane a los responsables de la educaci\u00f3n de los siete municipios del departamento.Arauca, 29 de noviembre de 2024. Con el compromiso de consolidar una educaci\u00f3n de calidad y proyectar acciones para el a\u00f1o 2025, el pr\u00f3ximo lunes 2 de diciembre a partir de las [&hellip;]<\/p>\n","protected":false},"author":1,"featured_media":9999,"comment_status":"closed","ping_status":"closed","sticky":false,"template":"","format":"standard","meta":{"_et_pb_use_builder":"on","_et_pb_old_content":"","_et_gb_content_width":"","footnotes":""},"categories":[44,6],"tags":[],"class_list":["post-9981","post","type-post","status-publish","format-standard","has-post-thumbnail","hentry","category-gestion","category-noticias"],"_links":{"self":[{"href":"https:\/\/www.sedarauca.edu.co\/index.php\/wp-json\/wp\/v2\/posts\/9981","targetHints":{"allow":["GET"]}}],"collection":[{"href":"https:\/\/www.sedarauca.edu.co\/index.php\/wp-json\/wp\/v2\/posts"}],"about":[{"href":"https:\/\/www.sedarauca.edu.co\/index.php\/wp-json\/wp\/v2\/types\/post"}],"author":[{"embeddable":true,"href":"https:\/\/www.sedarauca.edu.co\/index.php\/wp-json\/wp\/v2\/users\/1"}],"replies":[{"embeddable":true,"href":"https:\/\/www.sedarauca.edu.co\/index.php\/wp-json\/wp\/v2\/comments?post=9981"}],"version-history":[{"count":7,"href":"https:\/\/www.sedarauca.edu.co\/index.php\/wp-json\/wp\/v2\/posts\/9981\/revisions"}],"predecessor-version":[{"id":10007,"href":"https:\/\/www.sedarauca.edu.co\/index.php\/wp-json\/wp\/v2\/posts\/9981\/revisions\/10007"}],"wp:featuredmedia":[{"embeddable":true,"href":"https:\/\/www.sedarauca.edu.co\/index.php\/wp-json\/wp\/v2\/media\/9999"}],"wp:attachment":[{"href":"https:\/\/www.sedarauca.edu.co\/index.php\/wp-json\/wp\/v2\/media?parent=9981"}],"wp:term":[{"taxonomy":"category","embeddable":true,"href":"https:\/\/www.sedarauca.edu.co\/index.php\/wp-json\/wp\/v2\/categories?post=9981"},{"taxonomy":"post_tag","embeddable":true,"href":"https:\/\/www.sedarauca.edu.co\/index.php\/wp-json\/wp\/v2\/tags?post=9981"}],"curies":[{"name":"wp","href":"https:\/\/api.w.org\/{rel}","templated":true}]}}