{"id":9846,"date":"2024-10-23T09:33:00","date_gmt":"2024-10-23T14:33:00","guid":{"rendered":"https:\/\/www.sedarauca.edu.co\/?p=9846"},"modified":"2024-11-05T09:45:17","modified_gmt":"2024-11-05T14:45:17","slug":"la-educacion-prioridad-del-gobierno-departamental-avances-en-proyecto-de-la-unad-en-arauquita","status":"publish","type":"post","link":"https:\/\/www.sedarauca.edu.co\/index.php\/2024\/10\/23\/la-educacion-prioridad-del-gobierno-departamental-avances-en-proyecto-de-la-unad-en-arauquita\/","title":{"rendered":"La Educaci\u00f3n, prioridad del Gobierno Departamental: avances en proyecto de la UNAD en Arauquita"},"content":{"rendered":"\n[et_pb_section fb_built=\u00bb1&#8243; theme_builder_area=\u00bbpost_content\u00bb _builder_version=\u00bb4.27.2&#8243; _module_preset=\u00bbdefault\u00bb][et_pb_row _builder_version=\u00bb4.27.2&#8243; _module_preset=\u00bbdefault\u00bb theme_builder_area=\u00bbpost_content\u00bb][et_pb_column _builder_version=\u00bb4.27.2&#8243; _module_preset=\u00bbdefault\u00bb type=\u00bb4_4&#8243; theme_builder_area=\u00bbpost_content\u00bb][et_pb_text _builder_version=\u00bb4.27.2&#8243; _module_preset=\u00bbdefault\u00bb theme_builder_area=\u00bbpost_content\u00bb custom_margin=\u00bb-30px||||false|false\u00bb hover_enabled=\u00bb0&#8243; sticky_enabled=\u00bb0&#8243;]<p style=\"text-align: center;\"><em>Este proyecto de infraestructura educativa es cofinanciado por la Gobernaci\u00f3n de Arauca y la Alcald\u00eda de Arauquita.<\/em><\/p>[\/et_pb_text][\/et_pb_column][\/et_pb_row][et_pb_row _builder_version=\u00bb4.27.2&#8243; _module_preset=\u00bbdefault\u00bb theme_builder_area=\u00bbpost_content\u00bb][et_pb_column _builder_version=\u00bb4.27.2&#8243; _module_preset=\u00bbdefault\u00bb type=\u00bb4_4&#8243; theme_builder_area=\u00bbpost_content\u00bb][et_pb_text _builder_version=\u00bb4.27.2&#8243; _module_preset=\u00bbdefault\u00bb theme_builder_area=\u00bbpost_content\u00bb custom_margin=\u00bb-20px||||false|false\u00bb hover_enabled=\u00bb0&#8243; sticky_enabled=\u00bb0&#8243;]<p style=\"text-align: justify;\"><strong>Arauquita, 22 de octubre de 2024.<\/strong> \u2013 En un esfuerzo conjunto por fortalecer la educaci\u00f3n en el departamento, se llev\u00f3 a cabo una mesa de trabajo de la Universidad Nacional Abierta y a Distancia (UNAD) en el municipio de Arauquita con el prop\u00f3sito de revisar los avances en el proyecto de construcci\u00f3n del Centro Comunitario de Atenci\u00f3n Virtual de esta universidad.<\/p>\n<p style=\"text-align: justify;\">Este proyecto es financiado con recursos del Sistema General de Regal\u00edas y su valor total es de $ 5.293 millones. De los cuales la Gobernaci\u00f3n de Arauca aporta $ 4.293 millones de pesos y la Administraci\u00f3n Municipal de Arauquita $1.000 millones de pesos. A trav\u00e9s de dichos recursos se construyen 3.258 mts2, con capacidad para atender 5 mil estudiantes.<\/p>\n<p style=\"text-align: justify;\">Este encuentro cont\u00f3 con la participaci\u00f3n del gobernador de Arauca, Renson Mart\u00ednez Prada; la gestora social, Gleydis Torres, y su equipo de trabajo, as\u00ed como la Vicerrectora de Inclusi\u00f3n Social para el Desarrollo Regional y la Proyecci\u00f3n Comunitaria de la UNAD, Julialba \u00c1ngel Osorio. Tambi\u00e9n estuvieron presentes funcionarios de la Secretar\u00eda de Educaci\u00f3n Departamental, representantes de la Alcald\u00eda de Arauquita, liderada por el alcalde Luis Panqueva Torres, y la interventor\u00eda del proyecto.<\/p>\n<p style=\"text-align: justify;\">Durante la reuni\u00f3n, se discutieron estrategias para avanzar en la segunda fase del proyecto, evaluando su alcance, entregables, productos, servicios y los resultados esperados con su ejecuci\u00f3n. Este di\u00e1logo reafirma el compromiso de las entidades presentes de generar un impacto positivo en la regi\u00f3n a trav\u00e9s de acciones concretas que benefician a la comunidad.<\/p>\n<p style=\"text-align: justify;\">Como parte de la mesa de trabajo de la UNAD, se realiz\u00f3 un recorrido por la infraestructura donde se pudo conocer de primera mano el avance de las obras y las instalaciones que pronto estar\u00e1n al servicio de la comunidad, ofreciendo un espacio adecuado para la formaci\u00f3n y el desarrollo acad\u00e9mico en la regi\u00f3n.<\/p>\n<p style=\"text-align: justify;\">El Gobierno Departamental contin\u00faa trabajando para garantizar que la educaci\u00f3n sea una prioridad, promoviendo proyectos que fortalezcan el acceso a la formaci\u00f3n superior y que contribuyan al desarrollo integral\u00a0de\u00a0Arauca.<\/p>[\/et_pb_text][\/et_pb_column][\/et_pb_row][et_pb_row _builder_version=\u00bb4.27.2&#8243; _module_preset=\u00bbdefault\u00bb theme_builder_area=\u00bbpost_content\u00bb][et_pb_column _builder_version=\u00bb4.27.2&#8243; _module_preset=\u00bbdefault\u00bb type=\u00bb4_4&#8243; theme_builder_area=\u00bbpost_content\u00bb][et_pb_gallery _builder_version=\u00bb4.27.2&#8243; _module_preset=\u00bbdefault\u00bb theme_builder_area=\u00bbpost_content\u00bb gallery_ids=\u00bb9851,9852,9853,9854,9855,9856,9857,9858,9859,9860,9861,9862,9863&#8243; gallery_orderby=\u00bbrand\u00bb hover_enabled=\u00bb0&#8243; sticky_enabled=\u00bb0&#8243;][\/et_pb_gallery][\/et_pb_column][\/et_pb_row][\/et_pb_section]\n","protected":false},"excerpt":{"rendered":"<p>Este proyecto de infraestructura educativa es cofinanciado por la Gobernaci\u00f3n de Arauca y la Alcald\u00eda de Arauquita.Arauquita, 22 de octubre de 2024. \u2013 En un esfuerzo conjunto por fortalecer la educaci\u00f3n en el departamento, se llev\u00f3 a cabo una mesa de trabajo de la Universidad Nacional Abierta y a Distancia (UNAD) en el municipio de [&hellip;]<\/p>\n","protected":false},"author":1,"featured_media":9849,"comment_status":"closed","ping_status":"closed","sticky":false,"template":"","format":"standard","meta":{"_et_pb_use_builder":"on","_et_pb_old_content":"","_et_gb_content_width":"","footnotes":""},"categories":[44,6],"tags":[],"class_list":["post-9846","post","type-post","status-publish","format-standard","has-post-thumbnail","hentry","category-gestion","category-noticias"],"_links":{"self":[{"href":"https:\/\/www.sedarauca.edu.co\/index.php\/wp-json\/wp\/v2\/posts\/9846","targetHints":{"allow":["GET"]}}],"collection":[{"href":"https:\/\/www.sedarauca.edu.co\/index.php\/wp-json\/wp\/v2\/posts"}],"about":[{"href":"https:\/\/www.sedarauca.edu.co\/index.php\/wp-json\/wp\/v2\/types\/post"}],"author":[{"embeddable":true,"href":"https:\/\/www.sedarauca.edu.co\/index.php\/wp-json\/wp\/v2\/users\/1"}],"replies":[{"embeddable":true,"href":"https:\/\/www.sedarauca.edu.co\/index.php\/wp-json\/wp\/v2\/comments?post=9846"}],"version-history":[{"count":4,"href":"https:\/\/www.sedarauca.edu.co\/index.php\/wp-json\/wp\/v2\/posts\/9846\/revisions"}],"predecessor-version":[{"id":9865,"href":"https:\/\/www.sedarauca.edu.co\/index.php\/wp-json\/wp\/v2\/posts\/9846\/revisions\/9865"}],"wp:featuredmedia":[{"embeddable":true,"href":"https:\/\/www.sedarauca.edu.co\/index.php\/wp-json\/wp\/v2\/media\/9849"}],"wp:attachment":[{"href":"https:\/\/www.sedarauca.edu.co\/index.php\/wp-json\/wp\/v2\/media?parent=9846"}],"wp:term":[{"taxonomy":"category","embeddable":true,"href":"https:\/\/www.sedarauca.edu.co\/index.php\/wp-json\/wp\/v2\/categories?post=9846"},{"taxonomy":"post_tag","embeddable":true,"href":"https:\/\/www.sedarauca.edu.co\/index.php\/wp-json\/wp\/v2\/tags?post=9846"}],"curies":[{"name":"wp","href":"https:\/\/api.w.org\/{rel}","templated":true}]}}