{"id":9825,"date":"2024-10-26T09:11:00","date_gmt":"2024-10-26T14:11:00","guid":{"rendered":"https:\/\/www.sedarauca.edu.co\/?p=9825"},"modified":"2024-11-05T09:45:50","modified_gmt":"2024-11-05T14:45:50","slug":"la-gobernacion-de-arauca-impulsa-la-educacion-stem-en-la-7a-feria-de-ciencia-tecnologia-e-innovacion","status":"publish","type":"post","link":"https:\/\/www.sedarauca.edu.co\/index.php\/2024\/10\/26\/la-gobernacion-de-arauca-impulsa-la-educacion-stem-en-la-7a-feria-de-ciencia-tecnologia-e-innovacion\/","title":{"rendered":"La Gobernaci\u00f3n de Arauca impulsa la educaci\u00f3n STEM en la 7\u00aa Feria de Ciencia, Tecnolog\u00eda e Innovaci\u00f3n"},"content":{"rendered":"\n[et_pb_section fb_built=\u00bb1&#8243; theme_builder_area=\u00bbpost_content\u00bb _builder_version=\u00bb4.27.2&#8243; _module_preset=\u00bbdefault\u00bb][et_pb_row _builder_version=\u00bb4.27.2&#8243; _module_preset=\u00bbdefault\u00bb theme_builder_area=\u00bbpost_content\u00bb][et_pb_column _builder_version=\u00bb4.27.2&#8243; _module_preset=\u00bbdefault\u00bb type=\u00bb4_4&#8243; theme_builder_area=\u00bbpost_content\u00bb][et_pb_text _builder_version=\u00bb4.27.2&#8243; _module_preset=\u00bbdefault\u00bb theme_builder_area=\u00bbpost_content\u00bb custom_margin=\u00bb-20px||||false|false\u00bb hover_enabled=\u00bb0&#8243; sticky_enabled=\u00bb0&#8243;]<p style=\"text-align: justify;\"><strong>Arauca, 24 de octubre de 2024.<\/strong> \u2013 La Gobernaci\u00f3n de Arauca, a trav\u00e9s de la Secretar\u00eda de Educaci\u00f3n Departamental, particip\u00f3 con entusiasmo en la 7\u00aa Feria de Ciencia, Tecnolog\u00eda e Innovaci\u00f3n del colegio Pablo Neruda Arauca. Este evento se convirti\u00f3 en una plataforma destacada para que nuestros talentosos estudiantes exhiban innovadores proyectos cient\u00edficos y de investigaci\u00f3n, contribuyendo as\u00ed a un futuro sostenible.<\/p>\n<p style=\"text-align: justify;\">El secretario de Educaci\u00f3n, Ariel Pedraza Pinz\u00f3n, en representaci\u00f3n del gobernador Renson Mart\u00ednez Prada, enfatiz\u00f3 la importancia de la educaci\u00f3n como motor para el desarrollo territorial. Durante su intervenci\u00f3n, anim\u00f3 a los estudiantes a so\u00f1ar en grande, a formarse y profesionalizarse, con el fin de contribuir a la paz y el bienestar del Departamento.<\/p>\n<p style=\"text-align: justify;\">\u201cCada proyecto presentado es una muestra del potencial de nuestra juventud. Desde la Gobernaci\u00f3n, estamos comprometidos con la inversi\u00f3n en educaci\u00f3n STEM y emprendimiento, generando oportunidades que permiten a nuestros estudiantes convertirse en l\u00edderes y agentes de cambio en sus comunidades\u201d, asegur\u00f3 el secretario Pedraza.<\/p>\n<p style=\"text-align: justify;\">Estas ferias no solo promueven la creatividad y la innovaci\u00f3n, sino que tambi\u00e9n contribuyen al desarrollo econ\u00f3mico y social de nuestra regi\u00f3n. Al fomentar el inter\u00e9s en las ciencias y la tecnolog\u00eda, el Gobierno departamental busca preparar a los estudiantes para enfrentar los desaf\u00edos del futuro y ser protagonistas de su propio desarrollo.<\/p>\n<p style=\"text-align: justify;\">La 7\u00aa Feria de Ciencia, Tecnolog\u00eda e Innovaci\u00f3n reafirma el compromiso de la Gobernaci\u00f3n de Arauca por construir un entorno educativo que estimule el pensamiento cr\u00edtico y la investigaci\u00f3n, elementos esenciales para el crecimiento y progreso de nuestra\u00a0sociedad.<\/p>[\/et_pb_text][\/et_pb_column][\/et_pb_row][et_pb_row _builder_version=\u00bb4.27.2&#8243; _module_preset=\u00bbdefault\u00bb theme_builder_area=\u00bbpost_content\u00bb][et_pb_column _builder_version=\u00bb4.27.2&#8243; _module_preset=\u00bbdefault\u00bb type=\u00bb4_4&#8243; theme_builder_area=\u00bbpost_content\u00bb][et_pb_gallery _builder_version=\u00bb4.27.2&#8243; _module_preset=\u00bbdefault\u00bb theme_builder_area=\u00bbpost_content\u00bb gallery_ids=\u00bb9831,9844,9843,9842,9841,9840,9839,9838,9837,9836,9835,9834,9833,9832&#8243; hover_enabled=\u00bb0&#8243; sticky_enabled=\u00bb0&#8243; gallery_orderby=\u00bbrand\u00bb][\/et_pb_gallery][\/et_pb_column][\/et_pb_row][\/et_pb_section]\n","protected":false},"excerpt":{"rendered":"<p>Arauca, 24 de octubre de 2024. \u2013 La Gobernaci\u00f3n de Arauca, a trav\u00e9s de la Secretar\u00eda de Educaci\u00f3n Departamental, particip\u00f3 con entusiasmo en la 7\u00aa Feria de Ciencia, Tecnolog\u00eda e Innovaci\u00f3n del colegio Pablo Neruda Arauca. Este evento se convirti\u00f3 en una plataforma destacada para que nuestros talentosos estudiantes exhiban innovadores proyectos cient\u00edficos y de [&hellip;]<\/p>\n","protected":false},"author":1,"featured_media":9828,"comment_status":"closed","ping_status":"closed","sticky":false,"template":"","format":"standard","meta":{"_et_pb_use_builder":"on","_et_pb_old_content":"","_et_gb_content_width":"","footnotes":""},"categories":[6],"tags":[],"class_list":["post-9825","post","type-post","status-publish","format-standard","has-post-thumbnail","hentry","category-noticias"],"_links":{"self":[{"href":"https:\/\/www.sedarauca.edu.co\/index.php\/wp-json\/wp\/v2\/posts\/9825","targetHints":{"allow":["GET"]}}],"collection":[{"href":"https:\/\/www.sedarauca.edu.co\/index.php\/wp-json\/wp\/v2\/posts"}],"about":[{"href":"https:\/\/www.sedarauca.edu.co\/index.php\/wp-json\/wp\/v2\/types\/post"}],"author":[{"embeddable":true,"href":"https:\/\/www.sedarauca.edu.co\/index.php\/wp-json\/wp\/v2\/users\/1"}],"replies":[{"embeddable":true,"href":"https:\/\/www.sedarauca.edu.co\/index.php\/wp-json\/wp\/v2\/comments?post=9825"}],"version-history":[{"count":4,"href":"https:\/\/www.sedarauca.edu.co\/index.php\/wp-json\/wp\/v2\/posts\/9825\/revisions"}],"predecessor-version":[{"id":9866,"href":"https:\/\/www.sedarauca.edu.co\/index.php\/wp-json\/wp\/v2\/posts\/9825\/revisions\/9866"}],"wp:featuredmedia":[{"embeddable":true,"href":"https:\/\/www.sedarauca.edu.co\/index.php\/wp-json\/wp\/v2\/media\/9828"}],"wp:attachment":[{"href":"https:\/\/www.sedarauca.edu.co\/index.php\/wp-json\/wp\/v2\/media?parent=9825"}],"wp:term":[{"taxonomy":"category","embeddable":true,"href":"https:\/\/www.sedarauca.edu.co\/index.php\/wp-json\/wp\/v2\/categories?post=9825"},{"taxonomy":"post_tag","embeddable":true,"href":"https:\/\/www.sedarauca.edu.co\/index.php\/wp-json\/wp\/v2\/tags?post=9825"}],"curies":[{"name":"wp","href":"https:\/\/api.w.org\/{rel}","templated":true}]}}