{"id":9812,"date":"2024-11-01T16:09:00","date_gmt":"2024-11-01T21:09:00","guid":{"rendered":"https:\/\/www.sedarauca.edu.co\/?p=9812"},"modified":"2024-11-02T11:25:26","modified_gmt":"2024-11-02T16:25:26","slug":"citacion-audiencia-publica-opec-182613-y-182616-rural-y-no-rural-escogencia-de-vacante-definitiva-en-establecimiento-educativo-para-los-cargos-de-docente-coordinador-primaria-y-preescolar-p","status":"publish","type":"post","link":"https:\/\/www.sedarauca.edu.co\/index.php\/2024\/11\/01\/citacion-audiencia-publica-opec-182613-y-182616-rural-y-no-rural-escogencia-de-vacante-definitiva-en-establecimiento-educativo-para-los-cargos-de-docente-coordinador-primaria-y-preescolar-p\/","title":{"rendered":"Citaci\u00f3n Audiencia P\u00fablica &#8211; OPEC 182613 y 182616 &#8211; Rural y No Rural &#8211; Escogencia de vacante definitiva en establecimiento Educativo, para los cargos de Docente: Coordinador, Primaria y Preescolar &#8211; Poblaci\u00f3n Mayoritaria &#8211; 2150 a 2237 de 2021 y 2316 de 2022, para el 06 de noviembre de 2024"},"content":{"rendered":"<p>[et_pb_section fb_built=\u00bb1&#8243; theme_builder_area=\u00bbpost_content\u00bb _builder_version=\u00bb4.27.2&#8243; _module_preset=\u00bbdefault\u00bb][et_pb_row _builder_version=\u00bb4.27.2&#8243; _module_preset=\u00bbdefault\u00bb theme_builder_area=\u00bbpost_content\u00bb][et_pb_column _builder_version=\u00bb4.27.2&#8243; _module_preset=\u00bbdefault\u00bb type=\u00bb4_4&#8243; theme_builder_area=\u00bbpost_content\u00bb][et_pb_text _builder_version=\u00bb4.27.2&#8243; _module_preset=\u00bbdefault\u00bb theme_builder_area=\u00bbpost_content\u00bb custom_margin=\u00bb-20px||||false|false\u00bb hover_enabled=\u00bb0&#8243; sticky_enabled=\u00bb0&#8243;]<\/p>\n<p style=\"text-align: justify;\"><span data-olk-copy-source=\"MessageBody\"><strong>Citaci\u00f3n Audiencia P\u00fablica &#8211; OPEC 182613 y 182616 &#8211; Rural y No Rural.<\/strong> <\/span><\/p>\n<p style=\"text-align: justify;\"><span data-olk-copy-source=\"MessageBody\">Entidad Territorial Certificada en Educaci\u00f3n Departamental de Arauca, para escogencia de vacante definitiva en establecimiento Educativo, para los cargos de Docente: Coordinador, Primaria y Preescolar. Proceso de Selecci\u00f3n Directivos Docentes y Docentes &#8211; Poblaci\u00f3n Mayoritaria &#8211; 2150 a 2237 de 2021 y 2316 de 2022, la cual est\u00e1 programada para el d\u00eda 06 de noviembre de 2024.<\/span><\/p>\n<p style=\"text-align: justify;\"><span>Est\u00e1s invitado a Audiencia Virtual Vacancia Definitiva &#8211; CNSC <\/span><\/p>\n<p style=\"text-align: justify;\"><span>Fecha:<strong> Mi\u00e9rcoles 06 de noviembre de\u00a0 2024.<\/strong><\/span><\/p>\n<p style=\"text-align: justify;\"><span>Hora:<strong> 3:00 p. m.\u20146:00 p. m.<\/strong><\/span><\/p>\n<p style=\"text-align: left;\">Enlace: <a data-auth=\"NotApplicable\" rel=\"noreferrer noopener\" target=\"_blank\" href=\"https:\/\/teams.microsoft.com\/l\/meetup-join\/19%3ameeting_YTU1MTQ4YjMtNzljNy00MDJkLTlmMWEtNjQ4OGU3ZGVjMDI1%40thread.v2\/0?context=%7b%22Tid%22%3a%22e1fe57c8-bc2b-42ef-b0ec-066fb1e1cef1%22%2c%22Oid%22%3a%22401a3fbe-c792-4a08-a4fb-f97c3b48f8db%22%7d\" data-linkindex=\"0\">https:\/\/teams.microsoft.com\/l\/meetup-join\/19%3ameeting_YTU1MTQ4YjMtNzljNy00MDJkLTlmMWEtNjQ4OGU3ZGVjMDI1%40thread.v2\/0?context=%7b%22Tid%22%3a%22e1fe57c8-bc2b-42ef-b0ec-066fb1e1cef1%22%2c%22Oid%22%3a%22401a3fbe-c792-4a08-a4fb-f97c3b48f8db%22%7d<\/a><span>\u00a0<em>Pulsa en el v\u00ednculo o p\u00e9galo en un explorador para unirte.<\/em><\/span><\/p>\n<p>[\/et_pb_text][\/et_pb_column][\/et_pb_row][et_pb_row _builder_version=\u00bb4.27.2&#8243; _module_preset=\u00bbdefault\u00bb theme_builder_area=\u00bbpost_content\u00bb link_option_url=\u00bbhttps:\/\/www.sedarauca.edu.co\/wp-content\/uploads\/2024\/11\/06_11_2024_audiencia_docente_departamento_de_arauca.pdf\u00bb link_option_url_new_window=\u00bbon\u00bb hover_enabled=\u00bb0&#8243; sticky_enabled=\u00bb0&#8243;][et_pb_column _builder_version=\u00bb4.27.2&#8243; _module_preset=\u00bbdefault\u00bb type=\u00bb4_4&#8243; theme_builder_area=\u00bbpost_content\u00bb][et_pb_code _builder_version=\u00bb4.27.2&#8243; _module_preset=\u00bbdefault\u00bb theme_builder_area=\u00bbpost_content\u00bb link_option_url=\u00bbhttps:\/\/www.sedarauca.edu.co\/wp-content\/uploads\/2024\/11\/06_11_2024_audiencia_docente_departamento_de_arauca.pdf\u00bb link_option_url_new_window=\u00bbon\u00bb hover_enabled=\u00bb0&#8243; sticky_enabled=\u00bb0&#8243;]<a href=\"https:\/\/www.sedarauca.edu.co\/wp-content\/uploads\/2024\/11\/06_11_2024_audiencia_docente_departamento_de_arauca.pdf\" class=\"pdfemb-viewer\" style=\"\" data-width=\"max\" data-height=\"max\" data-toolbar=\"bottom\" data-toolbar-fixed=\"on\">06_11_2024_audiencia_docente_departamento_de_arauca<\/a>[\/et_pb_code][\/et_pb_column][\/et_pb_row][et_pb_row _builder_version=\u00bb4.27.2&#8243; _module_preset=\u00bbdefault\u00bb theme_builder_area=\u00bbpost_content\u00bb link_option_url=\u00bbhttps:\/\/www.sedarauca.edu.co\/wp-content\/uploads\/2024\/11\/06_11_2024_opec_docente-_departamento_de_arauca.pdf\u00bb link_option_url_new_window=\u00bbon\u00bb hover_enabled=\u00bb0&#8243; sticky_enabled=\u00bb0&#8243;][et_pb_column _builder_version=\u00bb4.27.2&#8243; _module_preset=\u00bbdefault\u00bb type=\u00bb4_4&#8243; theme_builder_area=\u00bbpost_content\u00bb][et_pb_code _builder_version=\u00bb4.27.2&#8243; _module_preset=\u00bbdefault\u00bb theme_builder_area=\u00bbpost_content\u00bb link_option_url=\u00bbhttps:\/\/www.sedarauca.edu.co\/wp-content\/uploads\/2024\/11\/06_11_2024_opec_docente-_departamento_de_arauca.pdf\u00bb link_option_url_new_window=\u00bbon\u00bb hover_enabled=\u00bb0&#8243; sticky_enabled=\u00bb0&#8243;]<a href=\"https:\/\/www.sedarauca.edu.co\/wp-content\/uploads\/2024\/11\/06_11_2024_opec_docente-_departamento_de_arauca.pdf\" class=\"pdfemb-viewer\" style=\"\" data-width=\"max\" data-height=\"max\" data-toolbar=\"bottom\" data-toolbar-fixed=\"on\">06_11_2024_opec_docente-_departamento_de_arauca<\/a>[\/et_pb_code][\/et_pb_column][\/et_pb_row][\/et_pb_section]<\/p>\n","protected":false},"excerpt":{"rendered":"<p>Citaci\u00f3n Audiencia P\u00fablica &#8211; OPEC 182613 y 182616 &#8211; Rural y No Rural. Entidad Territorial Certificada en Educaci\u00f3n Departamental de Arauca, para escogencia de vacante definitiva en establecimiento Educativo, para los cargos de Docente: Coordinador, Primaria y Preescolar. Proceso de Selecci\u00f3n Directivos Docentes y Docentes &#8211; Poblaci\u00f3n Mayoritaria &#8211; 2150 a 2237 de 2021 y [&hellip;]<\/p>\n","protected":false},"author":1,"featured_media":9815,"comment_status":"closed","ping_status":"closed","sticky":false,"template":"","format":"standard","meta":{"_et_pb_use_builder":"on","_et_pb_old_content":"","_et_gb_content_width":"","footnotes":""},"categories":[7,25],"tags":[],"class_list":["post-9812","post","type-post","status-publish","format-standard","has-post-thumbnail","hentry","category-convocatoria","category-publicacion"],"_links":{"self":[{"href":"https:\/\/www.sedarauca.edu.co\/index.php\/wp-json\/wp\/v2\/posts\/9812","targetHints":{"allow":["GET"]}}],"collection":[{"href":"https:\/\/www.sedarauca.edu.co\/index.php\/wp-json\/wp\/v2\/posts"}],"about":[{"href":"https:\/\/www.sedarauca.edu.co\/index.php\/wp-json\/wp\/v2\/types\/post"}],"author":[{"embeddable":true,"href":"https:\/\/www.sedarauca.edu.co\/index.php\/wp-json\/wp\/v2\/users\/1"}],"replies":[{"embeddable":true,"href":"https:\/\/www.sedarauca.edu.co\/index.php\/wp-json\/wp\/v2\/comments?post=9812"}],"version-history":[{"count":7,"href":"https:\/\/www.sedarauca.edu.co\/index.php\/wp-json\/wp\/v2\/posts\/9812\/revisions"}],"predecessor-version":[{"id":9823,"href":"https:\/\/www.sedarauca.edu.co\/index.php\/wp-json\/wp\/v2\/posts\/9812\/revisions\/9823"}],"wp:featuredmedia":[{"embeddable":true,"href":"https:\/\/www.sedarauca.edu.co\/index.php\/wp-json\/wp\/v2\/media\/9815"}],"wp:attachment":[{"href":"https:\/\/www.sedarauca.edu.co\/index.php\/wp-json\/wp\/v2\/media?parent=9812"}],"wp:term":[{"taxonomy":"category","embeddable":true,"href":"https:\/\/www.sedarauca.edu.co\/index.php\/wp-json\/wp\/v2\/categories?post=9812"},{"taxonomy":"post_tag","embeddable":true,"href":"https:\/\/www.sedarauca.edu.co\/index.php\/wp-json\/wp\/v2\/tags?post=9812"}],"curies":[{"name":"wp","href":"https:\/\/api.w.org\/{rel}","templated":true}]}}