{"id":9804,"date":"2024-10-30T14:41:00","date_gmt":"2024-10-30T19:41:00","guid":{"rendered":"https:\/\/www.sedarauca.edu.co\/?p=9804"},"modified":"2025-10-17T17:53:44","modified_gmt":"2025-10-17T22:53:44","slug":"abierta-convocatoria-para-docentes-y-directivos-docentes-interesados-en-el-proceso-de-traslado-ordinario-vigencia-2025","status":"publish","type":"post","link":"https:\/\/www.sedarauca.edu.co\/index.php\/2024\/10\/30\/abierta-convocatoria-para-docentes-y-directivos-docentes-interesados-en-el-proceso-de-traslado-ordinario-vigencia-2025\/","title":{"rendered":"Abierta convocatoria para docentes y directivos docentes interesados en el proceso de traslado ordinario vigencia 2025"},"content":{"rendered":"\n[et_pb_section fb_built=\u00bb1&#8243; _builder_version=\u00bb4.27.2&#8243; _module_preset=\u00bbdefault\u00bb global_colors_info=\u00bb{}\u00bb][et_pb_row _builder_version=\u00bb4.27.2&#8243; _module_preset=\u00bbdefault\u00bb global_colors_info=\u00bb{}\u00bb][et_pb_column type=\u00bb4_4&#8243; _builder_version=\u00bb4.27.2&#8243; _module_preset=\u00bbdefault\u00bb global_colors_info=\u00bb{}\u00bb][et_pb_text _builder_version=\u00bb4.27.2&#8243; _module_preset=\u00bbdefault\u00bb custom_margin=\u00bb-30px||||false|false\u00bb global_colors_info=\u00bb{}\u00bb]<p style=\"text-align: center;\"><em>El presente proceso permitir\u00e1 cubrir un total de 57 vacantes disponibles en los siete municipios del departamento de Arauca.<\/em><\/p>\n<p style=\"text-align: center;\"><em>Esta convocatoria est\u00e1 dirigida a docentes y directivos docentes en carrera administrativa, que laboran en las instituciones educativas oficiales.<\/em><\/p>[\/et_pb_text][\/et_pb_column][\/et_pb_row][et_pb_row _builder_version=\u00bb4.27.2&#8243; _module_preset=\u00bbdefault\u00bb global_colors_info=\u00bb{}\u00bb][et_pb_column type=\u00bb4_4&#8243; _builder_version=\u00bb4.27.2&#8243; _module_preset=\u00bbdefault\u00bb global_colors_info=\u00bb{}\u00bb][et_pb_text _builder_version=\u00bb4.27.2&#8243; _module_preset=\u00bbdefault\u00bb global_colors_info=\u00bb{}\u00bb]<p style=\"text-align: justify;\"><strong>Arauca, 29 de octubre de 2024<\/strong>. La Secretar\u00eda de Educaci\u00f3n Departamental de Arauca informa la apertura del proceso ordinario de traslados para docentes y directivos docentes con derechos de carrera, conforme a lo establecido en la Resoluci\u00f3n N.\u00b0 017172 de 2024, emitida por el Ministerio de Educaci\u00f3n Nacional el 4 de octubre de 2024, y mediante la Resoluci\u00f3n N.\u00b0 3565 de 2024 de la Secretar\u00eda de Educaci\u00f3n Departamental de Arauca.<\/p>\n<p style=\"text-align: justify;\">As\u00ed lo dio a conocer la Directora de Talento Humano de la Secretar\u00eda de Educaci\u00f3n Departamental de Arauca, Carmen Yiseth Garrido, quien indic\u00f3 que el proceso est\u00e1 dirigido exclusivamente a docentes y directivos docentes en carrera administrativa y que laboran en las instituciones educativas de la Entidad Territorial Certificad del Departamento. El listado completo de vacantes, junto con la ficha de inscripci\u00f3n y toda la informaci\u00f3n del proceso, est\u00e1 disponible en la p\u00e1gina web oficial www.sedarauca.gov.co, para que los interesados puedan acceder a la informaci\u00f3n de manera oportuna.<\/p>\n<p style=\"text-align: justify;\">\u201cLa Resoluci\u00f3n 3565 de 2024 fue expedida el 17 de octubre en cumplimiento de los lineamientos del Ministerio de Educaci\u00f3n Nacional. El periodo de inscripci\u00f3n para el traslado est\u00e1 habilitado desde el 18 de noviembre hasta el 05 de diciembre de 2024. Posteriormente, entre el 12 y el 18 de diciembre, se publicar\u00e1 el listado de docentes y directivos docentes seleccionados para el traslado\u201d, afirm\u00f3 Garrido.<\/p>\n<p style=\"text-align: justify;\">Adem\u00e1s, detall\u00f3 que del 19 de diciembre de 2024 al 09 de enero de 2025 se emitir\u00e1n los actos administrativos de traslado para quienes permanezcan dentro de la misma Entidad Territorial. Aquellos que sean trasladados a una entidad diferente recibir\u00e1n comunicaci\u00f3n en las mismas fechas, para que inicien el tr\u00e1mite del convenio interadministrativo con su entidad de origen.<\/p>\n<p style=\"text-align: justify;\">El Secretario de Educaci\u00f3n Departamental, Ariel Pedraza Pinz\u00f3n, extendi\u00f3 una invitaci\u00f3n a todos los docentes y directivos interesados en participar en el proceso de traslado a que revisen los requisitos y lineamientos con anticipaci\u00f3n. \u00abEs importante que quienes deseen postularse consulten a tiempo la documentaci\u00f3n requerida y las condiciones del proceso para asegurar su participaci\u00f3n en las fechas establecidas. Queremos que este proceso se realice de manera \u00e1gil y transparente, facilitando que cada docente encuentre las mejores oportunidades dentro del sistema educativo de Arauca\u00bb, se\u00f1al\u00f3 el Secretario.<\/p>\n<p style=\"text-align: justify;\">La Secretar\u00eda de Educaci\u00f3n Departamental de Arauc recuerda a todos los docentes y directivos interesados que el proceso se realizar\u00e1 \u00fanicamente en las fechas definidas y que aquellos que no cumplan con los t\u00e9rminos referenciados no podr\u00e1n acceder a\u00a0este\u00a0beneficio.<\/p>[\/et_pb_text][\/et_pb_column][\/et_pb_row][et_pb_row _builder_version=\u00bb4.27.2&#8243; _module_preset=\u00bbdefault\u00bb link_option_url=\u00bbhttps:\/\/www.sedarauca.edu.co\/wp-content\/uploads\/2024\/10\/RESOLUCION-3565-DE-2024-SE-CONVOCA-AL-PROCESO-ORDINARIO-DE-TRASLADO-DE-DOCENTES-Y-DIRECTIVOS-DOCENTES-2025-1.pdf\u00bb link_option_url_new_window=\u00bbon\u00bb global_colors_info=\u00bb{}\u00bb][et_pb_column type=\u00bb4_4&#8243; _builder_version=\u00bb4.27.2&#8243; _module_preset=\u00bbdefault\u00bb global_colors_info=\u00bb{}\u00bb][et_pb_code _builder_version=\u00bb4.27.2&#8243; _module_preset=\u00bbdefault\u00bb link_option_url=\u00bbhttps:\/\/www.sedarauca.edu.co\/wp-content\/uploads\/2024\/10\/RESOLUCION-3565-DE-2024-SE-CONVOCA-AL-PROCESO-ORDINARIO-DE-TRASLADO-DE-DOCENTES-Y-DIRECTIVOS-DOCENTES-2025-1.pdf\u00bb link_option_url_new_window=\u00bbon\u00bb global_colors_info=\u00bb{}\u00bb]<a href=\"https:\/\/www.sedarauca.edu.co\/wp-content\/uploads\/2024\/10\/RESOLUCION-3565-DE-2024-SE-CONVOCA-AL-PROCESO-ORDINARIO-DE-TRASLADO-DE-DOCENTES-Y-DIRECTIVOS-DOCENTES-2025-1.pdf\" class=\"pdfemb-viewer\" style=\"\" data-width=\"max\" data-height=\"max\" data-toolbar=\"bottom\" data-toolbar-fixed=\"on\">RESOLUCION-3565-DE-2024-SE-CONVOCA-AL-PROCESO-ORDINARIO-DE-TRASLADO-DE-DOCENTES-Y-DIRECTIVOS-DOCENTES-2025-1<\/a>[\/et_pb_code][\/et_pb_column][\/et_pb_row][et_pb_row _builder_version=\u00bb4.27.3&#8243; _module_preset=\u00bbdefault\u00bb][et_pb_column _builder_version=\u00bb4.27.3&#8243; _module_preset=\u00bbdefault\u00bb type=\u00bb4_4&#8243;][et_pb_divider _builder_version=\u00bb4.27.3&#8243; _module_preset=\u00bbdefault\u00bb hover_enabled=\u00bb0&#8243; sticky_enabled=\u00bb0&#8243;][\/et_pb_divider][\/et_pb_column][\/et_pb_row][et_pb_row _builder_version=\u00bb4.27.3&#8243; _module_preset=\u00bbdefault\u00bb][et_pb_column _builder_version=\u00bb4.27.3&#8243; _module_preset=\u00bbdefault\u00bb type=\u00bb4_4&#8243;][et_pb_text _builder_version=\u00bb4.27.3&#8243; _module_preset=\u00bbdefault\u00bb hover_enabled=\u00bb0&#8243; sticky_enabled=\u00bb0&#8243;]<p style=\"text-align: justify;\"><strong>RESOLUCI\u00d3N N\u00daMERO 3909 DEL 12 DE NOVIEMBRE DE 2024, Por la cual se modifica la RESOLUCI\u00d3N No. 3565 DEL 17 DE OCTUBRE DE 2024 \u00abPor la cual se convoca al Proceso Ordinario de Traslado de Docentes y Directivos Docentes estatales con derechos de carrera que laboran en Instituci\u00f3n Educativas del departamento de Arauca.\u00bb<\/strong><\/p>[\/et_pb_text][\/et_pb_column][\/et_pb_row][et_pb_row _builder_version=\u00bb4.27.3&#8243; _module_preset=\u00bbdefault\u00bb link_option_url=\u00bbhttps:\/\/www.sedarauca.edu.co\/wp-content\/uploads\/2024\/11\/RESOLUCION-N\u00b0-3909-DE-2024-SE-MODIFICA-LA-RESOLUCION-3565-DE-2024-TRASLADO-DE-DOCENTES-Y-DIRECTIVOS-DOCENTES.pdf\u00bb link_option_url_new_window=\u00bbon\u00bb hover_enabled=\u00bb0&#8243; sticky_enabled=\u00bb0&#8243;][et_pb_column _builder_version=\u00bb4.27.3&#8243; _module_preset=\u00bbdefault\u00bb type=\u00bb4_4&#8243;][et_pb_code _builder_version=\u00bb4.27.3&#8243; _module_preset=\u00bbdefault\u00bb hover_enabled=\u00bb0&#8243; sticky_enabled=\u00bb0&#8243; link_option_url=\u00bbhttps:\/\/www.sedarauca.edu.co\/wp-content\/uploads\/2024\/11\/RESOLUCION-N\u00b0-3909-DE-2024-SE-MODIFICA-LA-RESOLUCION-3565-DE-2024-TRASLADO-DE-DOCENTES-Y-DIRECTIVOS-DOCENTES.pdf\u00bb link_option_url_new_window=\u00bbon\u00bb]<a href=\"https:\/\/www.sedarauca.edu.co\/wp-content\/uploads\/2024\/11\/RESOLUCION-N\u00b0-3909-DE-2024-SE-MODIFICA-LA-RESOLUCION-3565-DE-2024-TRASLADO-DE-DOCENTES-Y-DIRECTIVOS-DOCENTES.pdf\" class=\"pdfemb-viewer\" style=\"\" data-width=\"max\" data-height=\"max\" data-toolbar=\"bottom\" data-toolbar-fixed=\"on\">RESOLUCION-N\u00b0-3909-DE-2024-SE-MODIFICA-LA-RESOLUCION-3565-DE-2024-TRASLADO-DE-DOCENTES-Y-DIRECTIVOS-DOCENTES<\/a>[\/et_pb_code][\/et_pb_column][\/et_pb_row][et_pb_row _builder_version=\u00bb4.27.3&#8243; _module_preset=\u00bbdefault\u00bb][et_pb_column _builder_version=\u00bb4.27.3&#8243; _module_preset=\u00bbdefault\u00bb type=\u00bb4_4&#8243;][et_pb_text _builder_version=\u00bb4.27.3&#8243; _module_preset=\u00bbdefault\u00bb hover_enabled=\u00bb0&#8243; sticky_enabled=\u00bb0&#8243;]<p style=\"text-align: justify;\"><strong>Formato de inscripci\u00f3n Proceso Ordinario de Traslados:<\/strong><\/p>[\/et_pb_text][\/et_pb_column][\/et_pb_row][et_pb_row _builder_version=\u00bb4.27.3&#8243; _module_preset=\u00bbdefault\u00bb link_option_url=\u00bbhttps:\/\/www.sedarauca.edu.co\/wp-content\/uploads\/2024\/11\/FORMATO-DE-INSCRIPCION-PROCESO-ORDINARIO-DE-TRASLADOS-2024.pdf\u00bb link_option_url_new_window=\u00bbon\u00bb hover_enabled=\u00bb0&#8243; sticky_enabled=\u00bb0&#8243;][et_pb_column _builder_version=\u00bb4.27.3&#8243; _module_preset=\u00bbdefault\u00bb type=\u00bb4_4&#8243;][et_pb_code _builder_version=\u00bb4.27.3&#8243; _module_preset=\u00bbdefault\u00bb hover_enabled=\u00bb0&#8243; sticky_enabled=\u00bb0&#8243; link_option_url=\u00bbhttps:\/\/www.sedarauca.edu.co\/wp-content\/uploads\/2024\/11\/FORMATO-DE-INSCRIPCION-PROCESO-ORDINARIO-DE-TRASLADOS-2024.pdf\u00bb link_option_url_new_window=\u00bbon\u00bb]<a href=\"https:\/\/www.sedarauca.edu.co\/wp-content\/uploads\/2024\/11\/FORMATO-DE-INSCRIPCION-PROCESO-ORDINARIO-DE-TRASLADOS-2024.pdf\" class=\"pdfemb-viewer\" style=\"\" data-width=\"max\" data-height=\"max\" data-toolbar=\"bottom\" data-toolbar-fixed=\"on\">FORMATO-DE-INSCRIPCION-PROCESO-ORDINARIO-DE-TRASLADOS-2024<\/a>[\/et_pb_code][\/et_pb_column][\/et_pb_row][\/et_pb_section]\n","protected":false},"excerpt":{"rendered":"<p>El presente proceso permitir\u00e1 cubrir un total de 57 vacantes disponibles en los siete municipios del departamento de Arauca. Esta convocatoria est\u00e1 dirigida a docentes y directivos docentes en carrera administrativa, que laboran en las instituciones educativas oficiales.Arauca, 29 de octubre de 2024. La Secretar\u00eda de Educaci\u00f3n Departamental de Arauca informa la apertura del proceso [&hellip;]<\/p>\n","protected":false},"author":1,"featured_media":12498,"comment_status":"closed","ping_status":"closed","sticky":false,"template":"","format":"standard","meta":{"_et_pb_use_builder":"on","_et_pb_old_content":"","_et_gb_content_width":"","footnotes":""},"categories":[7,6,28],"tags":[],"class_list":["post-9804","post","type-post","status-publish","format-standard","has-post-thumbnail","hentry","category-convocatoria","category-noticias","category-traslado"],"_links":{"self":[{"href":"https:\/\/www.sedarauca.edu.co\/index.php\/wp-json\/wp\/v2\/posts\/9804","targetHints":{"allow":["GET"]}}],"collection":[{"href":"https:\/\/www.sedarauca.edu.co\/index.php\/wp-json\/wp\/v2\/posts"}],"about":[{"href":"https:\/\/www.sedarauca.edu.co\/index.php\/wp-json\/wp\/v2\/types\/post"}],"author":[{"embeddable":true,"href":"https:\/\/www.sedarauca.edu.co\/index.php\/wp-json\/wp\/v2\/users\/1"}],"replies":[{"embeddable":true,"href":"https:\/\/www.sedarauca.edu.co\/index.php\/wp-json\/wp\/v2\/comments?post=9804"}],"version-history":[{"count":7,"href":"https:\/\/www.sedarauca.edu.co\/index.php\/wp-json\/wp\/v2\/posts\/9804\/revisions"}],"predecessor-version":[{"id":9916,"href":"https:\/\/www.sedarauca.edu.co\/index.php\/wp-json\/wp\/v2\/posts\/9804\/revisions\/9916"}],"wp:featuredmedia":[{"embeddable":true,"href":"https:\/\/www.sedarauca.edu.co\/index.php\/wp-json\/wp\/v2\/media\/12498"}],"wp:attachment":[{"href":"https:\/\/www.sedarauca.edu.co\/index.php\/wp-json\/wp\/v2\/media?parent=9804"}],"wp:term":[{"taxonomy":"category","embeddable":true,"href":"https:\/\/www.sedarauca.edu.co\/index.php\/wp-json\/wp\/v2\/categories?post=9804"},{"taxonomy":"post_tag","embeddable":true,"href":"https:\/\/www.sedarauca.edu.co\/index.php\/wp-json\/wp\/v2\/tags?post=9804"}],"curies":[{"name":"wp","href":"https:\/\/api.w.org\/{rel}","templated":true}]}}