{"id":9787,"date":"2024-10-29T07:12:00","date_gmt":"2024-10-29T12:12:00","guid":{"rendered":"https:\/\/www.sedarauca.edu.co\/?p=9787"},"modified":"2024-10-29T11:31:16","modified_gmt":"2024-10-29T16:31:16","slug":"atencion-padres-de-familia-ministerio-de-educacion-fija-incremento-de-matriculas-y-costos-educativos-en-colegios-privados-para-2025","status":"publish","type":"post","link":"https:\/\/www.sedarauca.edu.co\/index.php\/2024\/10\/29\/atencion-padres-de-familia-ministerio-de-educacion-fija-incremento-de-matriculas-y-costos-educativos-en-colegios-privados-para-2025\/","title":{"rendered":"\u00a1Atenci\u00f3n padres de familia! Ministerio de Educaci\u00f3n fija incremento de matr\u00edculas y costos educativos en colegios privados para 2025"},"content":{"rendered":"\n[et_pb_section fb_built=\u00bb1&#8243; _builder_version=\u00bb4.27.2&#8243; _module_preset=\u00bbdefault\u00bb global_colors_info=\u00bb{}\u00bb][et_pb_row _builder_version=\u00bb4.27.2&#8243; _module_preset=\u00bbdefault\u00bb][et_pb_column _builder_version=\u00bb4.27.2&#8243; _module_preset=\u00bbdefault\u00bb type=\u00bb4_4&#8243;][et_pb_text _builder_version=\u00bb4.27.2&#8243; _module_preset=\u00bbdefault\u00bb custom_margin=\u00bb-30px||||false|false\u00bb hover_enabled=\u00bb0&#8243; sticky_enabled=\u00bb0&#8243;]<p style=\"text-align: center;\"><em>A trav\u00e9s de la Resoluci\u00f3n 16763 de 2024, el Ministerio de Educaci\u00f3n Nacional estableci\u00f3 los topes m\u00e1ximos de incremento para matr\u00edculas y pensiones que deben aplicar los establecimientos educativos privados para el pr\u00f3ximo a\u00f1o.<\/em><\/p>\n<p style=\"text-align: justify;\">[\/et_pb_text][\/et_pb_column][\/et_pb_row][et_pb_row _builder_version=\u00bb4.27.2&#8243; _module_preset=\u00bbdefault\u00bb global_colors_info=\u00bb{}\u00bb][et_pb_column type=\u00bb4_4&#8243; _builder_version=\u00bb4.27.2&#8243; _module_preset=\u00bbdefault\u00bb global_colors_info=\u00bb{}\u00bb][et_pb_text _builder_version=\u00bb4.27.2&#8243; _module_preset=\u00bbdefault\u00bb hover_enabled=\u00bb0&#8243; global_colors_info=\u00bb{}\u00bb sticky_enabled=\u00bb0&#8243; custom_margin=\u00bb-20px||||false|false\u00bb]<p style=\"text-align: justify;\">El Ministerio de Educaci\u00f3n Nacional estableci\u00f3, a trav\u00e9s de la Resoluci\u00f3n 16763 del 30 de septiembre de 2024, los incrementos aplicables a las tarifas de matr\u00edculas y pensiones de los establecimientos educativos privados de preescolar, b\u00e1sica y media del pa\u00eds que se aplicar\u00e1n en el a\u00f1o escolar 2025.<\/p>\n<p style=\"text-align: justify;\">A trav\u00e9s de esta normativa, se fijan los topes m\u00e1ximos de aumento en matr\u00edculas y pensiones mensuales que podr\u00e1n aplicar los establecimientos educativos no oficiales para prestar el servicio para el pr\u00f3ximo a\u00f1o.<\/p>\n<p style=\"text-align: justify;\">Conforme a lo establecido por la cartera Educativa, la base de incremento se fijar\u00e1 de acuerdo con \u00cdndice de Precios al Consumidor &#8211; IPC con corte a agosto de 2024, emitido por el DANE, el cual se ubic\u00f3 en 6.12%.<\/p>\n<p style=\"text-align: justify;\"><strong>A partir de all\u00ed, cada establecimiento educativo podr\u00e1 acceder a puntos porcentuales adicionales fijos, de acuerdo con los siguientes criterios:<\/strong><\/p>\n<p style=\"text-align: justify;\">\u2022 Clasificaci\u00f3n por autoevaluaci\u00f3n institucional, definido por el r\u00e9gimen en el que se ubica el establecimiento educativo.<\/p>\n<p style=\"text-align: justify;\">\u2022 \u00cdndice de permanencia. De acuerdo con las 3 variables que hacen parte del \u00edndice, respecto al comportamiento de la matr\u00edcula registrada en el Sistema de Informaci\u00f3n de Matr\u00edcula &#8211; SIMAT de los a\u00f1os 2022 y 2023.<\/p>\n<p style=\"text-align: justify;\">Adicionalmente, los establecimientos educativos de car\u00e1cter privado podr\u00e1n acceder a puntos porcentuales por los siguientes conceptos:<\/p>\n<p style=\"text-align: justify;\">\u2022 Implementaci\u00f3n de estrategias de educaci\u00f3n inclusiva de acuerdo con el Decreto 1421 de 2017 que reporten matr\u00edcula en SIMAT con estudiantes en condiciones de discapacidad, con lo cual podr\u00e1n 0.25% adicional.<\/p>\n<p style=\"text-align: justify;\">\u2022 Los establecimientos educativos de car\u00e1cter privado que soporten que el pago de salario de al menos el ochenta por ciento (80%) de sus educadores se sujeta con la escala del escalaf\u00f3n docente del Decreto 2277 de 1979, podr\u00e1n incrementar 1.6 puntos porcentuales adicionales en los costros educativos para 2025.<\/p>\n<p style=\"text-align: justify;\">De acuerdo con esto, los incrementos en los costos educativos para los colegios privados en el a\u00f1o 2025 oscilar\u00e1n entre el 6.28% para un colegio ubicado en R\u00e9gimen Controlado y con \u00edndice de permanencia en bajo y al que no apliquen los puntos adicionales por educaci\u00f3n inclusiva y acuerdo de nivel salarial; hasta el 9.27%, para un colegio ubicado en Regulaci\u00f3n por certificaci\u00f3n de calidad, \u00edndice de permanencia alto, educaci\u00f3n inclusiva y nivelaci\u00f3n salarial con Fecode.<\/p>\n<p style=\"text-align: justify;\">El Ministerio de Educaci\u00f3n tambi\u00e9n aclara que son las Entidades Territoriales Certificadas las que expedir\u00e1n los actos administrativos para la fijaci\u00f3n del aumento de tarifas para 2025 antes que estos inicien su proceso de matr\u00edcula, especificando claramente el r\u00e9gimen en el que se ubica cada establecimiento educativo. Asimismo, es importante que cada establecimiento educativo especifique con claridad los porcentajes de aumento que aplicar\u00e1 y que los padres indaguen y confirmen la correcta aplicaci\u00f3n del incremento de acuerdo con las diferentes variables.<\/p>\n<p style=\"text-align: justify;\">Por otra parte, En el marco de la autonom\u00eda institucional, los establecimientos educativos privados podr\u00e1n otorgar descuentos a las familias sobre la tarifa autorizada. Estos descuentos deben ser detallados en el reglamento o manual de convivencia, registrados en el contrato de matr\u00edcula y reportados en el estado de p\u00e9rdidas y ganancias del establecimiento educativo el siguiente a\u00f1o en el proceso de autoevaluaci\u00f3n.<\/p>\n<p style=\"text-align: justify;\"><strong>Consideraciones adicionales:<\/strong><\/p>\n<p style=\"text-align: justify;\">La resoluci\u00f3n 16763 de 2024 indica, adicionalmente, que si bien es cierto que en caso de no percibir el pago oportuno de los valores de la matr\u00edcula o pensiones los establecimientos educativos de car\u00e1cter privado podr\u00e1n retener los informes de evaluaci\u00f3n de los estudiantes, a menos que los padres o responsables de esta obligaci\u00f3n puedan demostrar la imposibilidad de pago por justa causa, bajo ninguna circunstancia podr\u00e1n retener a los estudiantes en el SIMAT, suspender la prestaci\u00f3n del servicio, ni impedirles participar en el proceso educativo, lo que incluye presentar evaluaciones y\/o recuperaciones, retirarlos del sal\u00f3n de clase, participar de actividades pedag\u00f3gicas, y dem\u00e1s actividades acad\u00e9micas.<\/p>\n<p style=\"text-align: justify;\">Igualmente, establece que los colegios privados no podr\u00e1n incurrir en pr\u00e1cticas restrictivas al momento de solicitar materiales educativos, obligando la adquisici\u00f3n de \u00fatiles, textos o uniformes de marcas espec\u00edficas o impidiendo la concurrencia de m\u00faltiples proveedores; y que las listas de \u00fatiles escolares deben ser dadas a conocer con suficiente antelaci\u00f3n.<\/p>\n<p style=\"text-align: justify;\">Para conocer la Resoluci\u00f3n que establece el incremento en matr\u00edculas y pensiones para los colegios privados, consulte este enlace. Donde tambi\u00e9n podr\u00e1 conocer el \u00cdndice de Permanencia para cada establecimiento educativo de car\u00e1cter privado en el pa\u00eds.<\/p>\n<p style=\"text-align: justify;\">Las inquietudes e irregularidades que detecten los padres o acudientes sobre los materiales educativos y el alza de tarifas por encima de las permitidas en esta resoluci\u00f3n, deber\u00e1n realizarlas ante la Secretar\u00eda de Educaci\u00f3n de su jurisdicci\u00f3n a trav\u00e9s de los canales de atenci\u00f3n dispuestos por ellas para tal fin.<\/p>\n<p style=\"text-align: justify;\">As\u00ed mismo, el Ministerio de Educaci\u00f3n cuenta con la l\u00ednea gratuita nacional: 01 &#8211; 8000 &#8211; 910122 o la l\u00ednea 2222800. Adem\u00e1s, pueden enviar sus inquietudes en el sistema de Atenci\u00f3n al Ciudadano al correo atencionalciudadano@mineducacion.gov.co.<\/p>[\/et_pb_text][\/et_pb_column][\/et_pb_row][et_pb_row _builder_version=\u00bb4.27.2&#8243; _module_preset=\u00bbdefault\u00bb link_option_url=\u00bbhttps:\/\/www.sedarauca.edu.co\/wp-content\/uploads\/2024\/10\/Resolucion-016763-30-de-septiembre-de-2024-TARIFAS-2025-EE-PRIVADOS.pdf\u00bb link_option_url_new_window=\u00bbon\u00bb hover_enabled=\u00bb0&#8243; sticky_enabled=\u00bb0&#8243;][et_pb_column _builder_version=\u00bb4.27.2&#8243; _module_preset=\u00bbdefault\u00bb type=\u00bb4_4&#8243;][et_pb_code _builder_version=\u00bb4.27.2&#8243; _module_preset=\u00bbdefault\u00bb hover_enabled=\u00bb0&#8243; sticky_enabled=\u00bb0&#8243; link_option_url=\u00bbhttps:\/\/www.sedarauca.edu.co\/wp-content\/uploads\/2024\/10\/Resolucion-016763-30-de-septiembre-de-2024-TARIFAS-2025-EE-PRIVADOS.pdf\u00bb link_option_url_new_window=\u00bbon\u00bb]<a href=\"https:\/\/www.sedarauca.edu.co\/wp-content\/uploads\/2024\/10\/Resolucion-016763-30-de-septiembre-de-2024-TARIFAS-2025-EE-PRIVADOS.pdf\" class=\"pdfemb-viewer\" style=\"\" data-width=\"max\" data-height=\"max\" data-toolbar=\"bottom\" data-toolbar-fixed=\"on\">Resolucion-016763-30-de-septiembre-de-2024-TARIFAS-2025-EE-PRIVADOS<\/a>[\/et_pb_code][\/et_pb_column][\/et_pb_row][\/et_pb_section]\n","protected":false},"excerpt":{"rendered":"<p>A trav\u00e9s de la Resoluci\u00f3n 16763 de 2024, el Ministerio de Educaci\u00f3n Nacional estableci\u00f3 los topes m\u00e1ximos de incremento para matr\u00edculas y pensiones que deben aplicar los establecimientos educativos privados para el pr\u00f3ximo a\u00f1o. El Ministerio de Educaci\u00f3n Nacional estableci\u00f3, a trav\u00e9s de la Resoluci\u00f3n 16763 del 30 de septiembre de 2024, los incrementos aplicables [&hellip;]<\/p>\n","protected":false},"author":1,"featured_media":9799,"comment_status":"closed","ping_status":"closed","sticky":false,"template":"","format":"standard","meta":{"_et_pb_use_builder":"on","_et_pb_old_content":"","_et_gb_content_width":"","footnotes":""},"categories":[42,6],"tags":[],"class_list":["post-9787","post","type-post","status-publish","format-standard","has-post-thumbnail","hentry","category-men","category-noticias"],"_links":{"self":[{"href":"https:\/\/www.sedarauca.edu.co\/index.php\/wp-json\/wp\/v2\/posts\/9787","targetHints":{"allow":["GET"]}}],"collection":[{"href":"https:\/\/www.sedarauca.edu.co\/index.php\/wp-json\/wp\/v2\/posts"}],"about":[{"href":"https:\/\/www.sedarauca.edu.co\/index.php\/wp-json\/wp\/v2\/types\/post"}],"author":[{"embeddable":true,"href":"https:\/\/www.sedarauca.edu.co\/index.php\/wp-json\/wp\/v2\/users\/1"}],"replies":[{"embeddable":true,"href":"https:\/\/www.sedarauca.edu.co\/index.php\/wp-json\/wp\/v2\/comments?post=9787"}],"version-history":[{"count":7,"href":"https:\/\/www.sedarauca.edu.co\/index.php\/wp-json\/wp\/v2\/posts\/9787\/revisions"}],"predecessor-version":[{"id":9797,"href":"https:\/\/www.sedarauca.edu.co\/index.php\/wp-json\/wp\/v2\/posts\/9787\/revisions\/9797"}],"wp:featuredmedia":[{"embeddable":true,"href":"https:\/\/www.sedarauca.edu.co\/index.php\/wp-json\/wp\/v2\/media\/9799"}],"wp:attachment":[{"href":"https:\/\/www.sedarauca.edu.co\/index.php\/wp-json\/wp\/v2\/media?parent=9787"}],"wp:term":[{"taxonomy":"category","embeddable":true,"href":"https:\/\/www.sedarauca.edu.co\/index.php\/wp-json\/wp\/v2\/categories?post=9787"},{"taxonomy":"post_tag","embeddable":true,"href":"https:\/\/www.sedarauca.edu.co\/index.php\/wp-json\/wp\/v2\/tags?post=9787"}],"curies":[{"name":"wp","href":"https:\/\/api.w.org\/{rel}","templated":true}]}}