{"id":9730,"date":"2024-10-21T15:22:00","date_gmt":"2024-10-21T20:22:00","guid":{"rendered":"https:\/\/www.sedarauca.edu.co\/?p=9730"},"modified":"2024-10-21T20:10:42","modified_gmt":"2024-10-22T01:10:42","slug":"ferias-interinstitucionales-del-pae-promoviendo-estilos-de-vida-saludables-participacion-ciudadana-y-cuidado-del-medio-ambiente","status":"publish","type":"post","link":"https:\/\/www.sedarauca.edu.co\/index.php\/2024\/10\/21\/ferias-interinstitucionales-del-pae-promoviendo-estilos-de-vida-saludables-participacion-ciudadana-y-cuidado-del-medio-ambiente\/","title":{"rendered":"Ferias Interinstitucionales del PAE: Promoviendo Estilos de Vida Saludables, Participaci\u00f3n Ciudadana y Cuidado del Medio Ambiente"},"content":{"rendered":"<p>[et_pb_section fb_built=\u00bb1&#8243; theme_builder_area=\u00bbpost_content\u00bb _builder_version=\u00bb4.27.2&#8243; _module_preset=\u00bbdefault\u00bb][et_pb_row _builder_version=\u00bb4.27.2&#8243; _module_preset=\u00bbdefault\u00bb theme_builder_area=\u00bbpost_content\u00bb][et_pb_column _builder_version=\u00bb4.27.2&#8243; _module_preset=\u00bbdefault\u00bb type=\u00bb4_4&#8243; theme_builder_area=\u00bbpost_content\u00bb][et_pb_gallery _builder_version=\u00bb4.27.2&#8243; _module_preset=\u00bbdefault\u00bb theme_builder_area=\u00bbpost_content\u00bb gallery_ids=\u00bb9752,9751,9750,9749,9748,9747,9746,9745,9744,9743,9742,9741,9740,9739,9738,9737,9736,9735&#8243; hover_enabled=\u00bb0&#8243; sticky_enabled=\u00bb0&#8243; gallery_orderby=\u00bbrand\u00bb][\/et_pb_gallery][\/et_pb_column][\/et_pb_row][et_pb_row _builder_version=\u00bb4.27.2&#8243; _module_preset=\u00bbdefault\u00bb theme_builder_area=\u00bbpost_content\u00bb][et_pb_column _builder_version=\u00bb4.27.2&#8243; _module_preset=\u00bbdefault\u00bb type=\u00bb4_4&#8243; theme_builder_area=\u00bbpost_content\u00bb][et_pb_text _builder_version=\u00bb4.27.2&#8243; _module_preset=\u00bbdefault\u00bb theme_builder_area=\u00bbpost_content\u00bb custom_margin=\u00bb-40px||||false|false\u00bb hover_enabled=\u00bb0&#8243; sticky_enabled=\u00bb0&#8243;]<\/p>\n<p style=\"text-align: justify;\"><strong>Arauca, 21 de octubre de 2024.<\/strong> El Gobierno departamental sigue comprometido con el acceso a la educaci\u00f3n a trav\u00e9s del Programa de Alimentaci\u00f3n Escolar (PAE). Es as\u00ed, como la secretar\u00eda de Educaci\u00f3n departamental en articulaci\u00f3n con el INDER y la UAESA dise\u00f1aron una Feria que promueve h\u00e1bitos y estilos de vida saludables, as\u00ed como el cuidado del medio ambiente que se est\u00e1 trasladando a los municipios.<\/p>\n<p style=\"text-align: justify;\">En esta ocasi\u00f3n, llegaron a la Instituci\u00f3n Educativa Jos\u00e9 Asunci\u00f3n Silva, ubicada en la vereda Todos Los Santos del municipio de Arauca, donde los estudiantes disfrutaron de una jornada l\u00fadico-pedag\u00f3gica. La anterior feria se desarroll\u00f3 en el Centro Educativo Ind\u00edgena El Vig\u00eda de Arauquita.<\/p>\n<p>[\/et_pb_text][\/et_pb_column][\/et_pb_row][et_pb_row _builder_version=\u00bb4.27.2&#8243; _module_preset=\u00bbdefault\u00bb theme_builder_area=\u00bbpost_content\u00bb][et_pb_column _builder_version=\u00bb4.27.2&#8243; _module_preset=\u00bbdefault\u00bb type=\u00bb4_4&#8243; theme_builder_area=\u00bbpost_content\u00bb][et_pb_video src=\u00bbhttps:\/\/youtu.be\/g2VIx0jDMQQ\u00bb _builder_version=\u00bb4.27.2&#8243; _module_preset=\u00bbdefault\u00bb theme_builder_area=\u00bbpost_content\u00bb border_radii=\u00bbon|30px|30px|30px|30px\u00bb hover_enabled=\u00bb0&#8243; sticky_enabled=\u00bb0&#8243;][\/et_pb_video][\/et_pb_column][\/et_pb_row][et_pb_row _builder_version=\u00bb4.27.2&#8243; _module_preset=\u00bbdefault\u00bb theme_builder_area=\u00bbpost_content\u00bb][et_pb_column _builder_version=\u00bb4.27.2&#8243; _module_preset=\u00bbdefault\u00bb type=\u00bb4_4&#8243; theme_builder_area=\u00bbpost_content\u00bb][et_pb_text _builder_version=\u00bb4.27.2&#8243; _module_preset=\u00bbdefault\u00bb theme_builder_area=\u00bbpost_content\u00bb hover_enabled=\u00bb0&#8243; sticky_enabled=\u00bb0&#8243;]<\/p>\n<p style=\"text-align: justify;\">\u201cCon actividades l\u00fadico-pedag\u00f3gicas, ense\u00f1amos a nuestros ni\u00f1os a conocer los nutrientes que nos aportan las frutas y verduras, y a valorar los alimentos que reciben del PAE, evitando as\u00ed los desperdicios. Adem\u00e1s, se realizaron actividades deportivas y de salud, incluyendo la desparasitaci\u00f3n de los estudiantes.\u201d Asegur\u00f3 el secretario de Educaci\u00f3n, Ariel Pedraza Pinz\u00f3n. As\u00ed mismo, mencion\u00f3 que se revis\u00f3 el cumplimiento de la minuta del d\u00eda de lo que se iba a servir del PAE y se destac\u00f3 el trabajo de las manipuladoras de alimentos a quienes les dio un mensaje de agradecimiento de parte del gobernador Renson Mart\u00ednez Prada.<\/p>\n<p style=\"text-align: justify;\">Por su parte, el rector Jorge Alonso Camargo Rosado destac\u00f3 la labor del equipo PAE, reconociendo que del trabajo que realizan depende una mejor operaci\u00f3n del Programa en los territorios, as\u00ed como el avance en la planeaci\u00f3n para que los estudiantes puedan continuar benefici\u00e1ndose sin interrupci\u00f3n.<\/p>\n<p>[\/et_pb_text][\/et_pb_column][\/et_pb_row][et_pb_row _builder_version=\u00bb4.27.2&#8243; _module_preset=\u00bbdefault\u00bb column_structure=\u00bb1_5,3_5,1_5&#8243; theme_builder_area=\u00bbpost_content\u00bb][et_pb_column _builder_version=\u00bb4.27.2&#8243; _module_preset=\u00bbdefault\u00bb type=\u00bb1_5&#8243; theme_builder_area=\u00bbpost_content\u00bb][\/et_pb_column][et_pb_column _builder_version=\u00bb4.27.2&#8243; _module_preset=\u00bbdefault\u00bb type=\u00bb3_5&#8243; theme_builder_area=\u00bbpost_content\u00bb][et_pb_image src=\u00bbhttps:\/\/www.sedarauca.edu.co\/wp-content\/uploads\/2024\/10\/PaeFeria03.jpg\u00bb _builder_version=\u00bb4.27.2&#8243; _module_preset=\u00bbdefault\u00bb theme_builder_area=\u00bbpost_content\u00bb title_text=\u00bbPaeFeria03&#8243; hover_enabled=\u00bb0&#8243; sticky_enabled=\u00bb0&#8243;][\/et_pb_image][\/et_pb_column][et_pb_column _builder_version=\u00bb4.27.2&#8243; _module_preset=\u00bbdefault\u00bb type=\u00bb1_5&#8243; theme_builder_area=\u00bbpost_content\u00bb][\/et_pb_column][\/et_pb_row][et_pb_row _builder_version=\u00bb4.27.2&#8243; _module_preset=\u00bbdefault\u00bb column_structure=\u00bb1_2,1_2&#8243; theme_builder_area=\u00bbpost_content\u00bb][et_pb_column _builder_version=\u00bb4.27.2&#8243; _module_preset=\u00bbdefault\u00bb type=\u00bb1_2&#8243; theme_builder_area=\u00bbpost_content\u00bb][et_pb_image src=\u00bbhttps:\/\/www.sedarauca.edu.co\/wp-content\/uploads\/2024\/10\/PaeFeria02.jpg\u00bb _builder_version=\u00bb4.27.2&#8243; _module_preset=\u00bbdefault\u00bb theme_builder_area=\u00bbpost_content\u00bb title_text=\u00bbPaeFeria02&#8243; hover_enabled=\u00bb0&#8243; sticky_enabled=\u00bb0&#8243;][\/et_pb_image][\/et_pb_column][et_pb_column _builder_version=\u00bb4.27.2&#8243; _module_preset=\u00bbdefault\u00bb type=\u00bb1_2&#8243; theme_builder_area=\u00bbpost_content\u00bb][et_pb_image src=\u00bbhttps:\/\/www.sedarauca.edu.co\/wp-content\/uploads\/2024\/10\/PaeFeria01.jpg\u00bb _builder_version=\u00bb4.27.2&#8243; _module_preset=\u00bbdefault\u00bb theme_builder_area=\u00bbpost_content\u00bb title_text=\u00bbPaeFeria01&#8243; hover_enabled=\u00bb0&#8243; sticky_enabled=\u00bb0&#8243;][\/et_pb_image][\/et_pb_column][\/et_pb_row][et_pb_row _builder_version=\u00bb4.27.2&#8243; _module_preset=\u00bbdefault\u00bb theme_builder_area=\u00bbpost_content\u00bb][et_pb_column _builder_version=\u00bb4.27.2&#8243; _module_preset=\u00bbdefault\u00bb type=\u00bb4_4&#8243; theme_builder_area=\u00bbpost_content\u00bb][et_pb_text _builder_version=\u00bb4.27.2&#8243; _module_preset=\u00bbdefault\u00bb theme_builder_area=\u00bbpost_content\u00bb hover_enabled=\u00bb0&#8243; sticky_enabled=\u00bb0&#8243;]<\/p>\n<p style=\"text-align: justify;\">La personera del plantel, Brisney Ayala, destac\u00f3 la importancia de la participaci\u00f3n estudiantil en la promoci\u00f3n de h\u00e1bitos saludables y cuidado del medio ambiente y asegur\u00f3 un seguimiento al PAE que garantiza la entrega oportuna y en \u00f3ptimas condiciones de la materia prima.<\/p>\n<p style=\"text-align: justify;\">En este establecimiento educativo, 320 estudiantes se benefician del PAE, recibiendo un complemento almuerzo de lunes a viernes. A nivel departamental, 30.841 estudiantes se benefician del PAE, con una cobertura del 100% en el \u00e1rea rural y un 72% de cobertura general, avanzando hacia la universalizaci\u00f3n en el territorio araucano.<\/p>\n<p style=\"text-align: justify;\">De esta manera el PAE no solo beneficia la salud y el bienestar de los estudiantes, sino que tambi\u00e9n fomenta la permanencia en la escuela y reduce\u00a0el\u00a0ausentismo.<\/p>\n<p>[\/et_pb_text][\/et_pb_column][\/et_pb_row][\/et_pb_section]<\/p>\n","protected":false},"excerpt":{"rendered":"<p>Arauca, 21 de octubre de 2024. El Gobierno departamental sigue comprometido con el acceso a la educaci\u00f3n a trav\u00e9s del Programa de Alimentaci\u00f3n Escolar (PAE). Es as\u00ed, como la secretar\u00eda de Educaci\u00f3n departamental en articulaci\u00f3n con el INDER y la UAESA dise\u00f1aron una Feria que promueve h\u00e1bitos y estilos de vida saludables, as\u00ed como el [&hellip;]<\/p>\n","protected":false},"author":1,"featured_media":9731,"comment_status":"closed","ping_status":"closed","sticky":false,"template":"","format":"standard","meta":{"_et_pb_use_builder":"on","_et_pb_old_content":"","_et_gb_content_width":"","footnotes":""},"categories":[6,17],"tags":[],"class_list":["post-9730","post","type-post","status-publish","format-standard","has-post-thumbnail","hentry","category-noticias","category-pae"],"_links":{"self":[{"href":"https:\/\/www.sedarauca.edu.co\/index.php\/wp-json\/wp\/v2\/posts\/9730","targetHints":{"allow":["GET"]}}],"collection":[{"href":"https:\/\/www.sedarauca.edu.co\/index.php\/wp-json\/wp\/v2\/posts"}],"about":[{"href":"https:\/\/www.sedarauca.edu.co\/index.php\/wp-json\/wp\/v2\/types\/post"}],"author":[{"embeddable":true,"href":"https:\/\/www.sedarauca.edu.co\/index.php\/wp-json\/wp\/v2\/users\/1"}],"replies":[{"embeddable":true,"href":"https:\/\/www.sedarauca.edu.co\/index.php\/wp-json\/wp\/v2\/comments?post=9730"}],"version-history":[{"count":11,"href":"https:\/\/www.sedarauca.edu.co\/index.php\/wp-json\/wp\/v2\/posts\/9730\/revisions"}],"predecessor-version":[{"id":9767,"href":"https:\/\/www.sedarauca.edu.co\/index.php\/wp-json\/wp\/v2\/posts\/9730\/revisions\/9767"}],"wp:featuredmedia":[{"embeddable":true,"href":"https:\/\/www.sedarauca.edu.co\/index.php\/wp-json\/wp\/v2\/media\/9731"}],"wp:attachment":[{"href":"https:\/\/www.sedarauca.edu.co\/index.php\/wp-json\/wp\/v2\/media?parent=9730"}],"wp:term":[{"taxonomy":"category","embeddable":true,"href":"https:\/\/www.sedarauca.edu.co\/index.php\/wp-json\/wp\/v2\/categories?post=9730"},{"taxonomy":"post_tag","embeddable":true,"href":"https:\/\/www.sedarauca.edu.co\/index.php\/wp-json\/wp\/v2\/tags?post=9730"}],"curies":[{"name":"wp","href":"https:\/\/api.w.org\/{rel}","templated":true}]}}