{"id":9707,"date":"2024-10-19T08:46:00","date_gmt":"2024-10-19T13:46:00","guid":{"rendered":"https:\/\/www.sedarauca.edu.co\/?p=9707"},"modified":"2024-10-21T19:05:22","modified_gmt":"2024-10-22T00:05:22","slug":"arauca-cero-polvora-celebremos-con-seguridad-y-alegria-sin-riesgos","status":"publish","type":"post","link":"https:\/\/www.sedarauca.edu.co\/index.php\/2024\/10\/19\/arauca-cero-polvora-celebremos-con-seguridad-y-alegria-sin-riesgos\/","title":{"rendered":"\u201cArauca Cero P\u00f3lvora\u201d. Celebremos con Seguridad y Alegr\u00eda, Sin Riesgos"},"content":{"rendered":"<p>[et_pb_section fb_built=\u00bb1&#8243; theme_builder_area=\u00bbpost_content\u00bb _builder_version=\u00bb4.27.2&#8243; _module_preset=\u00bbdefault\u00bb][et_pb_row _builder_version=\u00bb4.27.2&#8243; _module_preset=\u00bbdefault\u00bb theme_builder_area=\u00bbpost_content\u00bb][et_pb_column _builder_version=\u00bb4.27.2&#8243; _module_preset=\u00bbdefault\u00bb type=\u00bb4_4&#8243; theme_builder_area=\u00bbpost_content\u00bb][et_pb_text _builder_version=\u00bb4.27.2&#8243; _module_preset=\u00bbdefault\u00bb theme_builder_area=\u00bbpost_content\u00bb custom_margin=\u00bb-20px||||false|false\u00bb hover_enabled=\u00bb0&#8243; sticky_enabled=\u00bb0&#8243;]<\/p>\n<p style=\"text-align: justify;\">El Gobierno Departamental de Arauca, liderado por el gobernador Renson Mart\u00ednez Prada, a trav\u00e9s de la Unidad Administrativa Especial de Salud de Arauca, lanza la iniciativa \u201cArauca Cero P\u00f3lvora\u201d, una campa\u00f1a que busca proteger a nuestra comunidad durante las festividades, promoviendo la seguridad y el bienestar de todos, especialmente de nuestros ni\u00f1os.<\/p>\n<p style=\"text-align: justify;\">La directora Ana Zuleyma Mendoza Ni\u00f1o,destac\u00f3, \u201cNuestro objetivo es sensibilizar a la comunidad sobre los graves riesgos del uso de la p\u00f3lvora. Queremos que las familias encuentren maneras seguras de celebrar, utilizando alternativas como luces y decoraciones festivas, sin exponer a los m\u00e1s vulnerables a peligros innecesarios.\u201d<\/p>\n<p>[\/et_pb_text][\/et_pb_column][\/et_pb_row][et_pb_row _builder_version=\u00bb4.27.2&#8243; _module_preset=\u00bbdefault\u00bb column_structure=\u00bb1_5,3_5,1_5&#8243; theme_builder_area=\u00bbpost_content\u00bb][et_pb_column _builder_version=\u00bb4.27.2&#8243; _module_preset=\u00bbdefault\u00bb type=\u00bb1_5&#8243; theme_builder_area=\u00bbpost_content\u00bb][\/et_pb_column][et_pb_column _builder_version=\u00bb4.27.2&#8243; _module_preset=\u00bbdefault\u00bb type=\u00bb3_5&#8243; theme_builder_area=\u00bbpost_content\u00bb][et_pb_image src=\u00bbhttps:\/\/www.sedarauca.edu.co\/wp-content\/uploads\/2024\/10\/Polvora02.jpg\u00bb _builder_version=\u00bb4.27.2&#8243; _module_preset=\u00bbdefault\u00bb theme_builder_area=\u00bbpost_content\u00bb title_text=\u00bbPolvora02&#8243; hover_enabled=\u00bb0&#8243; sticky_enabled=\u00bb0&#8243;][\/et_pb_image][\/et_pb_column][et_pb_column _builder_version=\u00bb4.27.2&#8243; _module_preset=\u00bbdefault\u00bb type=\u00bb1_5&#8243; theme_builder_area=\u00bbpost_content\u00bb][\/et_pb_column][\/et_pb_row][et_pb_row _builder_version=\u00bb4.27.2&#8243; _module_preset=\u00bbdefault\u00bb theme_builder_area=\u00bbpost_content\u00bb][et_pb_column _builder_version=\u00bb4.27.2&#8243; _module_preset=\u00bbdefault\u00bb type=\u00bb4_4&#8243; theme_builder_area=\u00bbpost_content\u00bb][et_pb_text _builder_version=\u00bb4.27.2&#8243; _module_preset=\u00bbdefault\u00bb theme_builder_area=\u00bbpost_content\u00bb hover_enabled=\u00bb0&#8243; sticky_enabled=\u00bb0&#8243;]<\/p>\n<p style=\"text-align: justify;\">Mientras que Ana Victoria Estupi\u00f1\u00e1n, l\u00edder de la Dimensi\u00f3n de Vida Saludable y Enfermedades No Transmisibles, destac\u00f3: \u201cNuestro objetivo es sensibilizar a la comunidad sobre los graves riesgos del uso de la p\u00f3lvora. Queremos que las familias encuentren maneras seguras de celebrar, utilizando alternativas como luces y decoraciones festivas, sin exponer a los m\u00e1s vulnerables a peligros innecesarios.\u201d<\/p>\n<p style=\"text-align: justify;\">Adem\u00e1s, esta iniciativa hace un llamado a la responsabilidad familiar para mantener a los menores alejados de cualquier riesgo relacionado con la p\u00f3lvora.<\/p>\n<p style=\"text-align: justify;\">El Gobierno Departamental invita a todas las instituciones, organizaciones y a la comunidad en general a unirse a esta causa.<\/p>\n<p style=\"text-align: justify;\"><em>Arauca, juntos por una celebraci\u00f3n\u00a0sin\u00a0p\u00f3lvora<\/em><\/p>\n<p>[\/et_pb_text][\/et_pb_column][\/et_pb_row][et_pb_row _builder_version=\u00bb4.27.2&#8243; _module_preset=\u00bbdefault\u00bb column_structure=\u00bb1_5,3_5,1_5&#8243; theme_builder_area=\u00bbpost_content\u00bb][et_pb_column _builder_version=\u00bb4.27.2&#8243; _module_preset=\u00bbdefault\u00bb type=\u00bb1_5&#8243; theme_builder_area=\u00bbpost_content\u00bb][\/et_pb_column][et_pb_column _builder_version=\u00bb4.27.2&#8243; _module_preset=\u00bbdefault\u00bb type=\u00bb3_5&#8243; theme_builder_area=\u00bbpost_content\u00bb][et_pb_audio title=\u00bbArauca, cero p\u00f3lvora\u00bb artist_name=\u00bbUnidad Administrativa Especial de Arauca\u00bb _builder_version=\u00bb4.27.2&#8243; _module_preset=\u00bbdefault\u00bb theme_builder_area=\u00bbpost_content\u00bb title_text=\u00bbArauca cero p\u00f3lvora &#8211; Unidad Admtva Especial de Arauca\u00bb audio=\u00bbhttps:\/\/www.sedarauca.edu.co\/wp-content\/uploads\/2024\/10\/Arauca-cero-polvora-Unidad-Admtva-Especial-de-Arauca.mp3&#8243; border_radii=\u00bbon|30px|30px|30px|30px\u00bb hover_enabled=\u00bb0&#8243; sticky_enabled=\u00bb0&#8243;][\/et_pb_audio][\/et_pb_column][et_pb_column _builder_version=\u00bb4.27.2&#8243; _module_preset=\u00bbdefault\u00bb type=\u00bb1_5&#8243; theme_builder_area=\u00bbpost_content\u00bb][\/et_pb_column][\/et_pb_row][\/et_pb_section]<\/p>\n","protected":false},"excerpt":{"rendered":"<p>El Gobierno Departamental de Arauca, liderado por el gobernador Renson Mart\u00ednez Prada, a trav\u00e9s de la Unidad Administrativa Especial de Salud de Arauca, lanza la iniciativa \u201cArauca Cero P\u00f3lvora\u201d, una campa\u00f1a que busca proteger a nuestra comunidad durante las festividades, promoviendo la seguridad y el bienestar de todos, especialmente de nuestros ni\u00f1os. La directora Ana [&hellip;]<\/p>\n","protected":false},"author":1,"featured_media":9708,"comment_status":"closed","ping_status":"closed","sticky":false,"template":"","format":"standard","meta":{"_et_pb_use_builder":"on","_et_pb_old_content":"","_et_gb_content_width":"","footnotes":""},"categories":[6],"tags":[],"class_list":["post-9707","post","type-post","status-publish","format-standard","has-post-thumbnail","hentry","category-noticias"],"_links":{"self":[{"href":"https:\/\/www.sedarauca.edu.co\/index.php\/wp-json\/wp\/v2\/posts\/9707","targetHints":{"allow":["GET"]}}],"collection":[{"href":"https:\/\/www.sedarauca.edu.co\/index.php\/wp-json\/wp\/v2\/posts"}],"about":[{"href":"https:\/\/www.sedarauca.edu.co\/index.php\/wp-json\/wp\/v2\/types\/post"}],"author":[{"embeddable":true,"href":"https:\/\/www.sedarauca.edu.co\/index.php\/wp-json\/wp\/v2\/users\/1"}],"replies":[{"embeddable":true,"href":"https:\/\/www.sedarauca.edu.co\/index.php\/wp-json\/wp\/v2\/comments?post=9707"}],"version-history":[{"count":5,"href":"https:\/\/www.sedarauca.edu.co\/index.php\/wp-json\/wp\/v2\/posts\/9707\/revisions"}],"predecessor-version":[{"id":9717,"href":"https:\/\/www.sedarauca.edu.co\/index.php\/wp-json\/wp\/v2\/posts\/9707\/revisions\/9717"}],"wp:featuredmedia":[{"embeddable":true,"href":"https:\/\/www.sedarauca.edu.co\/index.php\/wp-json\/wp\/v2\/media\/9708"}],"wp:attachment":[{"href":"https:\/\/www.sedarauca.edu.co\/index.php\/wp-json\/wp\/v2\/media?parent=9707"}],"wp:term":[{"taxonomy":"category","embeddable":true,"href":"https:\/\/www.sedarauca.edu.co\/index.php\/wp-json\/wp\/v2\/categories?post=9707"},{"taxonomy":"post_tag","embeddable":true,"href":"https:\/\/www.sedarauca.edu.co\/index.php\/wp-json\/wp\/v2\/tags?post=9707"}],"curies":[{"name":"wp","href":"https:\/\/api.w.org\/{rel}","templated":true}]}}