{"id":9666,"date":"2024-10-15T16:47:00","date_gmt":"2024-10-15T21:47:00","guid":{"rendered":"https:\/\/www.sedarauca.edu.co\/?p=9666"},"modified":"2024-10-17T12:11:28","modified_gmt":"2024-10-17T17:11:28","slug":"convocatoria-a-las-autoridades-indigenas-a-manifestar-interes-en-la-ejecucion-del-programa-de-alimentacion-escolar-pae-2025-en-establecimientos-educativos-con-poblacion-mayoritariamente-indigena-o-u","status":"publish","type":"post","link":"https:\/\/www.sedarauca.edu.co\/index.php\/2024\/10\/15\/convocatoria-a-las-autoridades-indigenas-a-manifestar-interes-en-la-ejecucion-del-programa-de-alimentacion-escolar-pae-2025-en-establecimientos-educativos-con-poblacion-mayoritariamente-indigena-o-u\/","title":{"rendered":"Convocatoria a las autoridades ind\u00edgenas a manifestar inter\u00e9s en la ejecuci\u00f3n del Programa de Alimentaci\u00f3n Escolar -PAE- 2025 en establecimientos educativos con poblaci\u00f3n mayoritariamente ind\u00edgena o ubicados en territorios ind\u00edgenas"},"content":{"rendered":"\n[et_pb_section fb_built=\u00bb1&#8243; _builder_version=\u00bb4.27.2&#8243; _module_preset=\u00bbdefault\u00bb global_colors_info=\u00bb{}\u00bb][et_pb_row _builder_version=\u00bb4.27.2&#8243; _module_preset=\u00bbdefault\u00bb global_colors_info=\u00bb{}\u00bb][et_pb_column type=\u00bb4_4&#8243; _builder_version=\u00bb4.27.2&#8243; _module_preset=\u00bbdefault\u00bb global_colors_info=\u00bb{}\u00bb][et_pb_text _builder_version=\u00bb4.27.2&#8243; _module_preset=\u00bbdefault\u00bb custom_margin=\u00bb-20px||||false|false\u00bb global_colors_info=\u00bb{}\u00bb]<p style=\"text-align: center;\">EL SUSCRITO SECRETARIO DE EDUCACI\u00d3N DEPARTAMENTAL<\/p>\n<p style=\"text-align: justify;\">En cumplimiento a lo dispuesto en el numeral 5.1 de la Resoluci\u00f3n 18858 de 2018, \u201cPOR LA CUAL SE EXPIDEN LOS LINEAMIENTOS T\u00c9CNICOS &#8211; ADMINISTRATIVOS, LOS EST\u00c1NDARES Y LAS CONDICIONES M\u00cdNIMAS DEL PROGRAMA DE ALIMENTACI\u00d3N ESCOLAR \u2013 PAE PARA PUEBLOS IND\u00cdGENAS\u201d y en aras de avanzar con las etapas previas a la celebraci\u00f3n de los futuros contratos que garanticen la prestaci\u00f3n del servicio de alimentaci\u00f3n escolar desde el primer d\u00eda de calendario acad\u00e9mico 2025, se<\/p>\n<p style=\"text-align: center;\">CONVOCA P\u00daBLICAMENTE<\/p>\n<p style=\"text-align: justify;\">A LAS AUTORIDADES IND\u00cdGENAS, CABILDOS, RESGUARDOS, ASOCIACIONES DE AUTORIDADES TRADICIONALES Y ORGANIZACIONES IND\u00cdGENAS DEL DEPARTAMENTO DE ARAUCA\u201d, CON EL FIN DE QUE PRESENTEN MANIFESTACI\u00d3N DE INTER\u00c9S PARA LA EJECUCION DEL PROGRAMA DE ALIMENTACI\u00d3N ESCOLAR PARA PUEBLOS IND\u00cdGENAS DEL DEPARTAMENTO DE ARAUCA EN LA VIGENCIA 2025, EN LOS ESTABLECIMIENTOS EDUCATIVOS QUE ATIENDEN POBLACI\u00d3N MAYORITARIAMENTE IND\u00cdGENA Y AQUELLOS QUE SE ENCUENTREN EN TERRITORIOS IND\u00cdGENAS<\/p>[\/et_pb_text][\/et_pb_column][\/et_pb_row][et_pb_row _builder_version=\u00bb4.27.2&#8243; _module_preset=\u00bbdefault\u00bb link_option_url=\u00bbhttps:\/\/www.sedarauca.edu.co\/wp-content\/uploads\/2024\/10\/DOC-20241015-WA0034.pdf\u00bb link_option_url_new_window=\u00bbon\u00bb global_colors_info=\u00bb{}\u00bb][et_pb_column type=\u00bb4_4&#8243; _builder_version=\u00bb4.27.2&#8243; _module_preset=\u00bbdefault\u00bb global_colors_info=\u00bb{}\u00bb][et_pb_code _builder_version=\u00bb4.27.2&#8243; _module_preset=\u00bbdefault\u00bb link_option_url=\u00bbhttps:\/\/www.sedarauca.edu.co\/wp-content\/uploads\/2024\/10\/DOC-20241015-WA0034.pdf\u00bb link_option_url_new_window=\u00bbon\u00bb global_colors_info=\u00bb{}\u00bb]<a href=\"https:\/\/www.sedarauca.edu.co\/wp-content\/uploads\/2024\/10\/DOC-20241015-WA0034.pdf\" class=\"pdfemb-viewer\" style=\"\" data-width=\"max\" data-height=\"max\" data-toolbar=\"bottom\" data-toolbar-fixed=\"on\">DOC-20241015-WA0034<\/a>[\/et_pb_code][\/et_pb_column][\/et_pb_row][\/et_pb_section]\n","protected":false},"excerpt":{"rendered":"<p>EL SUSCRITO SECRETARIO DE EDUCACI\u00d3N DEPARTAMENTAL En cumplimiento a lo dispuesto en el numeral 5.1 de la Resoluci\u00f3n 18858 de 2018, \u201cPOR LA CUAL SE EXPIDEN LOS LINEAMIENTOS T\u00c9CNICOS &#8211; ADMINISTRATIVOS, LOS EST\u00c1NDARES Y LAS CONDICIONES M\u00cdNIMAS DEL PROGRAMA DE ALIMENTACI\u00d3N ESCOLAR \u2013 PAE PARA PUEBLOS IND\u00cdGENAS\u201d y en aras de avanzar con las etapas [&hellip;]<\/p>\n","protected":false},"author":1,"featured_media":9678,"comment_status":"closed","ping_status":"closed","sticky":false,"template":"","format":"standard","meta":{"_et_pb_use_builder":"on","_et_pb_old_content":"","_et_gb_content_width":"","footnotes":""},"categories":[7,17,25],"tags":[],"class_list":["post-9666","post","type-post","status-publish","format-standard","has-post-thumbnail","hentry","category-convocatoria","category-pae","category-publicacion"],"_links":{"self":[{"href":"https:\/\/www.sedarauca.edu.co\/index.php\/wp-json\/wp\/v2\/posts\/9666","targetHints":{"allow":["GET"]}}],"collection":[{"href":"https:\/\/www.sedarauca.edu.co\/index.php\/wp-json\/wp\/v2\/posts"}],"about":[{"href":"https:\/\/www.sedarauca.edu.co\/index.php\/wp-json\/wp\/v2\/types\/post"}],"author":[{"embeddable":true,"href":"https:\/\/www.sedarauca.edu.co\/index.php\/wp-json\/wp\/v2\/users\/1"}],"replies":[{"embeddable":true,"href":"https:\/\/www.sedarauca.edu.co\/index.php\/wp-json\/wp\/v2\/comments?post=9666"}],"version-history":[{"count":8,"href":"https:\/\/www.sedarauca.edu.co\/index.php\/wp-json\/wp\/v2\/posts\/9666\/revisions"}],"predecessor-version":[{"id":9679,"href":"https:\/\/www.sedarauca.edu.co\/index.php\/wp-json\/wp\/v2\/posts\/9666\/revisions\/9679"}],"wp:featuredmedia":[{"embeddable":true,"href":"https:\/\/www.sedarauca.edu.co\/index.php\/wp-json\/wp\/v2\/media\/9678"}],"wp:attachment":[{"href":"https:\/\/www.sedarauca.edu.co\/index.php\/wp-json\/wp\/v2\/media?parent=9666"}],"wp:term":[{"taxonomy":"category","embeddable":true,"href":"https:\/\/www.sedarauca.edu.co\/index.php\/wp-json\/wp\/v2\/categories?post=9666"},{"taxonomy":"post_tag","embeddable":true,"href":"https:\/\/www.sedarauca.edu.co\/index.php\/wp-json\/wp\/v2\/tags?post=9666"}],"curies":[{"name":"wp","href":"https:\/\/api.w.org\/{rel}","templated":true}]}}