{"id":9500,"date":"2024-10-01T09:27:07","date_gmt":"2024-10-01T14:27:07","guid":{"rendered":"https:\/\/www.sedarauca.edu.co\/?p=9500"},"modified":"2024-10-01T11:23:03","modified_gmt":"2024-10-01T16:23:03","slug":"mas-de-36-mil-millones-aprobados-para-fortalecer-el-programa-de-alimentacion-escolar-en-arauca","status":"publish","type":"post","link":"https:\/\/www.sedarauca.edu.co\/index.php\/2024\/10\/01\/mas-de-36-mil-millones-aprobados-para-fortalecer-el-programa-de-alimentacion-escolar-en-arauca\/","title":{"rendered":"M\u00e1s de $36 mil millones aprobados para fortalecer el Programa de Alimentaci\u00f3n Escolar en Arauca"},"content":{"rendered":"<p>[et_pb_section fb_built=\u00bb1&#8243; _builder_version=\u00bb4.27.0&#8243; _module_preset=\u00bbdefault\u00bb global_colors_info=\u00bb{}\u00bb][et_pb_row _builder_version=\u00bb4.27.0&#8243; _module_preset=\u00bbdefault\u00bb global_colors_info=\u00bb{}\u00bb][et_pb_column type=\u00bb4_4&#8243; _builder_version=\u00bb4.27.0&#8243; _module_preset=\u00bbdefault\u00bb global_colors_info=\u00bb{}\u00bb][et_pb_text _builder_version=\u00bb4.27.0&#8243; _module_preset=\u00bbdefault\u00bb custom_margin=\u00bb-30px||||false|false\u00bb global_colors_info=\u00bb{}\u00bb]<\/p>\n<p style=\"text-align: center;\">Est<em>a estrategia de acceso y permanencia de la Secretar\u00eda de Educaci\u00f3n Departamental beneficia a 30.841 estudiantes.<\/em><\/p>\n<p style=\"text-align: center;\"><em>Durante este mes, se ampliar\u00e1 a 5.500 el n\u00famero de beneficiarios en el \u00e1rea urbana, manteniendo el 100% de cobertura en la zona rural<\/em><\/p>\n<p style=\"text-align: center;\"><em>Se fomentar\u00e1 la compra local y se mejorar\u00e1 las condiciones laborales de las manipuladoras de alimentos<\/em>.<\/p>\n<p>[\/et_pb_text][\/et_pb_column][\/et_pb_row][et_pb_row _builder_version=\u00bb4.27.0&#8243; _module_preset=\u00bbdefault\u00bb global_colors_info=\u00bb{}\u00bb][et_pb_column type=\u00bb4_4&#8243; _builder_version=\u00bb4.27.0&#8243; _module_preset=\u00bbdefault\u00bb global_colors_info=\u00bb{}\u00bb][et_pb_text _builder_version=\u00bb4.27.0&#8243; _module_preset=\u00bbdefault\u00bb global_colors_info=\u00bb{}\u00bb]<\/p>\n<p style=\"text-align: justify;\"><strong>Arauca, 30 de septiembre de 2024.<\/strong> La Gobernaci\u00f3n de Arauca logr\u00f3 que la Asamblea Departamental aprobara una inversi\u00f3n hist\u00f3rica de m\u00e1s de $36 mil millones para consolidar el Programa de Alimentaci\u00f3n Escolar (PAE) en el departamento. De este monto, $30.993.052.738 corresponden al proyecto de vigencias futuras y $5.469.362.261 se incorporaron en el presupuesto de la actual vigencia.<\/p>\n<p style=\"text-align: justify;\">Este importante recurso permitir\u00e1 que la Secretar\u00eda de Educaci\u00f3n Departamental ampl\u00ede la cobertura, beneficiando a 5.500 estudiantes adicionales en el \u00e1rea urbana, mejore las condiciones laborales de las manipuladoras de alimentos y promueva las compras p\u00fablicas locales. Los peque\u00f1os productores interesados pueden enviar sus cotizaciones al correo electr\u00f3nico archivogeneral@arauca.gov.co.<\/p>\n<p>[\/et_pb_text][\/et_pb_column][\/et_pb_row][et_pb_row column_structure=\u00bb1_5,3_5,1_5&#8243; _builder_version=\u00bb4.27.0&#8243; _module_preset=\u00bbdefault\u00bb global_colors_info=\u00bb{}\u00bb][et_pb_column type=\u00bb1_5&#8243; _builder_version=\u00bb4.27.0&#8243; _module_preset=\u00bbdefault\u00bb global_colors_info=\u00bb{}\u00bb][\/et_pb_column][et_pb_column type=\u00bb3_5&#8243; _builder_version=\u00bb4.27.0&#8243; _module_preset=\u00bbdefault\u00bb global_colors_info=\u00bb{}\u00bb][et_pb_image src=\u00bbhttps:\/\/www.sedarauca.edu.co\/wp-content\/uploads\/2024\/10\/PaeFinanc04-scaled.jpg\u00bb _builder_version=\u00bb4.27.0&#8243; _module_preset=\u00bbdefault\u00bb title_text=\u00bbPaeFinanc04&#8243; hover_enabled=\u00bb0&#8243; sticky_enabled=\u00bb0&#8243;][\/et_pb_image][\/et_pb_column][et_pb_column type=\u00bb1_5&#8243; _builder_version=\u00bb4.27.0&#8243; _module_preset=\u00bbdefault\u00bb global_colors_info=\u00bb{}\u00bb][\/et_pb_column][\/et_pb_row][et_pb_row _builder_version=\u00bb4.27.0&#8243; _module_preset=\u00bbdefault\u00bb global_colors_info=\u00bb{}\u00bb][et_pb_column type=\u00bb4_4&#8243; _builder_version=\u00bb4.27.0&#8243; _module_preset=\u00bbdefault\u00bb global_colors_info=\u00bb{}\u00bb][et_pb_text _builder_version=\u00bb4.27.0&#8243; _module_preset=\u00bbdefault\u00bb custom_padding=\u00bb||0px|||\u00bb hover_enabled=\u00bb0&#8243; global_colors_info=\u00bb{}\u00bb sticky_enabled=\u00bb0&#8243;]<\/p>\n<p style=\"text-align: justify;\">\u00abActualmente tenemos una cobertura del 100% en el \u00e1rea rural y un 72% de cobertura general, con este nuevo proyecto llegaremos a un 82%, cubriendo toda la primaria y hasta sexto grado en el \u00e1rea urbana\u201d, afirm\u00f3 Ariel Pedraza Pinz\u00f3n, secretario de Educaci\u00f3n Departamental. \u00abDe esta manera, avanzamos en la universalizaci\u00f3n del PAE\u00bb.<\/p>\n<p style=\"text-align: justify;\">Con estos recursos, se garantiza la prestaci\u00f3n del servicio hasta el \u00faltimo d\u00eda del calendario escolar actual y un inicio oportuno del a\u00f1o 2025, cubriendo desde el primer d\u00eda hasta principios del mes de agosto. Actualmente, el Programa de Alimentaci\u00f3n Escolar (PAE) opera bajo los Contratos 641 de 2023 para la poblaci\u00f3n mayoritaria y 108 y 109 de 2024 para la poblaci\u00f3n ind\u00edgena, con una asignaci\u00f3n de recursos de $33 mil millones que beneficia a 30.841 estudiantes con alimentaci\u00f3n nutritiva y saludable.<\/p>\n<p>[\/et_pb_text][\/et_pb_column][\/et_pb_row][et_pb_row _builder_version=\u00bb4.27.0&#8243; _module_preset=\u00bbdefault\u00bb column_structure=\u00bb1_5,3_5,1_5&#8243;][et_pb_column _builder_version=\u00bb4.27.0&#8243; _module_preset=\u00bbdefault\u00bb type=\u00bb1_5&#8243;][\/et_pb_column][et_pb_column _builder_version=\u00bb4.27.0&#8243; _module_preset=\u00bbdefault\u00bb type=\u00bb3_5&#8243;][et_pb_video src=\u00bbhttps:\/\/youtu.be\/UB8f9boG_EU\u00bb _builder_version=\u00bb4.27.0&#8243; _module_preset=\u00bbdefault\u00bb hover_enabled=\u00bb0&#8243; sticky_enabled=\u00bb0&#8243;][\/et_pb_video][\/et_pb_column][et_pb_column _builder_version=\u00bb4.27.0&#8243; _module_preset=\u00bbdefault\u00bb type=\u00bb1_5&#8243;][\/et_pb_column][\/et_pb_row][et_pb_row _builder_version=\u00bb4.27.0&#8243; _module_preset=\u00bbdefault\u00bb global_colors_info=\u00bb{}\u00bb][et_pb_column type=\u00bb4_4&#8243; _builder_version=\u00bb4.27.0&#8243; _module_preset=\u00bbdefault\u00bb global_colors_info=\u00bb{}\u00bb][et_pb_text _builder_version=\u00bb4.27.0&#8243; _module_preset=\u00bbdefault\u00bb global_colors_info=\u00bb{}\u00bb]<\/p>\n<p style=\"text-align: justify;\">Entre los beneficiarios se encuentran 8 residencias escolares, de las cuales 5 son ind\u00edgenas, donde 562 estudiantes reciben 5 tiempos de alimentaci\u00f3n diarios (desayuno, merienda ma\u00f1ana y tarde, almuerzo y cena). Adem\u00e1s, los estudiantes rurales y de jornada escolar ordinaria reciben un almuerzo o un complemento alimentario jornada ma\u00f1ana.<\/p>\n<p style=\"text-align: justify;\">\u201cNuestros ciclos de men\u00fa incluyen un complemento alimentario jornada ma\u00f1ana o tarde con bebida con leche, cereal, alimento proteico (3 veces por semana) y fruta; y un almuerzo o cena con prote\u00edna, cereales, ra\u00edces, tub\u00e9rculos o pl\u00e1tanos, ensalada y bebida a base de fruta\u201d, explic\u00f3 Edis Garc\u00e9s, profesional en nutrici\u00f3n del equipo PAE.<\/p>\n<p>[\/et_pb_text][\/et_pb_column][\/et_pb_row][et_pb_row column_structure=\u00bb1_2,1_2&#8243; _builder_version=\u00bb4.27.0&#8243; _module_preset=\u00bbdefault\u00bb global_colors_info=\u00bb{}\u00bb][et_pb_column type=\u00bb1_2&#8243; _builder_version=\u00bb4.27.0&#8243; _module_preset=\u00bbdefault\u00bb global_colors_info=\u00bb{}\u00bb][et_pb_image src=\u00bbhttps:\/\/www.sedarauca.edu.co\/wp-content\/uploads\/2024\/10\/PaeFinanc05-scaled.jpg\u00bb _builder_version=\u00bb4.27.0&#8243; _module_preset=\u00bbdefault\u00bb title_text=\u00bbPaeFinanc05&#8243; hover_enabled=\u00bb0&#8243; sticky_enabled=\u00bb0&#8243;][\/et_pb_image][\/et_pb_column][et_pb_column type=\u00bb1_2&#8243; _builder_version=\u00bb4.27.0&#8243; _module_preset=\u00bbdefault\u00bb global_colors_info=\u00bb{}\u00bb][et_pb_image src=\u00bbhttps:\/\/www.sedarauca.edu.co\/wp-content\/uploads\/2024\/10\/PaeFinanc03-scaled.jpg\u00bb title_text=\u00bbPaeFinanc03&#8243; _builder_version=\u00bb4.27.0&#8243; _module_preset=\u00bbdefault\u00bb global_colors_info=\u00bb{}\u00bb][\/et_pb_image][\/et_pb_column][\/et_pb_row][et_pb_row _builder_version=\u00bb4.27.0&#8243; _module_preset=\u00bbdefault\u00bb global_colors_info=\u00bb{}\u00bb][et_pb_column type=\u00bb4_4&#8243; _builder_version=\u00bb4.27.0&#8243; _module_preset=\u00bbdefault\u00bb global_colors_info=\u00bb{}\u00bb][et_pb_text _builder_version=\u00bb4.27.0&#8243; _module_preset=\u00bbdefault\u00bb global_colors_info=\u00bb{}\u00bb]<\/p>\n<p style=\"text-align: justify;\">Esta inversi\u00f3n refleja el compromiso del gobernador Renson Mart\u00ednez Prada con la educaci\u00f3n y el bienestar de los estudiantes araucanos, asegurando una formaci\u00f3n integral y una mejor calidad de vida para los ni\u00f1os, ni\u00f1as y adolescentes de los\u00a07\u00a0municipios.<\/p>\n<p>[\/et_pb_text][\/et_pb_column][\/et_pb_row][\/et_pb_section]<\/p>\n","protected":false},"excerpt":{"rendered":"<p>Esta estrategia de acceso y permanencia de la Secretar\u00eda de Educaci\u00f3n Departamental beneficia a 30.841 estudiantes. Durante este mes, se ampliar\u00e1 a 5.500 el n\u00famero de beneficiarios en el \u00e1rea urbana, manteniendo el 100% de cobertura en la zona rural Se fomentar\u00e1 la compra local y se mejorar\u00e1 las condiciones laborales de las manipuladoras de [&hellip;]<\/p>\n","protected":false},"author":1,"featured_media":9503,"comment_status":"closed","ping_status":"closed","sticky":false,"template":"","format":"standard","meta":{"_et_pb_use_builder":"on","_et_pb_old_content":"","_et_gb_content_width":"","footnotes":""},"categories":[44,6,17],"tags":[],"class_list":["post-9500","post","type-post","status-publish","format-standard","has-post-thumbnail","hentry","category-gestion","category-noticias","category-pae"],"_links":{"self":[{"href":"https:\/\/www.sedarauca.edu.co\/index.php\/wp-json\/wp\/v2\/posts\/9500","targetHints":{"allow":["GET"]}}],"collection":[{"href":"https:\/\/www.sedarauca.edu.co\/index.php\/wp-json\/wp\/v2\/posts"}],"about":[{"href":"https:\/\/www.sedarauca.edu.co\/index.php\/wp-json\/wp\/v2\/types\/post"}],"author":[{"embeddable":true,"href":"https:\/\/www.sedarauca.edu.co\/index.php\/wp-json\/wp\/v2\/users\/1"}],"replies":[{"embeddable":true,"href":"https:\/\/www.sedarauca.edu.co\/index.php\/wp-json\/wp\/v2\/comments?post=9500"}],"version-history":[{"count":8,"href":"https:\/\/www.sedarauca.edu.co\/index.php\/wp-json\/wp\/v2\/posts\/9500\/revisions"}],"predecessor-version":[{"id":9517,"href":"https:\/\/www.sedarauca.edu.co\/index.php\/wp-json\/wp\/v2\/posts\/9500\/revisions\/9517"}],"wp:featuredmedia":[{"embeddable":true,"href":"https:\/\/www.sedarauca.edu.co\/index.php\/wp-json\/wp\/v2\/media\/9503"}],"wp:attachment":[{"href":"https:\/\/www.sedarauca.edu.co\/index.php\/wp-json\/wp\/v2\/media?parent=9500"}],"wp:term":[{"taxonomy":"category","embeddable":true,"href":"https:\/\/www.sedarauca.edu.co\/index.php\/wp-json\/wp\/v2\/categories?post=9500"},{"taxonomy":"post_tag","embeddable":true,"href":"https:\/\/www.sedarauca.edu.co\/index.php\/wp-json\/wp\/v2\/tags?post=9500"}],"curies":[{"name":"wp","href":"https:\/\/api.w.org\/{rel}","templated":true}]}}