{"id":9450,"date":"2024-09-25T16:40:00","date_gmt":"2024-09-25T21:40:00","guid":{"rendered":"https:\/\/www.sedarauca.edu.co\/?p=9450"},"modified":"2024-09-26T14:46:50","modified_gmt":"2024-09-26T19:46:50","slug":"enelar-e-instituciones-educativas-del-municipio-de-arauca-lograron-concertar-y-llegar-acuerdos-sobre-la-prestacion-del-servicio-de-energia","status":"publish","type":"post","link":"https:\/\/www.sedarauca.edu.co\/index.php\/2024\/09\/25\/enelar-e-instituciones-educativas-del-municipio-de-arauca-lograron-concertar-y-llegar-acuerdos-sobre-la-prestacion-del-servicio-de-energia\/","title":{"rendered":"Enelar e instituciones educativas del municipio de Arauca lograron concertar y llegar acuerdos sobre la prestaci\u00f3n del servicio de energ\u00eda."},"content":{"rendered":"<p>[et_pb_section fb_built=\u00bb1&#8243; theme_builder_area=\u00bbpost_content\u00bb _builder_version=\u00bb4.27.0&#8243; _module_preset=\u00bbdefault\u00bb][et_pb_row _builder_version=\u00bb4.27.0&#8243; _module_preset=\u00bbdefault\u00bb theme_builder_area=\u00bbpost_content\u00bb][et_pb_column _builder_version=\u00bb4.27.0&#8243; _module_preset=\u00bbdefault\u00bb type=\u00bb4_4&#8243; theme_builder_area=\u00bbpost_content\u00bb][et_pb_text _builder_version=\u00bb4.27.0&#8243; _module_preset=\u00bbdefault\u00bb theme_builder_area=\u00bbpost_content\u00bb custom_margin=\u00bb-20px||||false|false\u00bb hover_enabled=\u00bb0&#8243; sticky_enabled=\u00bb0&#8243;]<\/p>\n<p style=\"text-align: justify;\">A trav\u00e9s de una mesa de trabajo realizada hoy 25 de septiembre, Enelar y la Asociaci\u00f3n de Directivos Docentes de Arauca, lograron concretar acuerdos importantes sobre la prestaci\u00f3n del servicio de energ\u00eda en las instituciones educativas del municipio de Arauca.<br \/>En un ambiente de concertaci\u00f3n, ambas partes lograron establecer puntos comunes que reflejan el \u00e1nimo conciliador y la voluntad de Enelar para resolver problem\u00e1ticas actuales y de a\u00f1os anteriores relacionadas con el servicio de energ\u00eda.<\/p>\n<p style=\"text-align: justify;\">Durante la reuni\u00f3n, se precis\u00f3 que, a la fecha, las cuentas de las instituciones educativas no se encuentran embargadas. El trabajo realizado por la Oficina Asesora Jur\u00eddica de Enelar corresponde, exclusivamente, a la vinculaci\u00f3n de las instituciones como partes interesadas en los procesos, garantizando as\u00ed su leg\u00edtimo derecho de defensa y participaci\u00f3n en la b\u00fasqueda de soluciones.<\/p>\n<p>[\/et_pb_text][\/et_pb_column][\/et_pb_row][et_pb_row _builder_version=\u00bb4.27.0&#8243; _module_preset=\u00bbdefault\u00bb column_structure=\u00bb1_5,3_5,1_5&#8243; theme_builder_area=\u00bbpost_content\u00bb][et_pb_column _builder_version=\u00bb4.27.0&#8243; _module_preset=\u00bbdefault\u00bb type=\u00bb1_5&#8243; theme_builder_area=\u00bbpost_content\u00bb][\/et_pb_column][et_pb_column _builder_version=\u00bb4.27.0&#8243; _module_preset=\u00bbdefault\u00bb type=\u00bb3_5&#8243; theme_builder_area=\u00bbpost_content\u00bb][et_pb_image src=\u00bbhttps:\/\/www.sedarauca.edu.co\/wp-content\/uploads\/2024\/09\/EnelarEduca03.jpg\u00bb _builder_version=\u00bb4.27.0&#8243; _module_preset=\u00bbdefault\u00bb theme_builder_area=\u00bbpost_content\u00bb title_text=\u00bbEnelarEduca03&#8243; hover_enabled=\u00bb0&#8243; sticky_enabled=\u00bb0&#8243;][\/et_pb_image][\/et_pb_column][et_pb_column _builder_version=\u00bb4.27.0&#8243; _module_preset=\u00bbdefault\u00bb type=\u00bb1_5&#8243; theme_builder_area=\u00bbpost_content\u00bb][\/et_pb_column][\/et_pb_row][et_pb_row _builder_version=\u00bb4.27.0&#8243; _module_preset=\u00bbdefault\u00bb theme_builder_area=\u00bbpost_content\u00bb][et_pb_column _builder_version=\u00bb4.27.0&#8243; _module_preset=\u00bbdefault\u00bb type=\u00bb4_4&#8243; theme_builder_area=\u00bbpost_content\u00bb][et_pb_text _builder_version=\u00bb4.27.0&#8243; _module_preset=\u00bbdefault\u00bb theme_builder_area=\u00bbpost_content\u00bb hover_enabled=\u00bb0&#8243; sticky_enabled=\u00bb0&#8243;]<\/p>\n<p style=\"text-align: justify;\">Entre los pr\u00f3ximos pasos, se llevar\u00e1 a cabo una mesa preventiva impulsada por la Procuradur\u00eda General de la Naci\u00f3n, en la cual las entidades territoriales deber\u00e1n comprometerse a realizar los pagos correspondientes al consumo y a la cartera del servicio de energ\u00eda en las instituciones educativas.<br \/>Los rectores hicieron un llamado a las entidades territoriales para priorizar el gasto y planificar adecuadamente los presupuestos, de modo que se puedan cubrir los costos del consumo y la deuda pendiente con Enelar, lo cual es fundamental para la optimizaci\u00f3n y continuidad del servicio.<br \/>Finalmente, se estableci\u00f3 la creaci\u00f3n de mesas de seguimiento, cuyo objetivo ser\u00e1 evaluar el cumplimiento de los compromisos y el avance de las acciones acordadas durante\u00a0la\u00a0reuni\u00f3n.<\/p>\n<p>[\/et_pb_text][\/et_pb_column][\/et_pb_row][\/et_pb_section]<\/p>\n","protected":false},"excerpt":{"rendered":"<p>A trav\u00e9s de una mesa de trabajo realizada hoy 25 de septiembre, Enelar y la Asociaci\u00f3n de Directivos Docentes de Arauca, lograron concretar acuerdos importantes sobre la prestaci\u00f3n del servicio de energ\u00eda en las instituciones educativas del municipio de Arauca.En un ambiente de concertaci\u00f3n, ambas partes lograron establecer puntos comunes que reflejan el \u00e1nimo conciliador [&hellip;]<\/p>\n","protected":false},"author":1,"featured_media":9451,"comment_status":"closed","ping_status":"closed","sticky":false,"template":"","format":"standard","meta":{"_et_pb_use_builder":"on","_et_pb_old_content":"","_et_gb_content_width":"","footnotes":""},"categories":[44,6],"tags":[],"class_list":["post-9450","post","type-post","status-publish","format-standard","has-post-thumbnail","hentry","category-gestion","category-noticias"],"_links":{"self":[{"href":"https:\/\/www.sedarauca.edu.co\/index.php\/wp-json\/wp\/v2\/posts\/9450","targetHints":{"allow":["GET"]}}],"collection":[{"href":"https:\/\/www.sedarauca.edu.co\/index.php\/wp-json\/wp\/v2\/posts"}],"about":[{"href":"https:\/\/www.sedarauca.edu.co\/index.php\/wp-json\/wp\/v2\/types\/post"}],"author":[{"embeddable":true,"href":"https:\/\/www.sedarauca.edu.co\/index.php\/wp-json\/wp\/v2\/users\/1"}],"replies":[{"embeddable":true,"href":"https:\/\/www.sedarauca.edu.co\/index.php\/wp-json\/wp\/v2\/comments?post=9450"}],"version-history":[{"count":2,"href":"https:\/\/www.sedarauca.edu.co\/index.php\/wp-json\/wp\/v2\/posts\/9450\/revisions"}],"predecessor-version":[{"id":9455,"href":"https:\/\/www.sedarauca.edu.co\/index.php\/wp-json\/wp\/v2\/posts\/9450\/revisions\/9455"}],"wp:featuredmedia":[{"embeddable":true,"href":"https:\/\/www.sedarauca.edu.co\/index.php\/wp-json\/wp\/v2\/media\/9451"}],"wp:attachment":[{"href":"https:\/\/www.sedarauca.edu.co\/index.php\/wp-json\/wp\/v2\/media?parent=9450"}],"wp:term":[{"taxonomy":"category","embeddable":true,"href":"https:\/\/www.sedarauca.edu.co\/index.php\/wp-json\/wp\/v2\/categories?post=9450"},{"taxonomy":"post_tag","embeddable":true,"href":"https:\/\/www.sedarauca.edu.co\/index.php\/wp-json\/wp\/v2\/tags?post=9450"}],"curies":[{"name":"wp","href":"https:\/\/api.w.org\/{rel}","templated":true}]}}