{"id":9355,"date":"2024-09-23T19:51:12","date_gmt":"2024-09-24T00:51:12","guid":{"rendered":"https:\/\/www.sedarauca.edu.co\/?p=9355"},"modified":"2024-09-23T20:24:11","modified_gmt":"2024-09-24T01:24:11","slug":"los-padres-debemos-ser-escuchas-activos-y-empaticos-con-nuestros-adolescentes-destaca-gestora-social-del-departamento-en-el-lanzamiento-de-la-semana-andina","status":"publish","type":"post","link":"https:\/\/www.sedarauca.edu.co\/index.php\/2024\/09\/23\/los-padres-debemos-ser-escuchas-activos-y-empaticos-con-nuestros-adolescentes-destaca-gestora-social-del-departamento-en-el-lanzamiento-de-la-semana-andina\/","title":{"rendered":"\u201cLos padres debemos ser escuchas activos y emp\u00e1ticos con nuestros adolescentes\u201d, destaca Gestora Social del Departamento en el lanzamiento de la Semana Andina"},"content":{"rendered":"<p>[et_pb_section fb_built=\u00bb1&#8243; _builder_version=\u00bb4.27.0&#8243; _module_preset=\u00bbdefault\u00bb global_colors_info=\u00bb{}\u00bb][et_pb_row _builder_version=\u00bb4.27.0&#8243; _module_preset=\u00bbdefault\u00bb global_colors_info=\u00bb{}\u00bb][et_pb_column type=\u00bb4_4&#8243; _builder_version=\u00bb4.27.0&#8243; _module_preset=\u00bbdefault\u00bb global_colors_info=\u00bb{}\u00bb][et_pb_text _builder_version=\u00bb4.27.0&#8243; _module_preset=\u00bbdefault\u00bb custom_margin=\u00bb-20px||||false|false\u00bb global_colors_info=\u00bb{}\u00bb]<\/p>\n<p style=\"text-align: justify;\"><strong>Arauca, 23 de septiembre de 2024.-<\/strong> Con la presencia de los personeros de diversas instituciones educativas del municipio, se llev\u00f3 a cabo el lanzamiento de la Semana Andina en Arauca, enfocada en la prevenci\u00f3n de embarazos en ni\u00f1as y adolescentes. La apertura del evento estuvo a cargo de la gestora departamental Gleydis Torres, quien resalt\u00f3 la importancia de que los padres se conviertan en escuchas activos y emp\u00e1ticos con sus hijos.<\/p>\n<p style=\"text-align: justify;\">\u201cEs necesario que los j\u00f3venes sepan que los padres estamos ah\u00ed para ellos, y no podemos olvidar que alg\u00fan d\u00eda fuimos adolescentes\u201d, afirm\u00f3 Torres, subrayando el compromiso de la comunidad en la eliminaci\u00f3n de los embarazos tempranos.<\/p>\n<p>[\/et_pb_text][\/et_pb_column][\/et_pb_row][et_pb_row _builder_version=\u00bb4.27.0&#8243; _module_preset=\u00bbdefault\u00bb global_colors_info=\u00bb{}\u00bb][et_pb_column type=\u00bb4_4&#8243; _builder_version=\u00bb4.27.0&#8243; _module_preset=\u00bbdefault\u00bb global_colors_info=\u00bb{}\u00bb][et_pb_video src=\u00bbhttps:\/\/youtu.be\/3pE7s5UEf4Y\u00bb _builder_version=\u00bb4.27.0&#8243; _module_preset=\u00bbdefault\u00bb border_radii=\u00bbon|30px|30px|30px|30px\u00bb global_colors_info=\u00bb{}\u00bb][\/et_pb_video][\/et_pb_column][\/et_pb_row][et_pb_row _builder_version=\u00bb4.27.0&#8243; _module_preset=\u00bbdefault\u00bb global_colors_info=\u00bb{}\u00bb][et_pb_column type=\u00bb4_4&#8243; _builder_version=\u00bb4.27.0&#8243; _module_preset=\u00bbdefault\u00bb global_colors_info=\u00bb{}\u00bb][et_pb_text _builder_version=\u00bb4.27.0&#8243; _module_preset=\u00bbdefault\u00bb global_colors_info=\u00bb{}\u00bb]<\/p>\n<p style=\"text-align: justify;\">El evento incluy\u00f3 una conmovedora presentaci\u00f3n del grupo juvenil As de Caracas, cuyo mon\u00f3logo se centr\u00f3 en las uniones tempranas forzadas y los embarazos adolescentes. Adem\u00e1s, el Grupo Juvenil H\u00e9roes de la Prevenci\u00f3n y la Instituci\u00f3n Educativa Cristo Rey participaron con canciones que promovieron la responsabilidad y la importancia de vivir cada etapa de la vida con paciencia.<\/p>\n<p style=\"text-align: justify;\">Ana Zuleyma Mendoza, directora de la Unidad de Salud de Arauca, tambi\u00e9n particip\u00f3, alertando sobre la necesidad de prestar atenci\u00f3n a los signos de alarma en las menores.<\/p>\n<p style=\"text-align: justify;\">Cabe destacar que los colegios p\u00fablicos y privados estar\u00e1n desarrollando actividades pedag\u00f3gicas para la prevenci\u00f3n del embarazo adolescente.<\/p>\n<p>[\/et_pb_text][\/et_pb_column][\/et_pb_row][et_pb_row column_structure=\u00bb1_5,3_5,1_5&#8243; _builder_version=\u00bb4.27.0&#8243; _module_preset=\u00bbdefault\u00bb global_colors_info=\u00bb{}\u00bb][et_pb_column type=\u00bb1_5&#8243; _builder_version=\u00bb4.27.0&#8243; _module_preset=\u00bbdefault\u00bb global_colors_info=\u00bb{}\u00bb][\/et_pb_column][et_pb_column type=\u00bb3_5&#8243; _builder_version=\u00bb4.27.0&#8243; _module_preset=\u00bbdefault\u00bb global_colors_info=\u00bb{}\u00bb][et_pb_image src=\u00bbhttps:\/\/www.sedarauca.edu.co\/wp-content\/uploads\/2024\/09\/Andina06-scaled.jpg\u00bb title_text=\u00bbAndina06&#8243; _builder_version=\u00bb4.27.0&#8243; _module_preset=\u00bbdefault\u00bb global_colors_info=\u00bb{}\u00bb][\/et_pb_image][\/et_pb_column][et_pb_column type=\u00bb1_5&#8243; _builder_version=\u00bb4.27.0&#8243; _module_preset=\u00bbdefault\u00bb global_colors_info=\u00bb{}\u00bb][\/et_pb_column][\/et_pb_row][et_pb_row column_structure=\u00bb1_2,1_2&#8243; _builder_version=\u00bb4.27.0&#8243; _module_preset=\u00bbdefault\u00bb global_colors_info=\u00bb{}\u00bb][et_pb_column type=\u00bb1_2&#8243; _builder_version=\u00bb4.27.0&#8243; _module_preset=\u00bbdefault\u00bb global_colors_info=\u00bb{}\u00bb][et_pb_image src=\u00bbhttps:\/\/www.sedarauca.edu.co\/wp-content\/uploads\/2024\/09\/Andina04-scaled.jpg\u00bb title_text=\u00bbAndina04&#8243; _builder_version=\u00bb4.27.0&#8243; _module_preset=\u00bbdefault\u00bb hover_enabled=\u00bb0&#8243; global_colors_info=\u00bb{}\u00bb sticky_enabled=\u00bb0&#8243;][\/et_pb_image][\/et_pb_column][et_pb_column type=\u00bb1_2&#8243; _builder_version=\u00bb4.27.0&#8243; _module_preset=\u00bbdefault\u00bb global_colors_info=\u00bb{}\u00bb][et_pb_image src=\u00bbhttps:\/\/www.sedarauca.edu.co\/wp-content\/uploads\/2024\/09\/Andina03-scaled.jpg\u00bb title_text=\u00bbAndina03&#8243; _builder_version=\u00bb4.27.0&#8243; _module_preset=\u00bbdefault\u00bb global_colors_info=\u00bb{}\u00bb][\/et_pb_image][\/et_pb_column][\/et_pb_row][et_pb_row _builder_version=\u00bb4.27.0&#8243; _module_preset=\u00bbdefault\u00bb global_colors_info=\u00bb{}\u00bb][et_pb_column type=\u00bb4_4&#8243; _builder_version=\u00bb4.27.0&#8243; _module_preset=\u00bbdefault\u00bb global_colors_info=\u00bb{}\u00bb][et_pb_text _builder_version=\u00bb4.27.0&#8243; _module_preset=\u00bbdefault\u00bb global_colors_info=\u00bb{}\u00bb]<\/p>\n<p style=\"text-align: justify;\">Esta actividad cont\u00f3 con la asistencia de varias personalidades, entre ellas parte del gabinete departamental y representantes de UNFPA, OIM y el Instituto Colombiano de Bienestar Familiar, quienes reafirmaron la relevancia de seguir trabajando en la prevenci\u00f3n.<\/p>\n<p style=\"text-align: justify;\">La jornada concluy\u00f3 con mensajes contundentes sobre la importancia de la prevenci\u00f3n y la equidad de g\u00e9nero, en un esfuerzo conjunto por garantizar el bienestar de los adolescentes\u00a0en\u00a0Arauca.<\/p>\n<p>[\/et_pb_text][\/et_pb_column][\/et_pb_row][\/et_pb_section]<\/p>\n","protected":false},"excerpt":{"rendered":"<p>Arauca, 23 de septiembre de 2024.- Con la presencia de los personeros de diversas instituciones educativas del municipio, se llev\u00f3 a cabo el lanzamiento de la Semana Andina en Arauca, enfocada en la prevenci\u00f3n de embarazos en ni\u00f1as y adolescentes. La apertura del evento estuvo a cargo de la gestora departamental Gleydis Torres, quien resalt\u00f3 [&hellip;]<\/p>\n","protected":false},"author":1,"featured_media":9356,"comment_status":"closed","ping_status":"closed","sticky":false,"template":"","format":"standard","meta":{"_et_pb_use_builder":"on","_et_pb_old_content":"","_et_gb_content_width":"","footnotes":""},"categories":[44,6],"tags":[],"class_list":["post-9355","post","type-post","status-publish","format-standard","has-post-thumbnail","hentry","category-gestion","category-noticias"],"_links":{"self":[{"href":"https:\/\/www.sedarauca.edu.co\/index.php\/wp-json\/wp\/v2\/posts\/9355","targetHints":{"allow":["GET"]}}],"collection":[{"href":"https:\/\/www.sedarauca.edu.co\/index.php\/wp-json\/wp\/v2\/posts"}],"about":[{"href":"https:\/\/www.sedarauca.edu.co\/index.php\/wp-json\/wp\/v2\/types\/post"}],"author":[{"embeddable":true,"href":"https:\/\/www.sedarauca.edu.co\/index.php\/wp-json\/wp\/v2\/users\/1"}],"replies":[{"embeddable":true,"href":"https:\/\/www.sedarauca.edu.co\/index.php\/wp-json\/wp\/v2\/comments?post=9355"}],"version-history":[{"count":7,"href":"https:\/\/www.sedarauca.edu.co\/index.php\/wp-json\/wp\/v2\/posts\/9355\/revisions"}],"predecessor-version":[{"id":9367,"href":"https:\/\/www.sedarauca.edu.co\/index.php\/wp-json\/wp\/v2\/posts\/9355\/revisions\/9367"}],"wp:featuredmedia":[{"embeddable":true,"href":"https:\/\/www.sedarauca.edu.co\/index.php\/wp-json\/wp\/v2\/media\/9356"}],"wp:attachment":[{"href":"https:\/\/www.sedarauca.edu.co\/index.php\/wp-json\/wp\/v2\/media?parent=9355"}],"wp:term":[{"taxonomy":"category","embeddable":true,"href":"https:\/\/www.sedarauca.edu.co\/index.php\/wp-json\/wp\/v2\/categories?post=9355"},{"taxonomy":"post_tag","embeddable":true,"href":"https:\/\/www.sedarauca.edu.co\/index.php\/wp-json\/wp\/v2\/tags?post=9355"}],"curies":[{"name":"wp","href":"https:\/\/api.w.org\/{rel}","templated":true}]}}