{"id":9318,"date":"2024-09-23T11:01:00","date_gmt":"2024-09-23T16:01:00","guid":{"rendered":"https:\/\/www.sedarauca.edu.co\/?p=9318"},"modified":"2024-09-24T19:05:51","modified_gmt":"2024-09-25T00:05:51","slug":"gobernador-de-arauca-y-universidad-nacional-de-colombia-avanzan-en-la-ampliacion-de-la-sede-orinoquia-para-fortalecer-la-educacion-en-la-region","status":"publish","type":"post","link":"https:\/\/www.sedarauca.edu.co\/index.php\/2024\/09\/23\/gobernador-de-arauca-y-universidad-nacional-de-colombia-avanzan-en-la-ampliacion-de-la-sede-orinoquia-para-fortalecer-la-educacion-en-la-region\/","title":{"rendered":"Gobernador de Arauca y Universidad Nacional de Colombia avanzan en la ampliaci\u00f3n de la sede Orinoqu\u00eda para fortalecer la educaci\u00f3n en la regi\u00f3n"},"content":{"rendered":"\n[et_pb_section fb_built=\u00bb1&#8243; theme_builder_area=\u00bbpost_content\u00bb _builder_version=\u00bb4.27.0&#8243; _module_preset=\u00bbdefault\u00bb][et_pb_row _builder_version=\u00bb4.27.0&#8243; _module_preset=\u00bbdefault\u00bb theme_builder_area=\u00bbpost_content\u00bb][et_pb_column _builder_version=\u00bb4.27.0&#8243; _module_preset=\u00bbdefault\u00bb type=\u00bb4_4&#8243; theme_builder_area=\u00bbpost_content\u00bb][et_pb_text _builder_version=\u00bb4.27.0&#8243; _module_preset=\u00bbdefault\u00bb theme_builder_area=\u00bbpost_content\u00bb hover_enabled=\u00bb0&#8243; sticky_enabled=\u00bb0&#8243; custom_margin=\u00bb-20px||||false|false\u00bb]<p style=\"text-align: justify;\"><strong>Arauca, 21 de septiembre de 2024. &#8211;<\/strong> El gobernador de Arauca, Renson Mart\u00ednez Prada, y el rector de la Universidad Nacional de Colombia, Leopoldo M\u00fanera, junto a diputados de la Asamblea Departamental, comunidad acad\u00e9mica y beneficiarios, participaron en la socializaci\u00f3n de las obras del proyecto \u201cMejoramiento y adecuaci\u00f3n de la infraestructura f\u00edsica de la sede Orinoqu\u00eda de la Universidad Nacional de Colombia\u201d, ubicada en el municipio de Arauca.<\/p>\n<p style=\"text-align: justify;\">Este proyecto, que responde a las necesidades de formaci\u00f3n de alta calidad, cuenta con una inversi\u00f3n de alrededor de 12 mil millones de pesos, asignados en agosto de 2023 tras la firma de un memorando de entendimiento entre el Ministerio de Educaci\u00f3n, la Gobernaci\u00f3n de Arauca y la Universidad Nacional.<\/p>\n<p style=\"text-align: justify;\">El gobernador Mart\u00ednez Prada reafirm\u00f3 su compromiso con la educaci\u00f3n, expresando: \u201cRatificamos nuestra voluntad de seguir respaldando este proyecto con inversiones que permitan ampliar la oferta acad\u00e9mica en la sede. Este es uno de los pilares m\u00e1s importantes de nuestro Plan Departamental de Desarrollo\u201d.<\/p>[\/et_pb_text][\/et_pb_column][\/et_pb_row][et_pb_row _builder_version=\u00bb4.27.0&#8243; _module_preset=\u00bbdefault\u00bb column_structure=\u00bb1_5,3_5,1_5&#8243; theme_builder_area=\u00bbpost_content\u00bb][et_pb_column _builder_version=\u00bb4.27.0&#8243; _module_preset=\u00bbdefault\u00bb type=\u00bb1_5&#8243; theme_builder_area=\u00bbpost_content\u00bb][\/et_pb_column][et_pb_column _builder_version=\u00bb4.27.0&#8243; _module_preset=\u00bbdefault\u00bb type=\u00bb3_5&#8243; theme_builder_area=\u00bbpost_content\u00bb][et_pb_image src=\u00bbhttps:\/\/www.sedarauca.edu.co\/wp-content\/uploads\/2024\/09\/Unal01-scaled.jpg\u00bb _builder_version=\u00bb4.27.0&#8243; _module_preset=\u00bbdefault\u00bb theme_builder_area=\u00bbpost_content\u00bb title_text=\u00bbUnal01&#8243; hover_enabled=\u00bb0&#8243; sticky_enabled=\u00bb0&#8243;][\/et_pb_image][\/et_pb_column][et_pb_column _builder_version=\u00bb4.27.0&#8243; _module_preset=\u00bbdefault\u00bb type=\u00bb1_5&#8243; theme_builder_area=\u00bbpost_content\u00bb][\/et_pb_column][\/et_pb_row][et_pb_row _builder_version=\u00bb4.27.0&#8243; _module_preset=\u00bbdefault\u00bb column_structure=\u00bb1_2,1_2&#8243; theme_builder_area=\u00bbpost_content\u00bb][et_pb_column _builder_version=\u00bb4.27.0&#8243; _module_preset=\u00bbdefault\u00bb type=\u00bb1_2&#8243; theme_builder_area=\u00bbpost_content\u00bb][et_pb_image src=\u00bbhttps:\/\/www.sedarauca.edu.co\/wp-content\/uploads\/2024\/09\/Unal06-scaled.jpg\u00bb _builder_version=\u00bb4.27.0&#8243; _module_preset=\u00bbdefault\u00bb theme_builder_area=\u00bbpost_content\u00bb title_text=\u00bbUnal06&#8243; hover_enabled=\u00bb0&#8243; sticky_enabled=\u00bb0&#8243;][\/et_pb_image][\/et_pb_column][et_pb_column _builder_version=\u00bb4.27.0&#8243; _module_preset=\u00bbdefault\u00bb type=\u00bb1_2&#8243; theme_builder_area=\u00bbpost_content\u00bb][et_pb_image src=\u00bbhttps:\/\/www.sedarauca.edu.co\/wp-content\/uploads\/2024\/09\/Unal07-scaled.jpg\u00bb _builder_version=\u00bb4.27.0&#8243; _module_preset=\u00bbdefault\u00bb theme_builder_area=\u00bbpost_content\u00bb title_text=\u00bbUnal07&#8243; hover_enabled=\u00bb0&#8243; sticky_enabled=\u00bb0&#8243;][\/et_pb_image][\/et_pb_column][\/et_pb_row][et_pb_row _builder_version=\u00bb4.27.0&#8243; _module_preset=\u00bbdefault\u00bb theme_builder_area=\u00bbpost_content\u00bb][et_pb_column _builder_version=\u00bb4.27.0&#8243; _module_preset=\u00bbdefault\u00bb type=\u00bb4_4&#8243; theme_builder_area=\u00bbpost_content\u00bb][et_pb_text _builder_version=\u00bb4.27.0&#8243; _module_preset=\u00bbdefault\u00bb theme_builder_area=\u00bbpost_content\u00bb hover_enabled=\u00bb0&#8243; sticky_enabled=\u00bb0&#8243;]<p style=\"text-align: justify;\"><strong>Un proyecto arquitect\u00f3nico al servicio de la formaci\u00f3n de calidad<\/strong><\/p>\n<p style=\"text-align: justify;\">El plan arquitect\u00f3nico contempla la construcci\u00f3n de dos nuevos espacios: un Aula M\u00faltiple y un laboratorio para F\u00edsica y Biolog\u00eda, que complementar\u00e1n la infraestructura existente y fortalecer\u00e1n la capacidad educativa de la sede Orinoqu\u00eda.<\/p>\n<p style=\"text-align: justify;\">La propuesta genera un sistema integrado de edificios y espacios abiertos, articulados con las estructuras actuales. Los nuevos edificios rodear\u00e1n los existentes, creando un camino cubierto en el primer piso y un corredor en el segundo piso, favoreciendo la interacci\u00f3n y el desarrollo acad\u00e9mico en un entorno moderno y funcional.<\/p>\n<p style=\"text-align: justify;\">[\/et_pb_text][\/et_pb_column][\/et_pb_row][et_pb_row _builder_version=\u00bb4.27.0&#8243; _module_preset=\u00bbdefault\u00bb column_structure=\u00bb1_5,3_5,1_5&#8243; theme_builder_area=\u00bbpost_content\u00bb][et_pb_column _builder_version=\u00bb4.27.0&#8243; _module_preset=\u00bbdefault\u00bb type=\u00bb1_5&#8243; theme_builder_area=\u00bbpost_content\u00bb][\/et_pb_column][et_pb_column _builder_version=\u00bb4.27.0&#8243; _module_preset=\u00bbdefault\u00bb type=\u00bb3_5&#8243; theme_builder_area=\u00bbpost_content\u00bb][et_pb_image src=\u00bbhttps:\/\/www.sedarauca.edu.co\/wp-content\/uploads\/2024\/09\/Unal05.jpg\u00bb _builder_version=\u00bb4.27.0&#8243; _module_preset=\u00bbdefault\u00bb theme_builder_area=\u00bbpost_content\u00bb title_text=\u00bbUnal05&#8243; hover_enabled=\u00bb0&#8243; sticky_enabled=\u00bb0&#8243;][\/et_pb_image][\/et_pb_column][et_pb_column _builder_version=\u00bb4.27.0&#8243; _module_preset=\u00bbdefault\u00bb type=\u00bb1_5&#8243; theme_builder_area=\u00bbpost_content\u00bb][\/et_pb_column][\/et_pb_row][et_pb_row _builder_version=\u00bb4.27.0&#8243; _module_preset=\u00bbdefault\u00bb column_structure=\u00bb1_2,1_2&#8243; theme_builder_area=\u00bbpost_content\u00bb][et_pb_column _builder_version=\u00bb4.27.0&#8243; _module_preset=\u00bbdefault\u00bb type=\u00bb1_2&#8243; theme_builder_area=\u00bbpost_content\u00bb][et_pb_image src=\u00bbhttps:\/\/www.sedarauca.edu.co\/wp-content\/uploads\/2024\/09\/Unal03-scaled.jpg\u00bb _builder_version=\u00bb4.27.0&#8243; _module_preset=\u00bbdefault\u00bb theme_builder_area=\u00bbpost_content\u00bb title_text=\u00bbUnal03&#8243; hover_enabled=\u00bb0&#8243; sticky_enabled=\u00bb0&#8243;][\/et_pb_image][\/et_pb_column][et_pb_column _builder_version=\u00bb4.27.0&#8243; _module_preset=\u00bbdefault\u00bb type=\u00bb1_2&#8243; theme_builder_area=\u00bbpost_content\u00bb][et_pb_image src=\u00bbhttps:\/\/www.sedarauca.edu.co\/wp-content\/uploads\/2024\/09\/Unal04-scaled.jpg\u00bb _builder_version=\u00bb4.27.0&#8243; _module_preset=\u00bbdefault\u00bb theme_builder_area=\u00bbpost_content\u00bb title_text=\u00bbUnal04&#8243; hover_enabled=\u00bb0&#8243; sticky_enabled=\u00bb0&#8243;][\/et_pb_image][\/et_pb_column][\/et_pb_row][et_pb_row _builder_version=\u00bb4.27.0&#8243; _module_preset=\u00bbdefault\u00bb theme_builder_area=\u00bbpost_content\u00bb][et_pb_column _builder_version=\u00bb4.27.0&#8243; _module_preset=\u00bbdefault\u00bb type=\u00bb4_4&#8243; theme_builder_area=\u00bbpost_content\u00bb][et_pb_text _builder_version=\u00bb4.27.0&#8243; _module_preset=\u00bbdefault\u00bb theme_builder_area=\u00bbpost_content\u00bb hover_enabled=\u00bb0&#8243; sticky_enabled=\u00bb0&#8243;]<p style=\"text-align: justify;\"><strong>Impacto regional<\/strong><\/p>\n<p style=\"text-align: justify;\">El fortalecimiento de esta sede permitir\u00e1 formar a los futuros profesionales que contribuir\u00e1n al progreso de la regi\u00f3n, enfrentando los desaf\u00edos de Arauca con soluciones innovadoras y conocimiento t\u00e9cnico. \u201cNecesitamos personas preparadas que aporten a la soluci\u00f3n de los retos que enfrenta nuestro departamento\u201d, destac\u00f3 el Gobernador.<\/p>\n<p style=\"text-align: justify;\">En el evento tambi\u00e9n estuvieron presentes los secretarios de Educaci\u00f3n y Agricultura departamental, as\u00ed como los diputados Maricel Ortiz, Dumar Sebasti\u00e1n S\u00e1nchez, Mercedes Rinc\u00f3n, Orlando Ardila, Pablo Rojas y Fernando Ram\u00edrez, quienes manifestaron su apoyo a esta importante iniciativa para el fortalecimiento de la educaci\u00f3n\u00a0en\u00a0Arauca.<\/p>[\/et_pb_text][\/et_pb_column][\/et_pb_row][\/et_pb_section]\n","protected":false},"excerpt":{"rendered":"<p>Arauca, 21 de septiembre de 2024. &#8211; El gobernador de Arauca, Renson Mart\u00ednez Prada, y el rector de la Universidad Nacional de Colombia, Leopoldo M\u00fanera, junto a diputados de la Asamblea Departamental, comunidad acad\u00e9mica y beneficiarios, participaron en la socializaci\u00f3n de las obras del proyecto \u201cMejoramiento y adecuaci\u00f3n de la infraestructura f\u00edsica de la sede [&hellip;]<\/p>\n","protected":false},"author":1,"featured_media":9393,"comment_status":"closed","ping_status":"closed","sticky":false,"template":"","format":"standard","meta":{"_et_pb_use_builder":"on","_et_pb_old_content":"","_et_gb_content_width":"","footnotes":""},"categories":[44,6],"tags":[],"class_list":["post-9318","post","type-post","status-publish","format-standard","has-post-thumbnail","hentry","category-gestion","category-noticias"],"_links":{"self":[{"href":"https:\/\/www.sedarauca.edu.co\/index.php\/wp-json\/wp\/v2\/posts\/9318","targetHints":{"allow":["GET"]}}],"collection":[{"href":"https:\/\/www.sedarauca.edu.co\/index.php\/wp-json\/wp\/v2\/posts"}],"about":[{"href":"https:\/\/www.sedarauca.edu.co\/index.php\/wp-json\/wp\/v2\/types\/post"}],"author":[{"embeddable":true,"href":"https:\/\/www.sedarauca.edu.co\/index.php\/wp-json\/wp\/v2\/users\/1"}],"replies":[{"embeddable":true,"href":"https:\/\/www.sedarauca.edu.co\/index.php\/wp-json\/wp\/v2\/comments?post=9318"}],"version-history":[{"count":5,"href":"https:\/\/www.sedarauca.edu.co\/index.php\/wp-json\/wp\/v2\/posts\/9318\/revisions"}],"predecessor-version":[{"id":9394,"href":"https:\/\/www.sedarauca.edu.co\/index.php\/wp-json\/wp\/v2\/posts\/9318\/revisions\/9394"}],"wp:featuredmedia":[{"embeddable":true,"href":"https:\/\/www.sedarauca.edu.co\/index.php\/wp-json\/wp\/v2\/media\/9393"}],"wp:attachment":[{"href":"https:\/\/www.sedarauca.edu.co\/index.php\/wp-json\/wp\/v2\/media?parent=9318"}],"wp:term":[{"taxonomy":"category","embeddable":true,"href":"https:\/\/www.sedarauca.edu.co\/index.php\/wp-json\/wp\/v2\/categories?post=9318"},{"taxonomy":"post_tag","embeddable":true,"href":"https:\/\/www.sedarauca.edu.co\/index.php\/wp-json\/wp\/v2\/tags?post=9318"}],"curies":[{"name":"wp","href":"https:\/\/api.w.org\/{rel}","templated":true}]}}