{"id":9304,"date":"2024-09-18T10:39:00","date_gmt":"2024-09-18T15:39:00","guid":{"rendered":"https:\/\/www.sedarauca.edu.co\/?p=9304"},"modified":"2024-09-18T14:34:42","modified_gmt":"2024-09-18T19:34:42","slug":"secretario-de-educacion-departamental-pide-respeto-absoluto-hacia-los-establecimientos-educativos-tras-atentado-en-puerto-jordan","status":"publish","type":"post","link":"https:\/\/www.sedarauca.edu.co\/index.php\/2024\/09\/18\/secretario-de-educacion-departamental-pide-respeto-absoluto-hacia-los-establecimientos-educativos-tras-atentado-en-puerto-jordan\/","title":{"rendered":"Secretario de Educaci\u00f3n Departamental pide respeto absoluto hacia los establecimientos educativos tras atentado en Puerto Jord\u00e1n"},"content":{"rendered":"\n[et_pb_section fb_built=\u00bb1&#8243; _builder_version=\u00bb4.27.0&#8243; _module_preset=\u00bbdefault\u00bb global_colors_info=\u00bb{}\u00bb][et_pb_row _builder_version=\u00bb4.27.0&#8243; _module_preset=\u00bbdefault\u00bb global_colors_info=\u00bb{}\u00bb][et_pb_column type=\u00bb4_4&#8243; _builder_version=\u00bb4.27.0&#8243; _module_preset=\u00bbdefault\u00bb global_colors_info=\u00bb{}\u00bb][et_pb_text _builder_version=\u00bb4.27.0&#8243; _module_preset=\u00bbdefault\u00bb custom_margin=\u00bb-20px||||false|false\u00bb global_colors_info=\u00bb{}\u00bb]<p style=\"text-align: justify;\">La Secretar\u00eda de Educaci\u00f3n Departamental de Arauca rechaza contundentemente el atentado ocurrido en Puerto Jord\u00e1n, donde explosivos fueron lanzados cerca de la Instituci\u00f3n Educativa de Promoci\u00f3n Agropecuaria (IPA), generando p\u00e1nico entre estudiantes, docentes y personal administrativo que se encontraban en jornada escolar.<\/p>\n<p style=\"text-align: justify;\">Este tipo de acciones afectan gravemente el derecho fundamental a la educaci\u00f3n. En entornos de violencia y miedo, la calidad educativa se ve gravemente mermada, impactando el desarrollo integral de nuestros ni\u00f1os, ni\u00f1as y j\u00f3venes. Por lo tanto, desde el gobierno departamental exigimos a los grupos armados respeto absoluto hacia las escuelas como espacios de paz y de formaci\u00f3n de nuestras nuevas generaciones.<\/p>\n<p style=\"text-align: justify;\">Expresamos nuestra solidaridad con docentes, estudiantes y padres de familia del IPA y reafirmamos nuestro compromiso con propender que los entornos escolares se mantengan seguros y libres de violencia.<\/p>\n<p style=\"text-align: justify;\">17 de septiembre de 2024<\/p>\n<p style=\"text-align: justify;\">Ariel Pedraza Pinz\u00f3n<br \/>Secretario de Educaci\u00f3n Departamental\u00a0de\u00a0Arauca<\/p>[\/et_pb_text][\/et_pb_column][\/et_pb_row][et_pb_row _builder_version=\u00bb4.27.0&#8243; _module_preset=\u00bbdefault\u00bb][et_pb_column _builder_version=\u00bb4.27.0&#8243; _module_preset=\u00bbdefault\u00bb type=\u00bb4_4&#8243;][et_pb_video src=\u00bbhttps:\/\/youtu.be\/F5BaseHmAPY\u00bb _builder_version=\u00bb4.27.0&#8243; _module_preset=\u00bbdefault\u00bb border_radii=\u00bbon|30px|30px|30px|30px\u00bb hover_enabled=\u00bb0&#8243; sticky_enabled=\u00bb0&#8243;][\/et_pb_video][\/et_pb_column][\/et_pb_row][\/et_pb_section]\n","protected":false},"excerpt":{"rendered":"<p>La Secretar\u00eda de Educaci\u00f3n Departamental de Arauca rechaza contundentemente el atentado ocurrido en Puerto Jord\u00e1n, donde explosivos fueron lanzados cerca de la Instituci\u00f3n Educativa de Promoci\u00f3n Agropecuaria (IPA), generando p\u00e1nico entre estudiantes, docentes y personal administrativo que se encontraban en jornada escolar. Este tipo de acciones afectan gravemente el derecho fundamental a la educaci\u00f3n. En [&hellip;]<\/p>\n","protected":false},"author":1,"featured_media":9310,"comment_status":"closed","ping_status":"closed","sticky":false,"template":"","format":"standard","meta":{"_et_pb_use_builder":"on","_et_pb_old_content":"","_et_gb_content_width":"","footnotes":""},"categories":[21,6],"tags":[],"class_list":["post-9304","post","type-post","status-publish","format-standard","has-post-thumbnail","hentry","category-boletin","category-noticias"],"_links":{"self":[{"href":"https:\/\/www.sedarauca.edu.co\/index.php\/wp-json\/wp\/v2\/posts\/9304","targetHints":{"allow":["GET"]}}],"collection":[{"href":"https:\/\/www.sedarauca.edu.co\/index.php\/wp-json\/wp\/v2\/posts"}],"about":[{"href":"https:\/\/www.sedarauca.edu.co\/index.php\/wp-json\/wp\/v2\/types\/post"}],"author":[{"embeddable":true,"href":"https:\/\/www.sedarauca.edu.co\/index.php\/wp-json\/wp\/v2\/users\/1"}],"replies":[{"embeddable":true,"href":"https:\/\/www.sedarauca.edu.co\/index.php\/wp-json\/wp\/v2\/comments?post=9304"}],"version-history":[{"count":5,"href":"https:\/\/www.sedarauca.edu.co\/index.php\/wp-json\/wp\/v2\/posts\/9304\/revisions"}],"predecessor-version":[{"id":9311,"href":"https:\/\/www.sedarauca.edu.co\/index.php\/wp-json\/wp\/v2\/posts\/9304\/revisions\/9311"}],"wp:featuredmedia":[{"embeddable":true,"href":"https:\/\/www.sedarauca.edu.co\/index.php\/wp-json\/wp\/v2\/media\/9310"}],"wp:attachment":[{"href":"https:\/\/www.sedarauca.edu.co\/index.php\/wp-json\/wp\/v2\/media?parent=9304"}],"wp:term":[{"taxonomy":"category","embeddable":true,"href":"https:\/\/www.sedarauca.edu.co\/index.php\/wp-json\/wp\/v2\/categories?post=9304"},{"taxonomy":"post_tag","embeddable":true,"href":"https:\/\/www.sedarauca.edu.co\/index.php\/wp-json\/wp\/v2\/tags?post=9304"}],"curies":[{"name":"wp","href":"https:\/\/api.w.org\/{rel}","templated":true}]}}