{"id":9282,"date":"2024-09-17T06:44:00","date_gmt":"2024-09-17T11:44:00","guid":{"rendered":"https:\/\/www.sedarauca.edu.co\/?p=9282"},"modified":"2024-09-21T23:49:06","modified_gmt":"2024-09-22T04:49:06","slug":"conozca-las-orientaciones-para-las-entidades-territoriales-certificadas-etc-sobre-la-etapa-de-reclamaciones-frente-a-los-resultados-y-respuesta-a-las-mismas","status":"publish","type":"post","link":"https:\/\/www.sedarauca.edu.co\/index.php\/2024\/09\/17\/conozca-las-orientaciones-para-las-entidades-territoriales-certificadas-etc-sobre-la-etapa-de-reclamaciones-frente-a-los-resultados-y-respuesta-a-las-mismas\/","title":{"rendered":"Conozca las orientaciones para las Entidades Territoriales Certificadas &#8211; ETC sobre la etapa de reclamaciones frente a los resultados y respuesta a las mismas"},"content":{"rendered":"\n[et_pb_section fb_built=\u00bb1&#8243; theme_builder_area=\u00bbpost_content\u00bb _builder_version=\u00bb4.27.0&#8243; _module_preset=\u00bbdefault\u00bb][et_pb_row _builder_version=\u00bb4.27.0&#8243; _module_preset=\u00bbdefault\u00bb theme_builder_area=\u00bbpost_content\u00bb][et_pb_column _builder_version=\u00bb4.27.0&#8243; _module_preset=\u00bbdefault\u00bb type=\u00bb4_4&#8243; theme_builder_area=\u00bbpost_content\u00bb][et_pb_text _builder_version=\u00bb4.27.0&#8243; _module_preset=\u00bbdefault\u00bb theme_builder_area=\u00bbpost_content\u00bb hover_enabled=\u00bb0&#8243; sticky_enabled=\u00bb0&#8243; custom_margin=\u00bb-20px||||false|false\u00bb]<p><strong>ORIENTACIONES PARA LAS ETC SOBRE LA ETAPA DE RECLAMACIONES FRENTE A LOS RESULTADOS Y RESPUESTA A LAS MISMAS<\/strong><\/p>\n<p>En cumplimiento a la garant\u00eda contenida en el art\u00edculo segundo de la Resoluci\u00f3n 025624 de fecha 29 de diciembre de 2023, se emiten las presentes orientaciones a las entidades territoriales certificadas en educaci\u00f3n:<\/p>\n<ol>\n<li><strong> ETAPA DE PUBLICACI\u00d3N DE RESULTADOS<\/strong><\/li>\n<\/ol>\n<p>Habi\u00e9ndose surtido tanto, el reporte de informaci\u00f3n por parte de las ETC de la informaci\u00f3n de instrumentos de experiencias, movimientos en el escalaf\u00f3n y zona de desempe\u00f1o, como, la aplicaci\u00f3n de la prueba, se llev\u00f3 a cabo el proceso de calificaci\u00f3n de cada uno de los instrumentos que hace parte de la evaluaci\u00f3n para ascenso de grado o reubicaci\u00f3n salarial, por ello, es importante brindar las siguientes orientaciones a las ETC respecto del desarrollo de las etapas que ahora corresponden, veamos:<\/p>\n<ol>\n<li><strong>1<\/strong><strong>. \u00bfEn qu\u00e9 fecha se publican los resultados de la evaluaci\u00f3n para ascenso de grado o reubicaci\u00f3n de nivel salarial?<\/strong><\/li>\n<\/ol>\n<p><strong>Respuesta: <\/strong>Conforme a lo dispuesto en el cronograma de la Resoluci\u00f3n 5829 de 2024, los resultados se publicar\u00e1n el d\u00eda 17 de septiembre de 2024.<\/p>\n<ol start=\"2\">\n<li><strong>2<\/strong><strong>. \u00bfEn qu\u00e9 lugar se van a publicar los resultados de la evaluaci\u00f3n para ascenso de grado o reubicaci\u00f3n de nivel salarial?<\/strong><\/li>\n<\/ol>\n<p><strong>Respuesta: <\/strong>El resultado de la evaluaci\u00f3n para ascenso de grado o reubicaci\u00f3n de nivel salarial se publicar\u00e1 en \u201cMI CUENTA\u201d de cada uno de los docentes, dentro de la plataforma del proceso.<\/p>\n<ol>\n<li><strong> ETAPA DE RECLAMACIONES FRENTE A LOS RESULTADOS<\/strong><\/li>\n<\/ol>\n<p>Una vez realizada la publicaci\u00f3n de resultados, es necesario tener en cuenta lo siguiente:<\/p>\n<ol>\n<li><strong>1<\/strong><strong>. \u00bfCu\u00e1l es el t\u00e9rmino que tienen los docentes para presentar reclamaciones frente a los resultados de la evaluaci\u00f3n para ascenso de grado o reubicaci\u00f3n de nivel salarial?<\/strong><\/li>\n<\/ol>\n<p><strong>Respuesta: <\/strong>El t\u00e9rmino con que cuentan los docentes para presentar reclamaciones frente a los resultados, es el comprendido desde el 18 de septiembre hasta el 24 de septiembre de 2024.<\/p>\n<ol start=\"2\">\n<li><strong>2<\/strong><strong>. \u00bfA trav\u00e9s de que medio los docentes pueden presentar las reclamaciones frente a los resultados de la evaluaci\u00f3n para ascenso de grado o reubicaci\u00f3n de nivel salarial?<\/strong><\/li>\n<\/ol>\n<p><strong>Respuesta: <\/strong>Las reclamaciones frente a los resultados de la evaluaci\u00f3n para ascenso de grado o reubicaci\u00f3n de nivel salarial, deber\u00e1n ser interpuestas por el docente \u00daNICAMENTE a trav\u00e9s del m\u00f3dulo de reclamaciones dispuesto en la Plataforma del proceso dispuesta en: <a href=\"https:\/\/poderevaluar.org.co\/#\/\">https:\/\/poderevaluar.org.co\/#\/<\/a> o a trav\u00e9s de medio f\u00edsico en la siguiente direcci\u00f3n de correspondencia: Calle 70 No. 52 \u2013 21, Medell\u00edn, Antioquia (Ventanilla \u00danica).<\/p>\n<ol start=\"3\">\n<li><strong>3<\/strong><strong>. \u00bfSe puede reclamar frente a todos los resultados de los instrumentos que componen la evaluaci\u00f3n para ascenso de grado o reubicaci\u00f3n de nivel salarial?<\/strong><\/li>\n<\/ol>\n<p><strong>Respuesta: <\/strong>Si. Los docentes pueden presentar reclamaci\u00f3n frente a los resultados de uno o de todos los instrumentos, por ello, en el m\u00f3dulo de reclamaciones de la plataforma dispuesta en: <a href=\"https:\/\/poderevaluar.org.co\/#\/\">https:\/\/poderevaluar.org.co\/#\/<\/a>, se tiene dispuesto un subm\u00f3dulo para cada uno de los instrumentos, que permitir\u00e1 al docente redactar su reclamaci\u00f3n frente a su resultado y adjuntar los soportes pertinentes.<\/p>\n<ol start=\"4\">\n<li><strong>4<\/strong><strong>. \u00bfCu\u00e1l es la consecuencia para el caso de aquellos docentes que NO PRESENTEN RECLAMACI\u00d3N en el m\u00f3dulo de reclamaciones dispuesto en la Plataforma del proceso dispuesta en: <a href=\"https:\/\/poderevaluar.org.co\/#\/\">https:\/\/poderevaluar.org.co\/#\/<\/a> o a trav\u00e9s de medio f\u00edsico en la siguiente direcci\u00f3n de correspondencia: Calle 70 No 52 \u2013 21, Medell\u00edn, Antioquia (Ventanilla \u00danica), dentro de los t\u00e9rminos previstos?<\/strong><\/li>\n<\/ol>\n<p><strong>Respuesta: <\/strong>En principio, debe tenerse en cuenta que el medio definido para presentar reclamaciones a los resultados es a trav\u00e9s del m\u00f3dulo de reclamaciones dispuesto en la Plataforma del proceso dispuesta en: https:\/\/poderevaluar.org.co\/#\/ o a trav\u00e9s de medio f\u00edsico en la siguiente direcci\u00f3n de correspondencia: Calle 70 No. 52 \u2013 21, Medell\u00edn, Antioquia (Ventanilla \u00danica).<\/p>\n<p>Si un docente no presenta reclamaci\u00f3n frente a sus resultados a trav\u00e9s del m\u00f3dulo de reclamaciones dispuesto en la Plataforma del proceso dispuesta en: https:\/\/poderevaluar.org.co\/#\/ o a trav\u00e9s de medio f\u00edsico en la siguiente direcci\u00f3n de correspondencia: Calle 70 No. 52 \u2013 21, Medell\u00edn, Antioquia (Ventanilla \u00danica)., se dar\u00e1 aplicaci\u00f3n a lo dispuesto en el inciso quinto del art\u00edculo 14 de la resoluci\u00f3n<\/p>\n<p>025624 de 2023, esto es \u201c<em>El resultado de los educadores que no presenten reclamaciones sobre su evaluaci\u00f3n quedar\u00e1 en firme desde el d\u00eda siguiente al vencimiento del t\u00e9rmino para interponer reclamaciones<\/em>\u201d.<\/p>\n<p>Es decir, la validez de la reclamaci\u00f3n que presenten los docentes frente a sus resultados est\u00e1 sujeta a dos condiciones necesarias, a saber:<\/p>\n<ol>\n<li>a) Debe ser presentada UNICAMENTE a trav\u00e9s del m\u00f3dulo de reclamaciones dispuesto en la Plataforma del proceso dispuesta en: https:\/\/poderevaluar.oco\/#\/ o a trav\u00e9s de medio f\u00edsico en la siguiente direcci\u00f3n de correspondencia: Calle 70 No. 52 \u2013 21, Medell\u00edn, Antioquia (Ventanilla \u00danica).<\/li>\n<li>b) Debe ser presentada UNICAMENTE entre el periodo comprendido entre el 18 de septiembre hasta el 24 de septiembre de 2024.<\/li>\n<\/ol>\n<p>Necesariamente deben cumplirse estas dos condiciones. Si no se cumple alguna de las condiciones, o si ninguna de ellas se cumple, la consecuencia es que se tendr\u00e1 para todos los efectos que el docente NO PRESENT\u00d3 RECLAMACI\u00d3N, y su resultado quedar\u00e1 en firme a partir del d\u00eda siguiente del vencimiento del t\u00e9rmino para presentar reclamaciones, es decir el 25 de septiembre de 2024, lo cual hace que dicho resultado sea inmodificable.<\/p>\n<p>Es importante mencionar que en t\u00e9rminos del par\u00e1grafo del art\u00edculo 15 de la resoluci\u00f3n 025624 de 2023 \u201c<em>Las reclamaciones que se interpongan por fuera del t\u00e9rmino dispuesto para esto o presentadas por un medio diferente al habilitado, no ser\u00e1n atendidas<\/em>\u201d.<\/p>\n<p>Para todos aquellos docentes que <strong>NO PRESENTEN <\/strong>reclamaci\u00f3n frente a sus resultados en el m\u00f3dulo de reclamaciones dispuesto en la Plataforma del proceso dispuesta en: https:\/\/poderevaluar.org.co\/#\/ o a trav\u00e9s de medio f\u00edsico en la siguiente direcci\u00f3n de correspondencia: Calle 70 No. 52 \u2013 21, Medell\u00edn, Antioquia (Ventanilla \u00danica)., dentro del periodo comprendido entre el 18 de septiembre hasta el 24 de septiembre de 2024, se les publicar\u00e1n sus resultados en firme el d\u00eda 26 de septiembre de 2024, los cuales se insiste ya no ser\u00edan objeto de modificaci\u00f3n alguna.<\/p>\n<ol start=\"5\">\n<li><strong>5<\/strong><strong>. \u00bfCu\u00e1l es la consecuencia para el caso de aquellos docentes que NO PRESENTEN RECLAMACI\u00d3N en el m\u00f3dulo de reclamaciones dispuesto en la Plataforma del proceso dispuesta en: <a href=\"https:\/\/poderevaluar.org.co\/#\/\">https:\/\/poderevaluar.org.co\/#\/<\/a> o a trav\u00e9s de medio f\u00edsico en la siguiente direcci\u00f3n de correspondencia: Calle 70 No 52 \u2013 21, Medell\u00edn, Antioquia (Ventanilla \u00danica), \u00bfdentro de los t\u00e9rminos previstos?<\/strong><\/li>\n<\/ol>\n<p><strong>Respuesta: <\/strong>Para el caso de todos aquellos docentes que <strong>PRESENTEN <\/strong>reclamaci\u00f3n frente a sus resultados en el m\u00f3dulo de reclamaciones dispuesto en la Plataforma del proceso dispuesta en: https:\/\/poderevaluar.org.co\/#\/ o a trav\u00e9s de medio f\u00edsico en la siguiente direcci\u00f3n de correspondencia: Calle 70 No. 52 \u2013 21, Medell\u00edn, Antioquia (Ventanilla \u00danica), dentro del periodo comprendido entre el 18 de septiembre hasta el 24 de septiembre de 2024, dichas reclamaciones ser\u00e1n tramitadas por Universidad de Antioquia (las que versen sobre la prueba) y por las ETC (las que sean sobre Instrumentos de evaluaci\u00f3n, movimientos en el escalaf\u00f3n y zona de desempe\u00f1o) cuyo t\u00e9rmino para resolver es desde el 25 de septiembre hasta el 8 de noviembre de 2024.<\/p>\n<p>Si la reclamaci\u00f3n se resuelve de manera positiva el puntaje ser\u00e1 recalculado y esos resultados son los que se publicar\u00e1n ya en firme el 13 de noviembre de 2024.<\/p>\n<ol>\n<li><strong> REPARTO DE LAS RECLAMACIONES PRESENTADAS POR LOS DOCENTES FRENTE A LOS RESULTADOS.<\/strong><\/li>\n<\/ol>\n<p>Teniendo en cuenta que el medio dispuesto para que los docentes presenten sus reclamaciones frente a los resultados es a trav\u00e9s de del m\u00f3dulo de reclamaciones dispuesto en la Plataforma del proceso dispuesta en: https:\/\/poderevaluar.org.co\/#\/ o a trav\u00e9s de medio f\u00edsico en la siguiente direcci\u00f3n de correspondencia: Calle 70 No. 52 \u2013 21, Medell\u00edn, Antioquia (Ventanilla \u00danica), el procedimiento ser\u00e1 el siguiente:<\/p>\n<ol>\n<li><strong>1<\/strong><strong>. \u00bfCu\u00e1les reclamaciones son de competencia de las ETC y cuales son de competencia de la Universidad de Antioquia?<\/strong><\/li>\n<\/ol>\n<p><strong>Respuesta: <\/strong>Teniendo en cuenta que la Universidad de Antioquia fue quien dise\u00f1\u00f3, aplic\u00f3 y calific\u00f3 la prueba (pedag\u00f3gica y autoevaluaci\u00f3n), todas las reclamaciones que presenten los docentes, frente a este instrumento, son de competencia de la Universidad de Antioquia, y ser\u00e1 esta instituci\u00f3n la encargada de dar respuesta a las mismas.<\/p>\n<p>Por otra parte, y considerando que la ETC fue quien report\u00f3 la informaci\u00f3n de instrumentos de experiencia, movimientos en el escalaf\u00f3n y zona de desempe\u00f1o, todas las reclamaciones que presenten los docentes, frente a estos instrumentos, son de competencia de la ETC, entidad que deber\u00e1, dar respuesta a las mismas y adem\u00e1s, digitar en el m\u00f3dulo de la plataforma las correcciones que surjan en virtud de la respuesta positiva que se le d\u00e9 a las reclamaciones.<\/p>\n<ol start=\"2\">\n<li><strong>2<\/strong><strong>. \u00bfDe qu\u00e9 manera la ETC tiene acceso a las reclamaciones presentadas por los docentes frente a los resultados de los instrumentos de experiencia, movimientos en el escalaf\u00f3n y zona de desempe\u00f1o?<\/strong><\/li>\n<\/ol>\n<p><strong>Respuesta. <\/strong>Vencido el t\u00e9rmino para presentar reclamaciones, <strong>l<\/strong>a Universidad de Antioquia clasificar\u00e1 las reclamaciones presentadas por los docentes en el m\u00f3dulo de reclamaciones dispuesto en la Plataforma del proceso dispuesta en: https:\/\/poderevaluar.org.co\/#\/ o a trav\u00e9s de medio f\u00edsico en la siguiente direcci\u00f3n de correspondencia: Calle 70 No. 52 \u2013 21, Medell\u00edn, Antioquia (Ventanilla \u00danica)., y todas las reclamaciones que presenten los docentes frente a los instrumentos de experiencia, movimientos en el escalaf\u00f3n y zona de desempe\u00f1o, los direccionar\u00e1 a la ETC a trav\u00e9s del correo suministrado por la entidad para esta etapa. Una vez direccionadas, la ETC podr\u00e1 acceder al correo suministrado, y descargar, tanto la reclamaci\u00f3n como los soportes allegados por el docente.<\/p>\n<ol>\n<li><strong> RESPUESTA A RECLAMACIONES<\/strong><\/li>\n<\/ol>\n<p>Vencido el t\u00e9rmino para interponer reclamaciones, las ETC deben tener en cuenta lo siguiente:<\/p>\n<ol>\n<li><strong>1<\/strong><strong>. \u00bfCu\u00e1l es el t\u00e9rmino con que cuenta la Universidad y la ETC para resolver las reclamaciones frente a los resultados de la prueba, instrumentos de experiencia, zonas de desempe\u00f1o, y movimientos de escalaf\u00f3n?<\/strong><\/li>\n<\/ol>\n<p><strong>Respuesta: <\/strong>La ETC cuenta con un t\u00e9rmino para resolver las reclamaciones frente a los resultados de la prueba, instrumentos de experiencia, zonas de desempe\u00f1o, y movimientos de escalaf\u00f3n, que va desde el 25 de septiembre hasta el 8 de noviembre de 2024.<\/p>\n<ol start=\"2\">\n<li><strong>2<\/strong><strong>. \u00bfCu\u00e1l es el procedimiento que debe adelantar la ETC para dar respuesta a los docentes que presentaron reclamaci\u00f3n y para reportar las correcciones que surjan a partir de las reclamaciones que se resuelvan en favor del docente?<\/strong><\/li>\n<\/ol>\n<p><strong>Respuesta: <\/strong>Como se mencion\u00f3 en l\u00edneas anteriores, las reclamaciones frente a los resultados se deben presentar \u00daNICAMENTE por parte de los docentes, en el m\u00f3dulo de reclamaciones dispuesto en la Plataforma del proceso dispuesta en: https:\/\/poderevaluar.org.co\/#\/ o a trav\u00e9s de medio f\u00edsico en la siguiente direcci\u00f3n de correspondencia: Calle 70 No. 52 \u2013 21, Medell\u00edn, Antioquia (Ventanilla \u00danica).<\/p>\n<p>La universidad de Antioquia remitir\u00e1 a la ETC &#8211; a trav\u00e9s del correo suministrado por la entidad para esta etapa- todas las reclamaciones que presenten los docentes frente a los instrumentos de experiencia, movimientos en el escalaf\u00f3n y zona de desempe\u00f1o.<\/p>\n<p>La respuesta debe estar debidamente firmada por el funcionario competente, y debe ser cargada en PDF a trav\u00e9s del m\u00f3dulo de la plataforma del proceso.<\/p>\n<p>Cuando la respuesta a la reclamaci\u00f3n sea favorable en la parte final de la respuesta se debe agregar el siguiente p\u00e1rrafo \u201c<em>L<\/em><em>as correcciones de informaci\u00f3n aqu\u00ed concedidas ser\u00e1n reportadas para que en la plataforma del proceso se realicen los ajustes a la informaci\u00f3n y a los resultados<\/em>\u201d<\/p>\n<p>En aquellos casos en que la respuesta a la reclamaci\u00f3n sea favorable al docente, la entidad debe registrar los cambios correspondientes a la informaci\u00f3n de instrumentos de experiencia, movimientos en el escalaf\u00f3n y zona de desempe\u00f1o, en los m\u00f3dulos de la plataforma.<\/p>\n<ol>\n<li><strong> PUBLICACI\u00d3N DE RESULTADOS DE LOS DOCENTES QUE INTERPUSIERON RECLAMACIONES.<\/strong><\/li>\n<\/ol>\n<p>Habi\u00e9ndose vencido el t\u00e9rmino concedido para que la Universidad de Antioquia y las ETC resolvieran las reclamaciones, sigue lo siguiente:<\/p>\n<p>El d\u00eda 13 de noviembre de 2024, se publicar\u00e1 el listado definitivo de aspirantes que superaron o no superaron la evaluaci\u00f3n luego de la respuesta de sus reclamaciones.<\/p>\n<p>&nbsp;<\/p>[\/et_pb_text][\/et_pb_column][\/et_pb_row][et_pb_row _builder_version=\u00bb4.27.0&#8243; _module_preset=\u00bbdefault\u00bb theme_builder_area=\u00bbpost_content\u00bb][et_pb_column _builder_version=\u00bb4.27.0&#8243; _module_preset=\u00bbdefault\u00bb type=\u00bb4_4&#8243; theme_builder_area=\u00bbpost_content\u00bb][et_pb_divider _builder_version=\u00bb4.27.0&#8243; _module_preset=\u00bbdefault\u00bb theme_builder_area=\u00bbpost_content\u00bb hover_enabled=\u00bb0&#8243; sticky_enabled=\u00bb0&#8243; custom_margin=\u00bb-20px||||false|false\u00bb][\/et_pb_divider][\/et_pb_column][\/et_pb_row][et_pb_row _builder_version=\u00bb4.27.0&#8243; _module_preset=\u00bbdefault\u00bb theme_builder_area=\u00bbpost_content\u00bb link_option_url=\u00bbhttps:\/\/www.sedarauca.edu.co\/wp-content\/uploads\/2024\/09\/ORIENTACION-PARA-RECLAMACIONES-A-RESULTA.pdf_2024-EE-264476.pdf\u00bb link_option_url_new_window=\u00bbon\u00bb hover_enabled=\u00bb0&#8243; sticky_enabled=\u00bb0&#8243;][et_pb_column _builder_version=\u00bb4.27.0&#8243; _module_preset=\u00bbdefault\u00bb type=\u00bb4_4&#8243; theme_builder_area=\u00bbpost_content\u00bb][et_pb_code _builder_version=\u00bb4.27.0&#8243; _module_preset=\u00bbdefault\u00bb theme_builder_area=\u00bbpost_content\u00bb link_option_url_new_window=\u00bbon\u00bb link_option_url=\u00bbhttps:\/\/www.sedarauca.edu.co\/wp-content\/uploads\/2024\/09\/ORIENTACION-PARA-RECLAMACIONES-A-RESULTA.pdf_2024-EE-264476.pdf\u00bb hover_enabled=\u00bb0&#8243; sticky_enabled=\u00bb0&#8243;]<a href=\"https:\/\/www.sedarauca.edu.co\/wp-content\/uploads\/2024\/09\/ORIENTACION-PARA-RECLAMACIONES-A-RESULTA.pdf_2024-EE-264476.pdf\" class=\"pdfemb-viewer\" style=\"\" data-width=\"max\" data-height=\"max\" data-toolbar=\"bottom\" data-toolbar-fixed=\"on\">ORIENTACION-PARA-RECLAMACIONES-A-RESULTA.pdf_2024-EE-264476<\/a>[\/et_pb_code][\/et_pb_column][\/et_pb_row][\/et_pb_section]\n","protected":false},"excerpt":{"rendered":"<p>ORIENTACIONES PARA LAS ETC SOBRE LA ETAPA DE RECLAMACIONES FRENTE A LOS RESULTADOS Y RESPUESTA A LAS MISMAS En cumplimiento a la garant\u00eda contenida en el art\u00edculo segundo de la Resoluci\u00f3n 025624 de fecha 29 de diciembre de 2023, se emiten las presentes orientaciones a las entidades territoriales certificadas en educaci\u00f3n: ETAPA DE PUBLICACI\u00d3N DE [&hellip;]<\/p>\n","protected":false},"author":1,"featured_media":9315,"comment_status":"closed","ping_status":"closed","sticky":false,"template":"","format":"standard","meta":{"_et_pb_use_builder":"on","_et_pb_old_content":"","_et_gb_content_width":"","footnotes":""},"categories":[6],"tags":[],"class_list":["post-9282","post","type-post","status-publish","format-standard","has-post-thumbnail","hentry","category-noticias"],"_links":{"self":[{"href":"https:\/\/www.sedarauca.edu.co\/index.php\/wp-json\/wp\/v2\/posts\/9282","targetHints":{"allow":["GET"]}}],"collection":[{"href":"https:\/\/www.sedarauca.edu.co\/index.php\/wp-json\/wp\/v2\/posts"}],"about":[{"href":"https:\/\/www.sedarauca.edu.co\/index.php\/wp-json\/wp\/v2\/types\/post"}],"author":[{"embeddable":true,"href":"https:\/\/www.sedarauca.edu.co\/index.php\/wp-json\/wp\/v2\/users\/1"}],"replies":[{"embeddable":true,"href":"https:\/\/www.sedarauca.edu.co\/index.php\/wp-json\/wp\/v2\/comments?post=9282"}],"version-history":[{"count":7,"href":"https:\/\/www.sedarauca.edu.co\/index.php\/wp-json\/wp\/v2\/posts\/9282\/revisions"}],"predecessor-version":[{"id":9314,"href":"https:\/\/www.sedarauca.edu.co\/index.php\/wp-json\/wp\/v2\/posts\/9282\/revisions\/9314"}],"wp:featuredmedia":[{"embeddable":true,"href":"https:\/\/www.sedarauca.edu.co\/index.php\/wp-json\/wp\/v2\/media\/9315"}],"wp:attachment":[{"href":"https:\/\/www.sedarauca.edu.co\/index.php\/wp-json\/wp\/v2\/media?parent=9282"}],"wp:term":[{"taxonomy":"category","embeddable":true,"href":"https:\/\/www.sedarauca.edu.co\/index.php\/wp-json\/wp\/v2\/categories?post=9282"},{"taxonomy":"post_tag","embeddable":true,"href":"https:\/\/www.sedarauca.edu.co\/index.php\/wp-json\/wp\/v2\/tags?post=9282"}],"curies":[{"name":"wp","href":"https:\/\/api.w.org\/{rel}","templated":true}]}}