{"id":9271,"date":"2024-09-13T15:40:00","date_gmt":"2024-09-13T20:40:00","guid":{"rendered":"https:\/\/www.sedarauca.edu.co\/?p=9271"},"modified":"2024-09-17T09:41:24","modified_gmt":"2024-09-17T14:41:24","slug":"culmino-con-exito-la-convocatoria-dirigida-a-docentes-del-departamento-de-arauca-para-la-integracion-de-ecosistemas-stem-en-la-practica-pedagogica","status":"publish","type":"post","link":"https:\/\/www.sedarauca.edu.co\/index.php\/2024\/09\/13\/culmino-con-exito-la-convocatoria-dirigida-a-docentes-del-departamento-de-arauca-para-la-integracion-de-ecosistemas-stem-en-la-practica-pedagogica\/","title":{"rendered":"Culmin\u00f3 con \u00e9xito la convocatoria dirigida a docentes del departamento de Arauca para la Integraci\u00f3n de Ecosistemas STEM en la pr\u00e1ctica pedag\u00f3gica"},"content":{"rendered":"\n[et_pb_section fb_built=\u00bb1&#8243; theme_builder_area=\u00bbpost_content\u00bb _builder_version=\u00bb4.27.0&#8243; _module_preset=\u00bbdefault\u00bb][et_pb_row _builder_version=\u00bb4.27.0&#8243; _module_preset=\u00bbdefault\u00bb theme_builder_area=\u00bbpost_content\u00bb][et_pb_column _builder_version=\u00bb4.27.0&#8243; _module_preset=\u00bbdefault\u00bb type=\u00bb4_4&#8243; theme_builder_area=\u00bbpost_content\u00bb][et_pb_text _builder_version=\u00bb4.27.0&#8243; _module_preset=\u00bbdefault\u00bb theme_builder_area=\u00bbpost_content\u00bb custom_margin=\u00bb-30px||||false|false\u00bb hover_enabled=\u00bb0&#8243; sticky_enabled=\u00bb0&#8243;]<p style=\"text-align: center;\"><em>Un total de 438 fueron los seleccionados tras la convocatoria dirigida a docentes de aula del departamento de Arauca, que una vez surtido el proceso de selecci\u00f3n, la Secretar\u00eda de Educaci\u00f3n Departamental, presenta la identificaci\u00f3n de quienes cumplieron con los requisitos de participaci\u00f3n en el proyecto \u201cIMPLEMENTACI\u00d3N DE PR\u00c1CTICAS EDUCATIVAS DESDE LA INTEGRACI\u00d3N DE ECOSISTEMAS STEM PARA EL MEJORAMIENTO DE LA CALIDAD EDUCATIVA DE LOS ESTABLECIMIENTOS EDUCATIVOS OFICIALES DEL DEPARTAMENTO DE ARAUCA\u201d.<\/em><\/p>[\/et_pb_text][\/et_pb_column][\/et_pb_row][et_pb_row _builder_version=\u00bb4.27.0&#8243; _module_preset=\u00bbdefault\u00bb theme_builder_area=\u00bbpost_content\u00bb][et_pb_column _builder_version=\u00bb4.27.0&#8243; _module_preset=\u00bbdefault\u00bb type=\u00bb4_4&#8243; theme_builder_area=\u00bbpost_content\u00bb][et_pb_text _builder_version=\u00bb4.27.0&#8243; _module_preset=\u00bbdefault\u00bb theme_builder_area=\u00bbpost_content\u00bb custom_margin=\u00bb-10px||||false|false\u00bb hover_enabled=\u00bb0&#8243; sticky_enabled=\u00bb0&#8243;]<p style=\"text-align: justify;\">La Gobernaci\u00f3n de Arauca lo realiz\u00f3 con el objetivo de brindar herramientas a los maestros que les permita dinamizar sus pr\u00e1cticas pedag\u00f3gicas y ofrecer experiencias de aprendizaje a los estudiantes desde este enfoque, permitiendo que se incentive el inter\u00e9s por el aprendizaje de Ciencias, Tecnolog\u00eda, Ingenier\u00eda y Matem\u00e1ticas, ciencias de la computaci\u00f3n y el desarrollo del pensamiento computacional, como competencias esenciales de cara a los desaf\u00edos y retos de la Cuarta Revoluci\u00f3n Industrial (4RI) y como pilares para el desarrollo sostenible y el bienestar social as\u00ed como el asesoramiento para el desarrollo de los proyectos con uso de tics que se realicen en las instituciones educativas beneficiadas en los siete municipios: Arauca, Arauquita, Cravo Norte, Fortul, Puerto Rond\u00f3n, Saravena y Tame.<\/p>\n<p style=\"text-align: justify;\">Es importante subrayar que, este ser\u00e1 un programa de educaci\u00f3n continuada a nivel de diplomado que estar\u00e1 respaldado, y ser\u00e1 implementado, directamente por una Instituci\u00f3n de Educaci\u00f3n Superior -IES- reconocida por el Ministerio de Educaci\u00f3n Nacional -MEN.<\/p>\n<p style=\"text-align: justify;\">Vale la pena indicar que \u201cEl diplomado va dirigido a docentes en servicio activo del sector oficial departamental, que pertenezcan a diferentes \u00e1reas, pero en especial a las \u00e1reas de tecnolog\u00eda e inform\u00e1tica, matem\u00e1ticas y ciencias (naturales y sociales) en los niveles de educaci\u00f3n b\u00e1sica (desde tercero primaria y secundaria) y educaci\u00f3n media, ubicados en establecimientos educativos beneficiados\u201d.<\/p>\n<p style=\"text-align: justify;\">Con todo y lo anterior la oferta acad\u00e9mica estar\u00e1 compuesta por cursos o m\u00f3dulos. Al finalizar todas las unidades de aprendizaje del diplomado se realizar\u00e1 un evento de clausura, en el cual las y los participantes realizar\u00e1n la \u201cPresentaci\u00f3n del Proyecto aplicado STEAM para el Desarrollo Sostenible\u201d desarrollado en el transcurso del programa.<\/p>[\/et_pb_text][\/et_pb_column][\/et_pb_row][et_pb_row _builder_version=\u00bb4.27.0&#8243; _module_preset=\u00bbdefault\u00bb theme_builder_area=\u00bbpost_content\u00bb][et_pb_column _builder_version=\u00bb4.27.0&#8243; _module_preset=\u00bbdefault\u00bb type=\u00bb4_4&#8243; theme_builder_area=\u00bbpost_content\u00bb][et_pb_divider _builder_version=\u00bb4.27.0&#8243; _module_preset=\u00bbdefault\u00bb theme_builder_area=\u00bbpost_content\u00bb hover_enabled=\u00bb0&#8243; sticky_enabled=\u00bb0&#8243;][\/et_pb_divider][\/et_pb_column][\/et_pb_row][et_pb_row _builder_version=\u00bb4.27.0&#8243; _module_preset=\u00bbdefault\u00bb theme_builder_area=\u00bbpost_content\u00bb link_option_url=\u00bbhttps:\/\/www.sedarauca.edu.co\/wp-content\/uploads\/2024\/09\/Nota-de-prensa-STEM-docentes-seleccionados.pdf\u00bb link_option_url_new_window=\u00bbon\u00bb hover_enabled=\u00bb0&#8243; sticky_enabled=\u00bb0&#8243;][et_pb_column _builder_version=\u00bb4.27.0&#8243; _module_preset=\u00bbdefault\u00bb type=\u00bb4_4&#8243; theme_builder_area=\u00bbpost_content\u00bb][et_pb_code _builder_version=\u00bb4.27.0&#8243; _module_preset=\u00bbdefault\u00bb theme_builder_area=\u00bbpost_content\u00bb link_option_url=\u00bbhttps:\/\/www.sedarauca.edu.co\/wp-content\/uploads\/2024\/09\/Nota-de-prensa-STEM-docentes-seleccionados.pdf\u00bb link_option_url_new_window=\u00bbon\u00bb hover_enabled=\u00bb0&#8243; sticky_enabled=\u00bb0&#8243;]<a href=\"https:\/\/www.sedarauca.edu.co\/wp-content\/uploads\/2024\/09\/Nota-de-prensa-STEM-docentes-seleccionados.pdf\" class=\"pdfemb-viewer\" style=\"\" data-width=\"max\" data-height=\"max\" data-toolbar=\"bottom\" data-toolbar-fixed=\"on\">Nota-de-prensa-STEM-docentes-seleccionados<\/a>[\/et_pb_code][\/et_pb_column][\/et_pb_row][\/et_pb_section]\n","protected":false},"excerpt":{"rendered":"<p>Un total de 438 fueron los seleccionados tras la convocatoria dirigida a docentes de aula del departamento de Arauca, que una vez surtido el proceso de selecci\u00f3n, la Secretar\u00eda de Educaci\u00f3n Departamental, presenta la identificaci\u00f3n de quienes cumplieron con los requisitos de participaci\u00f3n en el proyecto \u201cIMPLEMENTACI\u00d3N DE PR\u00c1CTICAS EDUCATIVAS DESDE LA INTEGRACI\u00d3N DE ECOSISTEMAS [&hellip;]<\/p>\n","protected":false},"author":1,"featured_media":9292,"comment_status":"closed","ping_status":"closed","sticky":false,"template":"","format":"standard","meta":{"_et_pb_use_builder":"on","_et_pb_old_content":"","_et_gb_content_width":"","footnotes":""},"categories":[44,6],"tags":[],"class_list":["post-9271","post","type-post","status-publish","format-standard","has-post-thumbnail","hentry","category-gestion","category-noticias"],"_links":{"self":[{"href":"https:\/\/www.sedarauca.edu.co\/index.php\/wp-json\/wp\/v2\/posts\/9271","targetHints":{"allow":["GET"]}}],"collection":[{"href":"https:\/\/www.sedarauca.edu.co\/index.php\/wp-json\/wp\/v2\/posts"}],"about":[{"href":"https:\/\/www.sedarauca.edu.co\/index.php\/wp-json\/wp\/v2\/types\/post"}],"author":[{"embeddable":true,"href":"https:\/\/www.sedarauca.edu.co\/index.php\/wp-json\/wp\/v2\/users\/1"}],"replies":[{"embeddable":true,"href":"https:\/\/www.sedarauca.edu.co\/index.php\/wp-json\/wp\/v2\/comments?post=9271"}],"version-history":[{"count":6,"href":"https:\/\/www.sedarauca.edu.co\/index.php\/wp-json\/wp\/v2\/posts\/9271\/revisions"}],"predecessor-version":[{"id":9280,"href":"https:\/\/www.sedarauca.edu.co\/index.php\/wp-json\/wp\/v2\/posts\/9271\/revisions\/9280"}],"wp:featuredmedia":[{"embeddable":true,"href":"https:\/\/www.sedarauca.edu.co\/index.php\/wp-json\/wp\/v2\/media\/9292"}],"wp:attachment":[{"href":"https:\/\/www.sedarauca.edu.co\/index.php\/wp-json\/wp\/v2\/media?parent=9271"}],"wp:term":[{"taxonomy":"category","embeddable":true,"href":"https:\/\/www.sedarauca.edu.co\/index.php\/wp-json\/wp\/v2\/categories?post=9271"},{"taxonomy":"post_tag","embeddable":true,"href":"https:\/\/www.sedarauca.edu.co\/index.php\/wp-json\/wp\/v2\/tags?post=9271"}],"curies":[{"name":"wp","href":"https:\/\/api.w.org\/{rel}","templated":true}]}}