{"id":913,"date":"2022-11-16T17:47:00","date_gmt":"2022-11-16T22:47:00","guid":{"rendered":"https:\/\/www.sedarauca.edu.co\/?p=913"},"modified":"2022-11-28T11:57:18","modified_gmt":"2022-11-28T16:57:18","slug":"establecimientos-educativos-ubicados-en-zonas-rurales-de-dificil-acceso-vigencia-2023","status":"publish","type":"post","link":"https:\/\/www.sedarauca.edu.co\/index.php\/2022\/11\/16\/establecimientos-educativos-ubicados-en-zonas-rurales-de-dificil-acceso-vigencia-2023\/","title":{"rendered":"<strong>Determinados los establecimientos educativos ubicados en Zonas Rurales de Dif\u00edcil Acceso &#8211; Vigencia 2023<\/strong>"},"content":{"rendered":"\n\n\n\n\n\n[et_pb_section fb_built=\u00bb1&#8243; theme_builder_area=\u00bbpost_content\u00bb _builder_version=\u00bb4.19.0&#8243; _module_preset=\u00bbdefault\u00bb][et_pb_row _builder_version=\u00bb4.19.0&#8243; _module_preset=\u00bbdefault\u00bb theme_builder_area=\u00bbpost_content\u00bb][et_pb_column _builder_version=\u00bb4.19.0&#8243; _module_preset=\u00bbdefault\u00bb type=\u00bb4_4&#8243; theme_builder_area=\u00bbpost_content\u00bb][et_pb_text _builder_version=\u00bb4.19.0&#8243; _module_preset=\u00bbdefault\u00bb theme_builder_area=\u00bbpost_content\u00bb hover_enabled=\u00bb0&#8243; sticky_enabled=\u00bb0&#8243;]<p style=\"text-align: justify;\">En cumplimiento del decreto Nacional No. 521 de 2010, la Secretar\u00eda de Educaci\u00f3n Departamental conforme a las deliberaciones del comit\u00e9 t\u00e9cnico asesor para la definici\u00f3n de zonas de dif\u00edcil acceso en el Departamento de Arauca, expidi\u00f3 el decreto Departamental No. 1278 de 2022 en el cual se estableci\u00f3 las instituciones y centros educativos que conservan tal car\u00e1cter y cumplen alguna de las situaciones previstas en el decreto nacional para ser consideradas Zonas de Dif\u00edcil Acceso durante el a\u00f1o lectivo escolar 2023.<\/p>\n<p style=\"text-align: justify;\">De acuerdo con lo anterior y en cumplimiento del decreto nacional, se procede a publicar en la p\u00e1gina web de la Secretar\u00eda de Educaci\u00f3n Departamental el decreto de ZDA que va a regir a partir del a\u00f1o 2023.<\/p>[\/et_pb_text][et_pb_button button_text=\u00bbDescargar Decreto en PDF\u00bb _builder_version=\u00bb4.19.0&#8243; _module_preset=\u00bbdefault\u00bb theme_builder_area=\u00bbpost_content\u00bb button_alignment=\u00bbcenter\u00bb custom_button=\u00bbon\u00bb button_text_color=\u00bb#FFFFFF\u00bb button_bg_color=\u00bb#0C71C3&#8243; button_bg_enable_color=\u00bbon\u00bb button_border_radius=\u00bb30px\u00bb button_icon=\u00bb&#xf1c1;||fa||900&#8243; hover_enabled=\u00bb0&#8243; sticky_enabled=\u00bb0&#8243; url_new_window=\u00bbon\u00bb button_url=\u00bbhttps:\/\/www.sedarauca.edu.co\/wp-content\/uploads\/2022\/11\/Decreto-ZDA-ano-2023-No-1278-de-11-de-nov-de-2022-.pdf\u00bb][\/et_pb_button][\/et_pb_column][\/et_pb_row][\/et_pb_section]\n\n\n\n\n\n","protected":false},"excerpt":{"rendered":"<p>En cumplimiento del decreto Nacional No. 521 de 2010, la Secretar\u00eda de Educaci\u00f3n Departamental conforme a las deliberaciones del comit\u00e9 t\u00e9cnico asesor para la definici\u00f3n de zonas de dif\u00edcil acceso en el Departamento de Arauca, expidi\u00f3 el decreto Departamental No. 1278 de 2022 en el cual se estableci\u00f3 las instituciones y centros educativos que conservan [&hellip;]<\/p>\n","protected":false},"author":1,"featured_media":954,"comment_status":"closed","ping_status":"closed","sticky":false,"template":"","format":"standard","meta":{"_et_pb_use_builder":"on","_et_pb_old_content":"","_et_gb_content_width":"","footnotes":""},"categories":[22,25],"tags":[],"class_list":["post-913","post","type-post","status-publish","format-standard","has-post-thumbnail","hentry","category-decreto","category-publicacion"],"_links":{"self":[{"href":"https:\/\/www.sedarauca.edu.co\/index.php\/wp-json\/wp\/v2\/posts\/913","targetHints":{"allow":["GET"]}}],"collection":[{"href":"https:\/\/www.sedarauca.edu.co\/index.php\/wp-json\/wp\/v2\/posts"}],"about":[{"href":"https:\/\/www.sedarauca.edu.co\/index.php\/wp-json\/wp\/v2\/types\/post"}],"author":[{"embeddable":true,"href":"https:\/\/www.sedarauca.edu.co\/index.php\/wp-json\/wp\/v2\/users\/1"}],"replies":[{"embeddable":true,"href":"https:\/\/www.sedarauca.edu.co\/index.php\/wp-json\/wp\/v2\/comments?post=913"}],"version-history":[{"count":7,"href":"https:\/\/www.sedarauca.edu.co\/index.php\/wp-json\/wp\/v2\/posts\/913\/revisions"}],"predecessor-version":[{"id":923,"href":"https:\/\/www.sedarauca.edu.co\/index.php\/wp-json\/wp\/v2\/posts\/913\/revisions\/923"}],"wp:featuredmedia":[{"embeddable":true,"href":"https:\/\/www.sedarauca.edu.co\/index.php\/wp-json\/wp\/v2\/media\/954"}],"wp:attachment":[{"href":"https:\/\/www.sedarauca.edu.co\/index.php\/wp-json\/wp\/v2\/media?parent=913"}],"wp:term":[{"taxonomy":"category","embeddable":true,"href":"https:\/\/www.sedarauca.edu.co\/index.php\/wp-json\/wp\/v2\/categories?post=913"},{"taxonomy":"post_tag","embeddable":true,"href":"https:\/\/www.sedarauca.edu.co\/index.php\/wp-json\/wp\/v2\/tags?post=913"}],"curies":[{"name":"wp","href":"https:\/\/api.w.org\/{rel}","templated":true}]}}