{"id":8926,"date":"2024-06-27T10:14:00","date_gmt":"2024-06-27T15:14:00","guid":{"rendered":"https:\/\/www.sedarauca.edu.co\/?p=8926"},"modified":"2024-06-27T15:10:21","modified_gmt":"2024-06-27T20:10:21","slug":"mas-de-12-mil-estudiantes-se-estan-beneficiando-con-ampliacion-de-tiempo-escolar-en-las-instituciones-educativas-oficiales","status":"publish","type":"post","link":"https:\/\/www.sedarauca.edu.co\/index.php\/2024\/06\/27\/mas-de-12-mil-estudiantes-se-estan-beneficiando-con-ampliacion-de-tiempo-escolar-en-las-instituciones-educativas-oficiales\/","title":{"rendered":"M\u00e1s de 12 mil estudiantes se est\u00e1n beneficiando con ampliaci\u00f3n de tiempo escolar en las instituciones educativas oficiales"},"content":{"rendered":"<p>[et_pb_section fb_built=\u00bb1&#8243; _builder_version=\u00bb4.25.2&#8243; _module_preset=\u00bbdefault\u00bb global_colors_info=\u00bb{}\u00bb][et_pb_row _builder_version=\u00bb4.25.2&#8243; _module_preset=\u00bbdefault\u00bb global_colors_info=\u00bb{}\u00bb][et_pb_column type=\u00bb4_4&#8243; _builder_version=\u00bb4.25.2&#8243; _module_preset=\u00bbdefault\u00bb global_colors_info=\u00bb{}\u00bb][et_pb_text _builder_version=\u00bb4.25.2&#8243; _module_preset=\u00bbdefault\u00bb custom_margin=\u00bb-30px||||false|false\u00bb global_colors_info=\u00bb{}\u00bb]<\/p>\n<p style=\"text-align: center;\"><em>En el segundo semestre del calendario acad\u00e9mico 2024 se sumaran 1.655 estudiantes que se beneficiaran de esta estrategia, para un total de 13.994 ni\u00f1os, ni\u00f1as y adolescentes en jornada escolar ampliada.<\/em><\/p>\n<p>[\/et_pb_text][\/et_pb_column][\/et_pb_row][et_pb_row _builder_version=\u00bb4.25.2&#8243; _module_preset=\u00bbdefault\u00bb global_colors_info=\u00bb{}\u00bb][et_pb_column type=\u00bb4_4&#8243; _builder_version=\u00bb4.25.2&#8243; _module_preset=\u00bbdefault\u00bb global_colors_info=\u00bb{}\u00bb][et_pb_text _builder_version=\u00bb4.25.2&#8243; _module_preset=\u00bbdefault\u00bb global_colors_info=\u00bb{}\u00bb]<\/p>\n<p style=\"text-align: justify;\"><strong>Arauca, 27 de junio 2024.<\/strong> Para la presente vigencia, Mediante Resoluci\u00f3n No. 1793 de 2024, la Gobernaci\u00f3n de Arauca a trav\u00e9s de la Secretar\u00eda de Educaci\u00f3n Departamental de Arauca autoriz\u00f3 a 48 sedes educativas oficiales para implementar la estrategia de ampliaci\u00f3n del tiempo escolar (antes conocido como Jornada \u00danica), que se suman a las 201 sedes que ya ven\u00edan implementando esta modalidad.<\/p>\n<p style=\"text-align: justify;\">\u201cDesde 2016 en el departamento de Arauca se viene implementando la jornada de ampliaci\u00f3n de tiempo escolar y ha ido aumentando su cobertura gradualmente con una pol\u00edtica que busca mejorar la calidad del sistema educativo, apoyada por el Estado, para asegurar las condiciones pedag\u00f3gicas, alimenticias, financieras y de infraestructura que brinde verdaderas oportunidades de progreso a las ni\u00f1as, ni\u00f1os y adolescentes\u201d asegur\u00f3 el secretario de Educaci\u00f3n Departamental, Ariel Pedraza Pinz\u00f3n.<\/p>\n<p style=\"text-align: justify;\">Agreg\u00f3 que con esta \u00faltima Resoluci\u00f3n expedida se beneficiar\u00e1n a 1.655 estudiantes de la zona rural de los municipios de Arauca, Arauquita, Saravena y Tame; que se suman a los 12.339 que ya ven\u00edan implementando esta estrategia en el Departamento.<\/p>\n<p style=\"text-align: justify;\">Es decir, a la fecha con esta estrategia tenemos una cobertura del 24% y para la vigencia 2025 se proyecta aumentarla en un 30% aproximadamente, que beneficiar\u00eda a 3.675 estudiantes m\u00e1s.<\/p>\n<p style=\"text-align: justify;\">\u201cDe esta manera damos cumplimiento al Decreto 501 de 2016, con el que se reglament\u00f3 la Jornada \u00danica y su implementaci\u00f3n en los establecimientos educativos oficiales del pa\u00eds, que fue modificado parcialmente un a\u00f1o m\u00e1s tarde con el Decreto 2105 de 2017\u201d concluy\u00f3 el l\u00edder de la cartera\u00a0educativa.<\/p>\n<p>[\/et_pb_text][\/et_pb_column][\/et_pb_row][et_pb_row _builder_version=\u00bb4.25.2&#8243; _module_preset=\u00bbdefault\u00bb][et_pb_column _builder_version=\u00bb4.25.2&#8243; _module_preset=\u00bbdefault\u00bb type=\u00bb4_4&#8243;][et_pb_image src=\u00bbhttps:\/\/www.sedarauca.edu.co\/wp-content\/uploads\/2024\/06\/JornadaExtend-scaled.jpg\u00bb _builder_version=\u00bb4.25.2&#8243; _module_preset=\u00bbdefault\u00bb title_text=\u00bbJornadaExtend\u00bb hover_enabled=\u00bb0&#8243; sticky_enabled=\u00bb0&#8243;][\/et_pb_image][\/et_pb_column][\/et_pb_row][et_pb_row _builder_version=\u00bb4.25.2&#8243; _module_preset=\u00bbdefault\u00bb link_option_url=\u00bbhttps:\/\/www.sedarauca.edu.co\/wp-content\/uploads\/2024\/06\/Jornada-unica-2024_0001.pdf\u00bb link_option_url_new_window=\u00bbon\u00bb global_colors_info=\u00bb{}\u00bb][et_pb_column type=\u00bb4_4&#8243; _builder_version=\u00bb4.25.2&#8243; _module_preset=\u00bbdefault\u00bb global_colors_info=\u00bb{}\u00bb][et_pb_code _builder_version=\u00bb4.25.2&#8243; _module_preset=\u00bbdefault\u00bb link_option_url=\u00bbhttps:\/\/www.sedarauca.edu.co\/wp-content\/uploads\/2024\/06\/Jornada-unica-2024_0001.pdf\u00bb link_option_url_new_window=\u00bbon\u00bb global_colors_info=\u00bb{}\u00bb]<a href=\"https:\/\/www.sedarauca.edu.co\/wp-content\/uploads\/2024\/06\/Jornada-unica-2024_0001.pdf\" class=\"pdfemb-viewer\" style=\"\" data-width=\"max\" data-height=\"max\" data-toolbar=\"bottom\" data-toolbar-fixed=\"on\">Jornada-unica-2024_0001<\/a>[\/et_pb_code][\/et_pb_column][\/et_pb_row][\/et_pb_section]<\/p>\n","protected":false},"excerpt":{"rendered":"<p>En el segundo semestre del calendario acad\u00e9mico 2024 se sumaran 1.655 estudiantes que se beneficiaran de esta estrategia, para un total de 13.994 ni\u00f1os, ni\u00f1as y adolescentes en jornada escolar ampliada.Arauca, 27 de junio 2024. Para la presente vigencia, Mediante Resoluci\u00f3n No. 1793 de 2024, la Gobernaci\u00f3n de Arauca a trav\u00e9s de la Secretar\u00eda de [&hellip;]<\/p>\n","protected":false},"author":1,"featured_media":8932,"comment_status":"closed","ping_status":"closed","sticky":false,"template":"","format":"standard","meta":{"_et_pb_use_builder":"on","_et_pb_old_content":"","_et_gb_content_width":"","footnotes":""},"categories":[44,6],"tags":[],"class_list":["post-8926","post","type-post","status-publish","format-standard","has-post-thumbnail","hentry","category-gestion","category-noticias"],"_links":{"self":[{"href":"https:\/\/www.sedarauca.edu.co\/index.php\/wp-json\/wp\/v2\/posts\/8926","targetHints":{"allow":["GET"]}}],"collection":[{"href":"https:\/\/www.sedarauca.edu.co\/index.php\/wp-json\/wp\/v2\/posts"}],"about":[{"href":"https:\/\/www.sedarauca.edu.co\/index.php\/wp-json\/wp\/v2\/types\/post"}],"author":[{"embeddable":true,"href":"https:\/\/www.sedarauca.edu.co\/index.php\/wp-json\/wp\/v2\/users\/1"}],"replies":[{"embeddable":true,"href":"https:\/\/www.sedarauca.edu.co\/index.php\/wp-json\/wp\/v2\/comments?post=8926"}],"version-history":[{"count":6,"href":"https:\/\/www.sedarauca.edu.co\/index.php\/wp-json\/wp\/v2\/posts\/8926\/revisions"}],"predecessor-version":[{"id":8935,"href":"https:\/\/www.sedarauca.edu.co\/index.php\/wp-json\/wp\/v2\/posts\/8926\/revisions\/8935"}],"wp:featuredmedia":[{"embeddable":true,"href":"https:\/\/www.sedarauca.edu.co\/index.php\/wp-json\/wp\/v2\/media\/8932"}],"wp:attachment":[{"href":"https:\/\/www.sedarauca.edu.co\/index.php\/wp-json\/wp\/v2\/media?parent=8926"}],"wp:term":[{"taxonomy":"category","embeddable":true,"href":"https:\/\/www.sedarauca.edu.co\/index.php\/wp-json\/wp\/v2\/categories?post=8926"},{"taxonomy":"post_tag","embeddable":true,"href":"https:\/\/www.sedarauca.edu.co\/index.php\/wp-json\/wp\/v2\/tags?post=8926"}],"curies":[{"name":"wp","href":"https:\/\/api.w.org\/{rel}","templated":true}]}}