{"id":8914,"date":"2024-06-21T09:30:00","date_gmt":"2024-06-21T14:30:00","guid":{"rendered":"https:\/\/www.sedarauca.edu.co\/?p=8914"},"modified":"2024-06-26T09:40:21","modified_gmt":"2024-06-26T14:40:21","slug":"en-el-departamento-de-arauca-los-ninos-y-ninas-podran-ingresar-al-colegio-desde-los-4-anos","status":"publish","type":"post","link":"https:\/\/www.sedarauca.edu.co\/index.php\/2024\/06\/21\/en-el-departamento-de-arauca-los-ninos-y-ninas-podran-ingresar-al-colegio-desde-los-4-anos\/","title":{"rendered":"En el departamento de Arauca los ni\u00f1os y ni\u00f1as podr\u00e1n ingresar al colegio desde los 4 a\u00f1os"},"content":{"rendered":"<p>[et_pb_section fb_built=\u00bb1&#8243; theme_builder_area=\u00bbpost_content\u00bb _builder_version=\u00bb4.25.2&#8243; _module_preset=\u00bbdefault\u00bb][et_pb_row _builder_version=\u00bb4.25.2&#8243; _module_preset=\u00bbdefault\u00bb theme_builder_area=\u00bbpost_content\u00bb][et_pb_column _builder_version=\u00bb4.25.2&#8243; _module_preset=\u00bbdefault\u00bb type=\u00bb4_4&#8243; theme_builder_area=\u00bbpost_content\u00bb][et_pb_text _builder_version=\u00bb4.25.2&#8243; _module_preset=\u00bbdefault\u00bb theme_builder_area=\u00bbpost_content\u00bb custom_margin=\u00bb-30px||||false|false\u00bb hover_enabled=\u00bb0&#8243; sticky_enabled=\u00bb0&#8243;]<\/p>\n<p style=\"text-align: center;\"><em>El Gobierno Departamental invita a padres de familia a acercarse al establecimiento educativo oficial m\u00e1s cercano a su lugar de residencia y matricular a su hijo (a), siempre y cuando, el menor ya tenga los 4 a\u00f1os cumplidos.<\/em><\/p>\n<p>[\/et_pb_text][\/et_pb_column][\/et_pb_row][et_pb_row _builder_version=\u00bb4.25.2&#8243; _module_preset=\u00bbdefault\u00bb theme_builder_area=\u00bbpost_content\u00bb][et_pb_column _builder_version=\u00bb4.25.2&#8243; _module_preset=\u00bbdefault\u00bb type=\u00bb4_4&#8243; theme_builder_area=\u00bbpost_content\u00bb][et_pb_text _builder_version=\u00bb4.25.2&#8243; _module_preset=\u00bbdefault\u00bb theme_builder_area=\u00bbpost_content\u00bb hover_enabled=\u00bb0&#8243; sticky_enabled=\u00bb0&#8243;]<\/p>\n<p style=\"text-align: justify;\"><strong>Arauca, 20 de junio de 2024.<\/strong> La Secretar\u00eda de Educaci\u00f3n Departamental de Arauca informa que se abren las matr\u00edculas, para ni\u00f1os y ni\u00f1as de 4 a\u00f1os de edad, en el grado de jard\u00edn, en 38 instituciones educativas del Departamento, siguiendo el lineamiento del Ministerio de Educaci\u00f3n, que busca ampliar la cobertura en educaci\u00f3n formal p\u00fablica de primera infancia. Tambi\u00e9n se ampliar\u00e1 el modelo de docentes itinerantes.<\/p>\n<p style=\"text-align: justify;\">Para ello, la Entidad Territorial Certificada \u2013 ETC Arauca ha realizado la focalizaci\u00f3n en las \u00e1reas urbana y rural, de las sedes que cumplen con las condiciones para atender el mencionado grado de preescolar y brindar las condiciones adecuadas para el bienestar de los ni\u00f1os y ni\u00f1as.<\/p>\n<p style=\"text-align: justify;\">As\u00ed mismo, realiz\u00f3 el debido proceso de selecci\u00f3n de los 38 docentes asignados para cada aula, quienes atender\u00e1n a un cupo total de 630 ni\u00f1os y ni\u00f1as.<\/p>\n<p style=\"text-align: justify;\">En ese orden de ideas, <strong>los padres de familia pueden acercarse a las instituciones habilitadas para empezar a ofrecer el grado de jard\u00edn a partir de este semestre, las cuales son:<\/strong><\/p>\n<p style=\"text-align: justify;\"><strong>En Arauca<\/strong><br \/>IE Normal Mar\u00eda Inmaculada: sedes Corocora y Flor de Mi Llano.<\/p>\n<p style=\"text-align: justify;\">IE Santa Teresita: sedes Oscar Mogoll\u00f3n y Divino Ni\u00f1o.<\/p>\n<p style=\"text-align: justify;\">IE Francisco Jos\u00e9 de Caldas: sedes Juan Francisco Lara, Luis Carlos Gal\u00e1n.<\/p>\n<p style=\"text-align: justify;\"><strong>Para la zona rural:<\/strong><br \/>IE Santo \u00c1ngel, sedes: principal, Puerto Colombia, San Jos\u00e9 de Chaparral y Agropecuario El Caracol.<\/p>\n<p style=\"text-align: justify;\">CE El Tr\u00e1nsito, sede principal.<\/p>\n<p style=\"text-align: justify;\">CE Ind\u00edgena Sikuani-playeros, sede principal.<\/p>\n<p style=\"text-align: justify;\"><strong>Arauquita<\/strong><br \/><strong>\u00c1rea rural:<\/strong><\/p>\n<p style=\"text-align: justify;\">IE Francisco Jos\u00e9 de Caldas: sedes Emanuel, Arsenio Valderrama, Bocas del Caranal, Juan Jos\u00e9 Rond\u00f3n, Rafael N\u00fa\u00f1ez (carretero) y Villa Hermosa.<\/p>\n<p style=\"text-align: justify;\">CE La Esmeralda: sede La Primavera.<\/p>\n<p style=\"text-align: justify;\">IE Aguachica: sede principal.<\/p>\n<p style=\"text-align: justify;\">IE Liceo del Llano: sede Consuelo \u00c1vila.<\/p>\n<p style=\"text-align: justify;\">IE Gabriel Garc\u00eda M\u00e1rquez: sede La Libertad.<\/p>\n<p style=\"text-align: justify;\">IE Jos\u00e9 Mar\u00eda Carbonell: sede Atanasio Girardot.<\/p>\n<p style=\"text-align: justify;\"><strong>Fortul<\/strong><br \/><strong>\u00c1rea rural:<\/strong><\/p>\n<p style=\"text-align: justify;\">IE Paz y Esperanza (sede Paz y Esperanza).<\/p>\n<p style=\"text-align: justify;\">Saravena<br \/>\u00c1rea urbana:<\/p>\n<p style=\"text-align: justify;\">IE La Frontera: sede principal.<\/p>\n<p style=\"text-align: justify;\">IE Concentraci\u00f3n de Desarrollo: sede principal.<\/p>\n<p style=\"text-align: justify;\">\u00c1rea rural:<\/p>\n<p style=\"text-align: justify;\">IE Jos\u00e9 Odel Lizarazo: sede principal y Semilleros de Paz.<\/p>\n<p style=\"text-align: justify;\">IE Villa Cecilia: sede principal.<\/p>\n<p style=\"text-align: justify;\">CE Luis Antonio Calvo (sede Luis Antonio Calvo).<\/p>\n<p style=\"text-align: justify;\"><strong>Tame<\/strong><br \/><strong>\u00c1rea rural:<\/strong><\/p>\n<p style=\"text-align: justify;\">IE Parmenio Bonilla Paredes: sedes principales Bajo Cusay, La Hermosa, La Uni\u00f3n, N\u00e1poles 1.<\/p>\n<p style=\"text-align: justify;\">IE Ernesto Rinc\u00f3n Duc\u00f3n: sede principal.<\/p>\n<p style=\"text-align: justify;\">Por otra parte, <strong>se ampliar\u00e1 la modalidad de docentes en itinerancia para b\u00e1sica primaria, en 12 sedes educativas rurales<\/strong>, permitiendo llegar a 210 estudiantes m\u00e1s en zonas de dif\u00edcil acceso, hasta donde los profesores se desplazar\u00e1n para realizar una ense\u00f1anza personalizada.<\/p>\n<p style=\"text-align: justify;\">Ser\u00e1n 15 docentes itinerantes los que estar\u00e1n en las siguientes sedes:<\/p>\n<p style=\"text-align: justify;\"><strong>Arauca<\/strong><br \/>IE Santo \u00c1ngel, sede Puerto Colombia.<\/p>\n<p style=\"text-align: justify;\">CE Ind\u00edgena Hitnu Las Vegas, sedes Las Vegas y Monogarra.<\/p>\n<p style=\"text-align: justify;\"><strong>Arauquita<\/strong><br \/>CE La Reinera, sede Don Bosco.<\/p>\n<p style=\"text-align: justify;\">IE Francisco Jos\u00e9 de Caldas, sede Francisco Jos\u00e9 de Caldas.<\/p>\n<p style=\"text-align: justify;\"><strong>Cravo Norte<\/strong><br \/>IE Jos\u00e9 Antonio Gal\u00e1n, sedes Veladero y Mar\u00eda Alejandra P\u00e9rez Silva.<\/p>\n<p style=\"text-align: justify;\"><strong>Fortul<\/strong><br \/>IE Ind\u00edgena Makaguan, sedes Principal, La Caba\u00f1a y Pedro Far\u00edas.<\/p>\n<p style=\"text-align: justify;\"><strong>Saravena<\/strong><br \/>CE Luis Antonio Calvo, sede principal.<\/p>\n<p style=\"text-align: justify;\">CE Atanasio Girardot, sede principal.<\/p>\n<p style=\"text-align: justify;\">La Gobernaci\u00f3n de Arauca contin\u00faa haciendo esfuerzos por garantizar las mejores condiciones posibles para el acceso a la educaci\u00f3n p\u00fablica gratuita de ni\u00f1os, ni\u00f1as y adolescentes\u00a0araucanos.<\/p>\n<p>[\/et_pb_text][\/et_pb_column][\/et_pb_row][\/et_pb_section]<\/p>\n","protected":false},"excerpt":{"rendered":"<p>El Gobierno Departamental invita a padres de familia a acercarse al establecimiento educativo oficial m\u00e1s cercano a su lugar de residencia y matricular a su hijo (a), siempre y cuando, el menor ya tenga los 4 a\u00f1os cumplidos.Arauca, 20 de junio de 2024. La Secretar\u00eda de Educaci\u00f3n Departamental de Arauca informa que se abren las [&hellip;]<\/p>\n","protected":false},"author":1,"featured_media":8915,"comment_status":"closed","ping_status":"closed","sticky":false,"template":"","format":"standard","meta":{"_et_pb_use_builder":"on","_et_pb_old_content":"","_et_gb_content_width":"","footnotes":""},"categories":[6],"tags":[],"class_list":["post-8914","post","type-post","status-publish","format-standard","has-post-thumbnail","hentry","category-noticias"],"_links":{"self":[{"href":"https:\/\/www.sedarauca.edu.co\/index.php\/wp-json\/wp\/v2\/posts\/8914","targetHints":{"allow":["GET"]}}],"collection":[{"href":"https:\/\/www.sedarauca.edu.co\/index.php\/wp-json\/wp\/v2\/posts"}],"about":[{"href":"https:\/\/www.sedarauca.edu.co\/index.php\/wp-json\/wp\/v2\/types\/post"}],"author":[{"embeddable":true,"href":"https:\/\/www.sedarauca.edu.co\/index.php\/wp-json\/wp\/v2\/users\/1"}],"replies":[{"embeddable":true,"href":"https:\/\/www.sedarauca.edu.co\/index.php\/wp-json\/wp\/v2\/comments?post=8914"}],"version-history":[{"count":4,"href":"https:\/\/www.sedarauca.edu.co\/index.php\/wp-json\/wp\/v2\/posts\/8914\/revisions"}],"predecessor-version":[{"id":8919,"href":"https:\/\/www.sedarauca.edu.co\/index.php\/wp-json\/wp\/v2\/posts\/8914\/revisions\/8919"}],"wp:featuredmedia":[{"embeddable":true,"href":"https:\/\/www.sedarauca.edu.co\/index.php\/wp-json\/wp\/v2\/media\/8915"}],"wp:attachment":[{"href":"https:\/\/www.sedarauca.edu.co\/index.php\/wp-json\/wp\/v2\/media?parent=8914"}],"wp:term":[{"taxonomy":"category","embeddable":true,"href":"https:\/\/www.sedarauca.edu.co\/index.php\/wp-json\/wp\/v2\/categories?post=8914"},{"taxonomy":"post_tag","embeddable":true,"href":"https:\/\/www.sedarauca.edu.co\/index.php\/wp-json\/wp\/v2\/tags?post=8914"}],"curies":[{"name":"wp","href":"https:\/\/api.w.org\/{rel}","templated":true}]}}