{"id":8906,"date":"2024-06-25T16:15:00","date_gmt":"2024-06-25T21:15:00","guid":{"rendered":"https:\/\/www.sedarauca.edu.co\/?p=8906"},"modified":"2024-06-26T09:29:10","modified_gmt":"2024-06-26T14:29:10","slug":"preseleccion-de-los-beneficiarios-de-la-convocatoria-del-fondo-para-la-poblacion-indigena-del-departamento-de-arauca-realizo-la-secretaria-de-educacion-departamental","status":"publish","type":"post","link":"https:\/\/www.sedarauca.edu.co\/index.php\/2024\/06\/25\/preseleccion-de-los-beneficiarios-de-la-convocatoria-del-fondo-para-la-poblacion-indigena-del-departamento-de-arauca-realizo-la-secretaria-de-educacion-departamental\/","title":{"rendered":"Preselecci\u00f3n de los beneficiarios de la convocatoria del \u00abFondo para la poblaci\u00f3n ind\u00edgena del departamento de Arauca\u201d, realiz\u00f3 la Secretar\u00eda de Educaci\u00f3n Departamental"},"content":{"rendered":"\n[et_pb_section fb_built=\u00bb1&#8243; theme_builder_area=\u00bbpost_content\u00bb _builder_version=\u00bb4.25.2&#8243; _module_preset=\u00bbdefault\u00bb][et_pb_row _builder_version=\u00bb4.25.2&#8243; _module_preset=\u00bbdefault\u00bb theme_builder_area=\u00bbpost_content\u00bb][et_pb_column _builder_version=\u00bb4.25.2&#8243; _module_preset=\u00bbdefault\u00bb type=\u00bb4_4&#8243; theme_builder_area=\u00bbpost_content\u00bb][et_pb_text _builder_version=\u00bb4.25.2&#8243; _module_preset=\u00bbdefault\u00bb theme_builder_area=\u00bbpost_content\u00bb custom_margin=\u00bb-20px||||false|false\u00bb hover_enabled=\u00bb0&#8243; sticky_enabled=\u00bb0&#8243;]<p style=\"text-align: justify;\">De acuerdo con la convocatoria 2024-2 para que la poblaci\u00f3n ind\u00edgena del Departamento de Arauca acceda a cr\u00e9ditos condonables mediante el fondo en administraci\u00f3n para la poblaci\u00f3n ind\u00edgena del departamento de Arauca, suscrito entre la Gobernaci\u00f3n de Arauca y el Instituto Colombiano de Cr\u00e9dito Educativo y Estudios T\u00e9cnicos en el Exterior &#8211; ICETEX, para el financiamiento de programas acad\u00e9micos de posgrado, ejecutados a nivel del pa\u00eds \u00f3 en el exterior, se estableci\u00f3 dentro del cronograma que una vez hecha al publicaci\u00f3n de resultados de preseleccionados para las inscripciones, se debe realizar revisi\u00f3n de documentos para Legalizaci\u00f3n de cr\u00e9ditos.<\/p>\n<p style=\"text-align: justify;\">Al finalizar el plazo de las inscripciones se realiz\u00f3 la verificaci\u00f3n de los documentos allegados a la Secretar\u00eda de Educaci\u00f3n Departamental y se evidenci\u00f3 que de los tres (03) inscritos en la plataforma del ICETEX, presentaron dos (02) la documentaci\u00f3n para la convocatoria, cumplieron dos (02) con todos los requisitos para acceder al cr\u00e9dito.<\/p>\n<p style=\"text-align: justify;\">Conoce los resultados de dicha revisi\u00f3n en el siguiente documento (Acta\u00a0No\u00a0001\u00a0de\u00a02024)<\/p>[\/et_pb_text][\/et_pb_column][\/et_pb_row][et_pb_row _builder_version=\u00bb4.25.2&#8243; _module_preset=\u00bbdefault\u00bb theme_builder_area=\u00bbpost_content\u00bb link_option_url=\u00bbhttps:\/\/www.sedarauca.edu.co\/wp-content\/uploads\/2024\/06\/acta-de-preseleccion-convocatoria-2024-2.pdf\u00bb link_option_url_new_window=\u00bbon\u00bb hover_enabled=\u00bb0&#8243; sticky_enabled=\u00bb0&#8243;][et_pb_column _builder_version=\u00bb4.25.2&#8243; _module_preset=\u00bbdefault\u00bb type=\u00bb4_4&#8243; theme_builder_area=\u00bbpost_content\u00bb][et_pb_code _builder_version=\u00bb4.25.2&#8243; _module_preset=\u00bbdefault\u00bb theme_builder_area=\u00bbpost_content\u00bb link_option_url_new_window=\u00bbon\u00bb link_option_url=\u00bbhttps:\/\/www.sedarauca.edu.co\/wp-content\/uploads\/2024\/06\/acta-de-preseleccion-convocatoria-2024-2.pdf\u00bb hover_enabled=\u00bb0&#8243; sticky_enabled=\u00bb0&#8243;]<a href=\"https:\/\/www.sedarauca.edu.co\/wp-content\/uploads\/2024\/06\/acta-de-preseleccion-convocatoria-2024-2.pdf\" class=\"pdfemb-viewer\" style=\"\" data-width=\"max\" data-height=\"max\" data-toolbar=\"bottom\" data-toolbar-fixed=\"on\">acta-de-preseleccion-convocatoria-2024-2<\/a>[\/et_pb_code][\/et_pb_column][\/et_pb_row][\/et_pb_section]\n","protected":false},"excerpt":{"rendered":"<p>De acuerdo con la convocatoria 2024-2 para que la poblaci\u00f3n ind\u00edgena del Departamento de Arauca acceda a cr\u00e9ditos condonables mediante el fondo en administraci\u00f3n para la poblaci\u00f3n ind\u00edgena del departamento de Arauca, suscrito entre la Gobernaci\u00f3n de Arauca y el Instituto Colombiano de Cr\u00e9dito Educativo y Estudios T\u00e9cnicos en el Exterior &#8211; ICETEX, para el [&hellip;]<\/p>\n","protected":false},"author":1,"featured_media":8912,"comment_status":"closed","ping_status":"closed","sticky":false,"template":"","format":"standard","meta":{"_et_pb_use_builder":"on","_et_pb_old_content":"","_et_gb_content_width":"","footnotes":""},"categories":[25],"tags":[],"class_list":["post-8906","post","type-post","status-publish","format-standard","has-post-thumbnail","hentry","category-publicacion"],"_links":{"self":[{"href":"https:\/\/www.sedarauca.edu.co\/index.php\/wp-json\/wp\/v2\/posts\/8906","targetHints":{"allow":["GET"]}}],"collection":[{"href":"https:\/\/www.sedarauca.edu.co\/index.php\/wp-json\/wp\/v2\/posts"}],"about":[{"href":"https:\/\/www.sedarauca.edu.co\/index.php\/wp-json\/wp\/v2\/types\/post"}],"author":[{"embeddable":true,"href":"https:\/\/www.sedarauca.edu.co\/index.php\/wp-json\/wp\/v2\/users\/1"}],"replies":[{"embeddable":true,"href":"https:\/\/www.sedarauca.edu.co\/index.php\/wp-json\/wp\/v2\/comments?post=8906"}],"version-history":[{"count":5,"href":"https:\/\/www.sedarauca.edu.co\/index.php\/wp-json\/wp\/v2\/posts\/8906\/revisions"}],"predecessor-version":[{"id":8913,"href":"https:\/\/www.sedarauca.edu.co\/index.php\/wp-json\/wp\/v2\/posts\/8906\/revisions\/8913"}],"wp:featuredmedia":[{"embeddable":true,"href":"https:\/\/www.sedarauca.edu.co\/index.php\/wp-json\/wp\/v2\/media\/8912"}],"wp:attachment":[{"href":"https:\/\/www.sedarauca.edu.co\/index.php\/wp-json\/wp\/v2\/media?parent=8906"}],"wp:term":[{"taxonomy":"category","embeddable":true,"href":"https:\/\/www.sedarauca.edu.co\/index.php\/wp-json\/wp\/v2\/categories?post=8906"},{"taxonomy":"post_tag","embeddable":true,"href":"https:\/\/www.sedarauca.edu.co\/index.php\/wp-json\/wp\/v2\/tags?post=8906"}],"curies":[{"name":"wp","href":"https:\/\/api.w.org\/{rel}","templated":true}]}}