{"id":8854,"date":"2024-06-19T10:03:00","date_gmt":"2024-06-19T15:03:00","guid":{"rendered":"https:\/\/www.sedarauca.edu.co\/?p=8854"},"modified":"2024-06-19T16:10:26","modified_gmt":"2024-06-19T21:10:26","slug":"convocatoria-laboral-interna-n-025-de-2024-encargo-vacante-temporal-de-auxiliar-administrativo-codigo-407-grado-08","status":"publish","type":"post","link":"https:\/\/www.sedarauca.edu.co\/index.php\/2024\/06\/19\/convocatoria-laboral-interna-n-025-de-2024-encargo-vacante-temporal-de-auxiliar-administrativo-codigo-407-grado-08\/","title":{"rendered":"Convocatoria laboral interna N\u00b0 025 de 2024, Encargo vacante Temporal de Auxiliar Administrativo, C\u00f3digo 407, Grado 08"},"content":{"rendered":"<p>[et_pb_section fb_built=\u00bb1&#8243; theme_builder_area=\u00bbpost_content\u00bb _builder_version=\u00bb4.25.2&#8243; _module_preset=\u00bbdefault\u00bb][et_pb_row _builder_version=\u00bb4.25.2&#8243; _module_preset=\u00bbdefault\u00bb theme_builder_area=\u00bbpost_content\u00bb][et_pb_column _builder_version=\u00bb4.25.2&#8243; _module_preset=\u00bbdefault\u00bb type=\u00bb4_4&#8243; theme_builder_area=\u00bbpost_content\u00bb][et_pb_text _builder_version=\u00bb4.25.2&#8243; _module_preset=\u00bbdefault\u00bb theme_builder_area=\u00bbpost_content\u00bb custom_margin=\u00bb-20px||||false|false\u00bb hover_enabled=\u00bb0&#8243; sticky_enabled=\u00bb0&#8243;]<\/p>\n<p style=\"text-align: justify;\"><strong>EMPLEO:<\/strong> Encargo vacante Temporal de Auxiliar Administrativo, C\u00f3digo 407, Grado 08, de la planta de cargos de la Secretar\u00eda de Educaci\u00f3n Departamental de Arauca, Establecimiento Jos\u00e9 Acevedo y G\u00f3mez del municipio de Arauquita, Financiada con Recursos del Sistema General de Participaciones -Educaci\u00f3n.<\/p>\n<p style=\"text-align: justify;\"><strong>DIRIGIDA A:<\/strong> Servidores p\u00fablicos (administrativos) de los Establecimientos Educativos del departamento de Arauca adscritos a la Secretar\u00eda de Educaci\u00f3n Departamental y Gobernaci\u00f3n de Arauca.<\/p>\n<p style=\"text-align: justify;\"><strong>APERTURA:<\/strong> Del 19 al 21 de junio de 2024 tendr\u00e1n plazo para manifestar inter\u00e9s en el cargo, esto lo pueden hacer mediante un oficio que deber\u00e1n radicar a trav\u00e9s de la ventanilla \u00fanica de archivo central de la Gobernaci\u00f3n de Arauca o por el Servicio de Atenci\u00f3n al Ciudadano &#8211; SAC.<\/p>\n<p style=\"text-align: justify;\">\ud83d\udc68\ud83c\udffb\u200d\ud83d\udcbbLos detalles y requisitos de la convocatoria, se encuentran publicados en el siguiente\u00a0\u00a0documento<\/p>\n<p>[\/et_pb_text][\/et_pb_column][\/et_pb_row][et_pb_row _builder_version=\u00bb4.25.2&#8243; _module_preset=\u00bbdefault\u00bb theme_builder_area=\u00bbpost_content\u00bb link_option_url=\u00bbhttps:\/\/www.sedarauca.edu.co\/wp-content\/uploads\/2024\/06\/CONVOCATORIA-025-DE-2024.pdf\u00bb link_option_url_new_window=\u00bbon\u00bb hover_enabled=\u00bb0&#8243; sticky_enabled=\u00bb0&#8243;][et_pb_column _builder_version=\u00bb4.25.2&#8243; _module_preset=\u00bbdefault\u00bb type=\u00bb4_4&#8243; theme_builder_area=\u00bbpost_content\u00bb][et_pb_code _builder_version=\u00bb4.25.2&#8243; _module_preset=\u00bbdefault\u00bb theme_builder_area=\u00bbpost_content\u00bb link_option_url=\u00bbhttps:\/\/www.sedarauca.edu.co\/wp-content\/uploads\/2024\/06\/CONVOCATORIA-025-DE-2024.pdf\u00bb link_option_url_new_window=\u00bbon\u00bb hover_enabled=\u00bb0&#8243; sticky_enabled=\u00bb0&#8243;]<a href=\"https:\/\/www.sedarauca.edu.co\/wp-content\/uploads\/2024\/06\/CONVOCATORIA-025-DE-2024.pdf\" class=\"pdfemb-viewer\" style=\"\" data-width=\"max\" data-height=\"max\" data-toolbar=\"bottom\" data-toolbar-fixed=\"on\">CONVOCATORIA-025-DE-2024<\/a>[\/et_pb_code][\/et_pb_column][\/et_pb_row][\/et_pb_section]<\/p>\n","protected":false},"excerpt":{"rendered":"<p>EMPLEO: Encargo vacante Temporal de Auxiliar Administrativo, C\u00f3digo 407, Grado 08, de la planta de cargos de la Secretar\u00eda de Educaci\u00f3n Departamental de Arauca, Establecimiento Jos\u00e9 Acevedo y G\u00f3mez del municipio de Arauquita, Financiada con Recursos del Sistema General de Participaciones -Educaci\u00f3n. DIRIGIDA A: Servidores p\u00fablicos (administrativos) de los Establecimientos Educativos del departamento de Arauca [&hellip;]<\/p>\n","protected":false},"author":1,"featured_media":8855,"comment_status":"closed","ping_status":"closed","sticky":false,"template":"","format":"standard","meta":{"_et_pb_use_builder":"on","_et_pb_old_content":"","_et_gb_content_width":"","footnotes":""},"categories":[7,25],"tags":[],"class_list":["post-8854","post","type-post","status-publish","format-standard","has-post-thumbnail","hentry","category-convocatoria","category-publicacion"],"_links":{"self":[{"href":"https:\/\/www.sedarauca.edu.co\/index.php\/wp-json\/wp\/v2\/posts\/8854","targetHints":{"allow":["GET"]}}],"collection":[{"href":"https:\/\/www.sedarauca.edu.co\/index.php\/wp-json\/wp\/v2\/posts"}],"about":[{"href":"https:\/\/www.sedarauca.edu.co\/index.php\/wp-json\/wp\/v2\/types\/post"}],"author":[{"embeddable":true,"href":"https:\/\/www.sedarauca.edu.co\/index.php\/wp-json\/wp\/v2\/users\/1"}],"replies":[{"embeddable":true,"href":"https:\/\/www.sedarauca.edu.co\/index.php\/wp-json\/wp\/v2\/comments?post=8854"}],"version-history":[{"count":3,"href":"https:\/\/www.sedarauca.edu.co\/index.php\/wp-json\/wp\/v2\/posts\/8854\/revisions"}],"predecessor-version":[{"id":8861,"href":"https:\/\/www.sedarauca.edu.co\/index.php\/wp-json\/wp\/v2\/posts\/8854\/revisions\/8861"}],"wp:featuredmedia":[{"embeddable":true,"href":"https:\/\/www.sedarauca.edu.co\/index.php\/wp-json\/wp\/v2\/media\/8855"}],"wp:attachment":[{"href":"https:\/\/www.sedarauca.edu.co\/index.php\/wp-json\/wp\/v2\/media?parent=8854"}],"wp:term":[{"taxonomy":"category","embeddable":true,"href":"https:\/\/www.sedarauca.edu.co\/index.php\/wp-json\/wp\/v2\/categories?post=8854"},{"taxonomy":"post_tag","embeddable":true,"href":"https:\/\/www.sedarauca.edu.co\/index.php\/wp-json\/wp\/v2\/tags?post=8854"}],"curies":[{"name":"wp","href":"https:\/\/api.w.org\/{rel}","templated":true}]}}