{"id":8811,"date":"2024-06-04T16:22:00","date_gmt":"2024-06-04T21:22:00","guid":{"rendered":"https:\/\/www.sedarauca.edu.co\/?p=8811"},"modified":"2024-06-05T10:25:35","modified_gmt":"2024-06-05T15:25:35","slug":"convocatoria-laboral-interna-no-024-de-2024-auxiliar-administrativo-codigo-407-grado-08","status":"publish","type":"post","link":"https:\/\/www.sedarauca.edu.co\/index.php\/2024\/06\/04\/convocatoria-laboral-interna-no-024-de-2024-auxiliar-administrativo-codigo-407-grado-08\/","title":{"rendered":"Convocatoria Laboral Interna No. 024 de 2024 \u2013 Auxiliar Administrativo &#8211; C\u00f3digo 407 &#8211; Grado 08"},"content":{"rendered":"<p>[et_pb_section fb_built=\u00bb1&#8243; theme_builder_area=\u00bbpost_content\u00bb _builder_version=\u00bb4.25.1&#8243; _module_preset=\u00bbdefault\u00bb][et_pb_row _builder_version=\u00bb4.25.1&#8243; _module_preset=\u00bbdefault\u00bb theme_builder_area=\u00bbpost_content\u00bb][et_pb_column _builder_version=\u00bb4.25.1&#8243; _module_preset=\u00bbdefault\u00bb type=\u00bb4_4&#8243; theme_builder_area=\u00bbpost_content\u00bb][et_pb_text _builder_version=\u00bb4.25.1&#8243; _module_preset=\u00bbdefault\u00bb theme_builder_area=\u00bbpost_content\u00bb custom_margin=\u00bb-30px||||false|false\u00bb hover_enabled=\u00bb0&#8243; sticky_enabled=\u00bb0&#8243;]<\/p>\n<p style=\"text-align: justify;\">EMPLEO: Encargo vacante de Auxiliar Administrativo, C\u00f3digo 407, Grado 08, de la planta de cargos de la Secretar\u00eda de Educaci\u00f3n Departamental de Arauco, Establecimiento General Santander del municipio de Arauca, Financiada con Recursos del Sistema General de Participaciones &#8211; Educaci\u00f3n.<\/p>\n<p style=\"text-align: justify;\">DIRIGIDA A: Servidores p\u00fablicos (administrativos) de los Establecimientos Educativos del departamento de Arauca adscritos a la Secretar\u00eda de Educaci\u00f3n Departamental y Gobernaci\u00f3n de Arauca.<\/p>\n<p style=\"text-align: justify;\">APERTURA: Del 05 al 07 de junio de 2024 tendr\u00e1n plazo para manifestar inter\u00e9s en el cargo, esto lo pueden hacer mediante un oficio que deber\u00e1n radicar a trav\u00e9s de la ventanilla \u00fanica de archivo central de la Gobernaci\u00f3n de Arauca o por el Servicio de Atenci\u00f3n al Ciudadano &#8211; SAC.<\/p>\n<p style=\"text-align: justify;\">\ud83d\udc68\ud83c\udffb\u200d\ud83d\udcbbLos detalles y requisitos de la convocatoria, se encuentran publicados en el siguiente documento.<\/p>\n<p>[\/et_pb_text][\/et_pb_column][\/et_pb_row][et_pb_row _builder_version=\u00bb4.25.1&#8243; _module_preset=\u00bbdefault\u00bb theme_builder_area=\u00bbpost_content\u00bb link_option_url=\u00bbhttps:\/\/www.sedarauca.edu.co\/wp-content\/uploads\/2024\/06\/CONVOCATORIA-No.-024-DE-2024-AUXILIAR-ADMINISTRATIVO-IE-GENERAL-SANTANDER.pdf\u00bb link_option_url_new_window=\u00bbon\u00bb hover_enabled=\u00bb0&#8243; sticky_enabled=\u00bb0&#8243;][et_pb_column _builder_version=\u00bb4.25.1&#8243; _module_preset=\u00bbdefault\u00bb type=\u00bb4_4&#8243; theme_builder_area=\u00bbpost_content\u00bb][et_pb_code _builder_version=\u00bb4.25.1&#8243; _module_preset=\u00bbdefault\u00bb theme_builder_area=\u00bbpost_content\u00bb link_option_url=\u00bbhttps:\/\/www.sedarauca.edu.co\/wp-content\/uploads\/2024\/06\/CONVOCATORIA-No.-024-DE-2024-AUXILIAR-ADMINISTRATIVO-IE-GENERAL-SANTANDER.pdf\u00bb link_option_url_new_window=\u00bbon\u00bb hover_enabled=\u00bb0&#8243; sticky_enabled=\u00bb0&#8243;]<a href=\"https:\/\/www.sedarauca.edu.co\/wp-content\/uploads\/2024\/06\/CONVOCATORIA-No.-024-DE-2024-AUXILIAR-ADMINISTRATIVO-IE-GENERAL-SANTANDER.pdf\" class=\"pdfemb-viewer\" style=\"\" data-width=\"max\" data-height=\"max\" data-toolbar=\"bottom\" data-toolbar-fixed=\"on\">CONVOCATORIA-No.-024-DE-2024-AUXILIAR-ADMINISTRATIVO-IE-GENERAL-SANTANDER<\/a>[\/et_pb_code][\/et_pb_column][\/et_pb_row][\/et_pb_section]<\/p>\n","protected":false},"excerpt":{"rendered":"<p>EMPLEO: Encargo vacante de Auxiliar Administrativo, C\u00f3digo 407, Grado 08, de la planta de cargos de la Secretar\u00eda de Educaci\u00f3n Departamental de Arauco, Establecimiento General Santander del municipio de Arauca, Financiada con Recursos del Sistema General de Participaciones &#8211; Educaci\u00f3n. DIRIGIDA A: Servidores p\u00fablicos (administrativos) de los Establecimientos Educativos del departamento de Arauca adscritos a [&hellip;]<\/p>\n","protected":false},"author":1,"featured_media":8812,"comment_status":"closed","ping_status":"closed","sticky":false,"template":"","format":"standard","meta":{"_et_pb_use_builder":"on","_et_pb_old_content":"","_et_gb_content_width":"","footnotes":""},"categories":[7,25],"tags":[],"class_list":["post-8811","post","type-post","status-publish","format-standard","has-post-thumbnail","hentry","category-convocatoria","category-publicacion"],"_links":{"self":[{"href":"https:\/\/www.sedarauca.edu.co\/index.php\/wp-json\/wp\/v2\/posts\/8811","targetHints":{"allow":["GET"]}}],"collection":[{"href":"https:\/\/www.sedarauca.edu.co\/index.php\/wp-json\/wp\/v2\/posts"}],"about":[{"href":"https:\/\/www.sedarauca.edu.co\/index.php\/wp-json\/wp\/v2\/types\/post"}],"author":[{"embeddable":true,"href":"https:\/\/www.sedarauca.edu.co\/index.php\/wp-json\/wp\/v2\/users\/1"}],"replies":[{"embeddable":true,"href":"https:\/\/www.sedarauca.edu.co\/index.php\/wp-json\/wp\/v2\/comments?post=8811"}],"version-history":[{"count":3,"href":"https:\/\/www.sedarauca.edu.co\/index.php\/wp-json\/wp\/v2\/posts\/8811\/revisions"}],"predecessor-version":[{"id":8815,"href":"https:\/\/www.sedarauca.edu.co\/index.php\/wp-json\/wp\/v2\/posts\/8811\/revisions\/8815"}],"wp:featuredmedia":[{"embeddable":true,"href":"https:\/\/www.sedarauca.edu.co\/index.php\/wp-json\/wp\/v2\/media\/8812"}],"wp:attachment":[{"href":"https:\/\/www.sedarauca.edu.co\/index.php\/wp-json\/wp\/v2\/media?parent=8811"}],"wp:term":[{"taxonomy":"category","embeddable":true,"href":"https:\/\/www.sedarauca.edu.co\/index.php\/wp-json\/wp\/v2\/categories?post=8811"},{"taxonomy":"post_tag","embeddable":true,"href":"https:\/\/www.sedarauca.edu.co\/index.php\/wp-json\/wp\/v2\/tags?post=8811"}],"curies":[{"name":"wp","href":"https:\/\/api.w.org\/{rel}","templated":true}]}}