{"id":875,"date":"2022-11-09T15:29:00","date_gmt":"2022-11-09T20:29:00","guid":{"rendered":"https:\/\/www.sedarauca.edu.co\/?p=875"},"modified":"2022-11-28T12:17:49","modified_gmt":"2022-11-28T17:17:49","slug":"la-secretaria-de-educacion-departamental-de-arauca-establece-calendario-academico-para-el-ano-2023","status":"publish","type":"post","link":"https:\/\/www.sedarauca.edu.co\/index.php\/2022\/11\/09\/la-secretaria-de-educacion-departamental-de-arauca-establece-calendario-academico-para-el-ano-2023\/","title":{"rendered":"<strong>La Secretar\u00eda de Educaci\u00f3n Departamental de Arauca establece calendario acad\u00e9mico para el a\u00f1o 2023<\/strong>"},"content":{"rendered":"\n\n\n\n[et_pb_section fb_built=\u00bb1&#8243; _builder_version=\u00bb4.19.0&#8243; _module_preset=\u00bbdefault\u00bb global_colors_info=\u00bb{}\u00bb][et_pb_row _builder_version=\u00bb4.19.0&#8243; _module_preset=\u00bbdefault\u00bb global_colors_info=\u00bb{}\u00bb][et_pb_column type=\u00bb4_4&#8243; _builder_version=\u00bb4.19.0&#8243; _module_preset=\u00bbdefault\u00bb global_colors_info=\u00bb{}\u00bb][et_pb_text _builder_version=\u00bb4.19.0&#8243; _module_preset=\u00bbdefault\u00bb global_colors_info=\u00bb{}\u00bb]<ul>\n<li><em>La Resoluci\u00f3n No 3024 de 2022 puede ser consultada en la p\u00e1gina de la Entidad Territorial Certificada de Arauca en<span>\u00a0<\/span><\/em><a href=\"http:\/\/www.arauca.gov.co\/\"><em>www.arauca.gov.co<\/em><\/a><em><span>\u00a0<\/span>y<span>\u00a0<\/span><\/em><a href=\"https:\/\/www.sedarauca.edu.co\/\"><em>www.sedarauca.edu.co<\/em><\/a><em><\/em><\/li>\n<li><em>El calendario plantea el cumplimiento de las 40 semanas lectivas.<\/em><\/li>\n<li><em>Esta informaci\u00f3n es de inter\u00e9s tanto para estudiantes, padres de familia, directivos y docentes de las Instituciones Educativas como para la ciudadan\u00eda en general.<\/em><\/li>\n<\/ul>[\/et_pb_text][\/et_pb_column][\/et_pb_row][et_pb_row _builder_version=\u00bb4.19.0&#8243; _module_preset=\u00bbdefault\u00bb global_colors_info=\u00bb{}\u00bb][et_pb_column type=\u00bb4_4&#8243; _builder_version=\u00bb4.19.0&#8243; _module_preset=\u00bbdefault\u00bb global_colors_info=\u00bb{}\u00bb][et_pb_text _builder_version=\u00bb4.19.0&#8243; _module_preset=\u00bbdefault\u00bb global_colors_info=\u00bb{}\u00bb]<p>La Administraci\u00f3n Departamental \u201cConstruyendo Futuro\u201d a trav\u00e9s de la Secretar\u00eda de Educaci\u00f3n Departamental estableci\u00f3 mediante Resoluci\u00f3n No. 3024 de 2022, el calendario escolar y acad\u00e9mico general del 2023, para los Establecimientos Educativos Oficiales y No Oficiales de los municipios no certificados del departamento de Arauca, que prestan el servicio p\u00fablico educativo en los niveles de Preescolar, B\u00e1sica y Media.<\/p>\n<p>El calendario plantea el cumplimiento de las 40 semanas lectivas, distribuidas en dos per\u00edodos semestrales, as\u00ed:<\/p>\n<p>\u00a0<strong>PRIMER PERIODO SEMESTRAL LECTIVO<\/strong>: Del 23 de enero al 18 de junio de 2023. Veinte (20) semanas lectivas, excluyendo la Semana Santa que va del 03 de abril 2023 al 09 de abril de 2023.<\/p>\n<p><strong>SEGUNDO PERIODO SEMESTRAL LECTIVO:<\/strong><span>\u00a0<\/span>Del 10 de julio al 03 de diciembre de 2023. Veinte (20) semanas lectivas. Excluyendo la Cuarta Semana de Desarrollo Institucional comprendida del 09 al 15 de octubre de 2023.<\/p>\n<p><strong><u>Vacaciones estudiantes<\/u><\/strong><\/p>\n<p>El receso estudiantil tendr\u00eda un total de 12 semanas para los establecimientos educativos oficiales, en el que podr\u00e1n disfrutar en las fechas establecidas.<\/p>\n<p>Tres (3) semanas: Del 02 al 22 de enero de 2023.<\/p>\n<p>Una (1) semana: Del 03 al 09 de abril de 2023.<\/p>\n<p>Tres (3) semanas: Del 19 de junio a 09 de julio de 2023.<\/p>\n<p>Una (1) semana: Del 09 al 15 de octubre de 2023.<\/p>\n<p>Cuatro (4) semanas: Del 04 al 31 diciembre de 2023.<\/p>\n<p><strong><u>Vacaciones para directivos docentes y docentes<\/u><\/strong><\/p>\n<p>En este calendario escolar 2023, directivos docentes y docentes tendr\u00e1n derecho a siete (7) semanas, se dar\u00e1n en las siguientes fechas:<\/p>\n<p>Dos (2) semanas: Del 02 al 15 de enero 2023.<\/p>\n<p>Dos (2) semanas: Del 26 de junio al 09 de julio 2023.<\/p>\n<p>Tres (3) semanas: del 11 al 31 de diciembre de 2023.<\/p>\n<p><strong><u>Calendario acad\u00e9mico para colegios privados<\/u><\/strong><\/p>\n<p>Para el caso de los Establecimientos Educativos no oficiales (privados), deber\u00e1n adoptar las medidas administrativas necesarias para organizar calendarios acad\u00e9micos que den cumplimiento a las cuarenta (40) semanas de duraci\u00f3n m\u00ednima establecida, y reportar esta informaci\u00f3n a la Direcci\u00f3n de Inspecci\u00f3n y Vigilancia de la Secretar\u00eda de Educaci\u00f3n Departamental, a m\u00e1s tardar en la primera semana de inicio de trabajo acad\u00e9mico con los estudiantes.<\/p>\n<p>El secretario de Educaci\u00f3n Departamental Marceliano Guerrero Alvarado, indic\u00f3 que se espera el cumplimiento exitoso del calendario acad\u00e9mico 2023, que se desarrollar\u00e1 100% presencial en todos los establecimientos educativos del departamento de Arauca.<\/p>[\/et_pb_text][et_pb_button button_text=\u00bbDescargar Resoluci\u00f3n PDF\u00bb button_alignment=\u00bbcenter\u00bb _builder_version=\u00bb4.19.1&#8243; _module_preset=\u00bbdefault\u00bb custom_button=\u00bbon\u00bb button_text_color=\u00bb#FFFFFF\u00bb button_bg_color=\u00bb#0C71C3&#8243; button_border_radius=\u00bb56px\u00bb hover_enabled=\u00bb0&#8243; global_colors_info=\u00bb{}\u00bb url_new_window=\u00bbon\u00bb button_url=\u00bbhttps:\/\/www.sedarauca.edu.co\/wp-content\/uploads\/2022\/11\/RESOLUCION-3024-DE-2022_CALENDARIO-ESCOLAR-2022-1-1.pdf\u00bb sticky_enabled=\u00bb0&#8243;][\/et_pb_button][\/et_pb_column][\/et_pb_row][\/et_pb_section]\n\n\n\n","protected":false},"excerpt":{"rendered":"<p>La Resoluci\u00f3n No 3024 de 2022 puede ser consultada en la p\u00e1gina de la Entidad Territorial Certificada de Arauca en\u00a0www.arauca.gov.co\u00a0y\u00a0www.sedarauca.edu.co El calendario plantea el cumplimiento de las 40 semanas lectivas. Esta informaci\u00f3n es de inter\u00e9s tanto para estudiantes, padres de familia, directivos y docentes de las Instituciones Educativas como para la ciudadan\u00eda en general. La [&hellip;]<\/p>\n","protected":false},"author":1,"featured_media":876,"comment_status":"closed","ping_status":"closed","sticky":false,"template":"","format":"standard","meta":{"_et_pb_use_builder":"on","_et_pb_old_content":"","_et_gb_content_width":"","footnotes":""},"categories":[25,24],"tags":[],"class_list":["post-875","post","type-post","status-publish","format-standard","has-post-thumbnail","hentry","category-publicacion","category-resolucion"],"_links":{"self":[{"href":"https:\/\/www.sedarauca.edu.co\/index.php\/wp-json\/wp\/v2\/posts\/875","targetHints":{"allow":["GET"]}}],"collection":[{"href":"https:\/\/www.sedarauca.edu.co\/index.php\/wp-json\/wp\/v2\/posts"}],"about":[{"href":"https:\/\/www.sedarauca.edu.co\/index.php\/wp-json\/wp\/v2\/types\/post"}],"author":[{"embeddable":true,"href":"https:\/\/www.sedarauca.edu.co\/index.php\/wp-json\/wp\/v2\/users\/1"}],"replies":[{"embeddable":true,"href":"https:\/\/www.sedarauca.edu.co\/index.php\/wp-json\/wp\/v2\/comments?post=875"}],"version-history":[{"count":6,"href":"https:\/\/www.sedarauca.edu.co\/index.php\/wp-json\/wp\/v2\/posts\/875\/revisions"}],"predecessor-version":[{"id":966,"href":"https:\/\/www.sedarauca.edu.co\/index.php\/wp-json\/wp\/v2\/posts\/875\/revisions\/966"}],"wp:featuredmedia":[{"embeddable":true,"href":"https:\/\/www.sedarauca.edu.co\/index.php\/wp-json\/wp\/v2\/media\/876"}],"wp:attachment":[{"href":"https:\/\/www.sedarauca.edu.co\/index.php\/wp-json\/wp\/v2\/media?parent=875"}],"wp:term":[{"taxonomy":"category","embeddable":true,"href":"https:\/\/www.sedarauca.edu.co\/index.php\/wp-json\/wp\/v2\/categories?post=875"},{"taxonomy":"post_tag","embeddable":true,"href":"https:\/\/www.sedarauca.edu.co\/index.php\/wp-json\/wp\/v2\/tags?post=875"}],"curies":[{"name":"wp","href":"https:\/\/api.w.org\/{rel}","templated":true}]}}