{"id":863,"date":"2022-11-04T12:48:00","date_gmt":"2022-11-04T17:48:00","guid":{"rendered":"http:\/\/www.sedarauca.edu.co\/?p=863"},"modified":"2022-11-28T12:18:21","modified_gmt":"2022-11-28T17:18:21","slug":"comunicado-de-prensa-secretaria-de-educacion-departamental-alerta-sobre-falsos-tramitadores-de-los-programas-tecnicos-de-educacion-gratuita-2","status":"publish","type":"post","link":"https:\/\/www.sedarauca.edu.co\/index.php\/2022\/11\/04\/comunicado-de-prensa-secretaria-de-educacion-departamental-alerta-sobre-falsos-tramitadores-de-los-programas-tecnicos-de-educacion-gratuita-2\/","title":{"rendered":"<strong>Secretar\u00eda de Educaci\u00f3n Departamental alerta sobre falsos tramitadores de los Programas T\u00e9cnicos de Educaci\u00f3n Gratuita<\/strong>"},"content":{"rendered":"\n\n[et_pb_section fb_built=\u00bb1&#8243; _builder_version=\u00bb4.19.0&#8243; _module_preset=\u00bbdefault\u00bb global_colors_info=\u00bb{}\u00bb][et_pb_row _builder_version=\u00bb4.19.0&#8243; _module_preset=\u00bbdefault\u00bb custom_margin=\u00bb||-30px||false|false\u00bb global_colors_info=\u00bb{}\u00bb][et_pb_column type=\u00bb4_4&#8243; _builder_version=\u00bb4.19.0&#8243; _module_preset=\u00bbdefault\u00bb global_colors_info=\u00bb{}\u00bb][et_pb_text _builder_version=\u00bb4.19.0&#8243; _module_preset=\u00bbdefault\u00bb global_colors_info=\u00bb{}\u00bb]<p><em>No hay que realizar ning\u00fan tipo de pago para acceder a los cupos ofertados por la Gobernaci\u00f3n de Arauca en convenio con el Centro de Capacitaci\u00f3n Social y Preparaci\u00f3n Objetiva \u2013 CEDECSPRO.<\/em><\/p>[\/et_pb_text][\/et_pb_column][\/et_pb_row][et_pb_row _builder_version=\u00bb4.19.0&#8243; _module_preset=\u00bbdefault\u00bb global_colors_info=\u00bb{}\u00bb custom_padding=\u00bb27px|||||\u00bb][et_pb_column type=\u00bb4_4&#8243; _builder_version=\u00bb4.19.0&#8243; _module_preset=\u00bbdefault\u00bb global_colors_info=\u00bb{}\u00bb][et_pb_text _builder_version=\u00bb4.19.0&#8243; _module_preset=\u00bbdefault\u00bb global_colors_info=\u00bb{}\u00bb]<p style=\"text-align: justify;\">La Secretar\u00eda de Educaci\u00f3n Departamental informa a los interesados en la convocatoria de EDUCACI\u00d3N GRATUITA en Programas T\u00e9cnicos Laborales en el \u00e1rea de la salud, que personas inescrupulosas, externas a esta entidad, est\u00e1n solicitando dinero a cambio de tramitar y asegurar la asignaci\u00f3n de uno de los 390 cupos ofertados por la Gobernaci\u00f3n de Arauca y cuyo operador es CEDESPRO.<\/p>\n<p style=\"text-align: justify;\">Seg\u00fan lo reportado por algunos ciudadanos a esta Entidad Territorial Certificada, est\u00e1n pidiendo entre $60.000 y $80.000 mil pesos para garantizar la continuidad en el proceso de selecci\u00f3n de la convocatoria de EDUCACI\u00d3N GRATUITA.<\/p>\n<p style=\"text-align: justify;\">Desde la Secretar\u00eda de Educaci\u00f3n Departamental se reitera que para el acceso a la presente convocatoria no est\u00e1 condicionada al pago de dinero de los aspirantes, bajo ning\u00fan concepto. Para la participaci\u00f3n en la convocatoria de EDUCACI\u00d3N GRATUITA se definieron claramente los criterios de selecci\u00f3n de beneficiarios, los cuales fueron socializados en jornadas presenciales realizadas en los municipios de Tame, Arauquita, Saravena y Arauca. Tambi\u00e9n, fueron publicados en la p\u00e1gina web institucional de la Gobernaci\u00f3n de Arauca https:\/\/bit.ly\/3zMppoB y se encuentran disponibles para consulta.<\/p>\n<p style=\"text-align: justify;\">Se hace un llamado a quienes han sido v\u00edctimas de estafa a poner en conocimiento de las autoridades competentes tal situaci\u00f3n, que de no detenerse podr\u00eda afectar a m\u00e1s ciudadanos, e invita adem\u00e1s a mantenerse informado por los canales oficiales de la Secretar\u00eda de Educaci\u00f3n Departamental www.earauca.edu.co y CEDESPRO www.cedecspro.edu.co.<\/p>[\/et_pb_text][\/et_pb_column][\/et_pb_row][\/et_pb_section]\n\n","protected":false},"excerpt":{"rendered":"<p>No hay que realizar ning\u00fan tipo de pago para acceder a los cupos ofertados por la Gobernaci\u00f3n de Arauca en convenio con el Centro de Capacitaci\u00f3n Social y Preparaci\u00f3n Objetiva \u2013 CEDECSPRO.La Secretar\u00eda de Educaci\u00f3n Departamental informa a los interesados en la convocatoria de EDUCACI\u00d3N GRATUITA en Programas T\u00e9cnicos Laborales en el \u00e1rea de la [&hellip;]<\/p>\n","protected":false},"author":1,"featured_media":842,"comment_status":"closed","ping_status":"closed","sticky":false,"template":"","format":"standard","meta":{"_et_pb_use_builder":"on","_et_pb_old_content":"","_et_gb_content_width":"","footnotes":""},"categories":[21,6],"tags":[],"class_list":["post-863","post","type-post","status-publish","format-standard","has-post-thumbnail","hentry","category-boletin","category-noticias"],"_links":{"self":[{"href":"https:\/\/www.sedarauca.edu.co\/index.php\/wp-json\/wp\/v2\/posts\/863","targetHints":{"allow":["GET"]}}],"collection":[{"href":"https:\/\/www.sedarauca.edu.co\/index.php\/wp-json\/wp\/v2\/posts"}],"about":[{"href":"https:\/\/www.sedarauca.edu.co\/index.php\/wp-json\/wp\/v2\/types\/post"}],"author":[{"embeddable":true,"href":"https:\/\/www.sedarauca.edu.co\/index.php\/wp-json\/wp\/v2\/users\/1"}],"replies":[{"embeddable":true,"href":"https:\/\/www.sedarauca.edu.co\/index.php\/wp-json\/wp\/v2\/comments?post=863"}],"version-history":[{"count":9,"href":"https:\/\/www.sedarauca.edu.co\/index.php\/wp-json\/wp\/v2\/posts\/863\/revisions"}],"predecessor-version":[{"id":883,"href":"https:\/\/www.sedarauca.edu.co\/index.php\/wp-json\/wp\/v2\/posts\/863\/revisions\/883"}],"wp:featuredmedia":[{"embeddable":true,"href":"https:\/\/www.sedarauca.edu.co\/index.php\/wp-json\/wp\/v2\/media\/842"}],"wp:attachment":[{"href":"https:\/\/www.sedarauca.edu.co\/index.php\/wp-json\/wp\/v2\/media?parent=863"}],"wp:term":[{"taxonomy":"category","embeddable":true,"href":"https:\/\/www.sedarauca.edu.co\/index.php\/wp-json\/wp\/v2\/categories?post=863"},{"taxonomy":"post_tag","embeddable":true,"href":"https:\/\/www.sedarauca.edu.co\/index.php\/wp-json\/wp\/v2\/tags?post=863"}],"curies":[{"name":"wp","href":"https:\/\/api.w.org\/{rel}","templated":true}]}}