{"id":8622,"date":"2024-05-02T09:01:00","date_gmt":"2024-05-02T14:01:00","guid":{"rendered":"https:\/\/www.sedarauca.edu.co\/?p=8622"},"modified":"2024-05-06T16:29:23","modified_gmt":"2024-05-06T21:29:23","slug":"por-la-cual-se-levanta-la-suspension-del-cronograma-de-actividades-del-proceso-de-evaluacion-para-el-ascenso-de-grado-o-reubicacion-de-nivel-salarial-de-los-educadores","status":"publish","type":"post","link":"https:\/\/www.sedarauca.edu.co\/index.php\/2024\/05\/02\/por-la-cual-se-levanta-la-suspension-del-cronograma-de-actividades-del-proceso-de-evaluacion-para-el-ascenso-de-grado-o-reubicacion-de-nivel-salarial-de-los-educadores\/","title":{"rendered":"Por el cual se levanta la suspensi\u00f3n del cronograma de actividades del proceso de evaluaci\u00f3n para el ascenso de grado o reubicaci\u00f3n de nivel salarial de los educadores"},"content":{"rendered":"\n[et_pb_section fb_built=\u00bb1&#8243; theme_builder_area=\u00bbpost_content\u00bb _builder_version=\u00bb4.25.0&#8243; _module_preset=\u00bbdefault\u00bb][et_pb_row _builder_version=\u00bb4.25.0&#8243; _module_preset=\u00bbdefault\u00bb theme_builder_area=\u00bbpost_content\u00bb][et_pb_column _builder_version=\u00bb4.25.0&#8243; _module_preset=\u00bbdefault\u00bb type=\u00bb4_4&#8243; theme_builder_area=\u00bbpost_content\u00bb][et_pb_text _builder_version=\u00bb4.25.0&#8243; _module_preset=\u00bbdefault\u00bb theme_builder_area=\u00bbpost_content\u00bb custom_margin=\u00bb-30px||||false|false\u00bb hover_enabled=\u00bb0&#8243; sticky_enabled=\u00bb0&#8243;]<p style=\"text-align: center;\"><em>Por el cual se levanta la suspensi\u00f3n del cronograma de actividades del proceso de evaluaci\u00f3n para el ascenso de grado o reubicaci\u00f3n de nivel salarial de los educadores regidos por el Decreto Ley 1278 de 2002 y se modifica el Decreto No. 342 de 2024 de la Secretaria de Educaci\u00f3n Departamental de Arauca.<\/em><\/p>[\/et_pb_text][\/et_pb_column][\/et_pb_row][et_pb_row _builder_version=\u00bb4.25.0&#8243; _module_preset=\u00bbdefault\u00bb theme_builder_area=\u00bbpost_content\u00bb][et_pb_column _builder_version=\u00bb4.25.0&#8243; _module_preset=\u00bbdefault\u00bb type=\u00bb4_4&#8243; theme_builder_area=\u00bbpost_content\u00bb][et_pb_text _builder_version=\u00bb4.25.0&#8243; _module_preset=\u00bbdefault\u00bb theme_builder_area=\u00bbpost_content\u00bb hover_enabled=\u00bb0&#8243; sticky_enabled=\u00bb0&#8243;]<p style=\"text-align: justify;\">LA SECRETARIA DE EDUCACI\u00d3N DEL DEPARTAMENTO DE ARAUCA, en uso de las facultades legales y en especial las conferidas por la Leyes 115 de 1994, 715 de 2001; Decretos Nacionales 2277 de 1979, 1278 de 2002 y 1075 de 2015 y <em>Resoluci\u00f3n N\u00b0 005829 de 2024 del MEN<\/em><\/p>\n<p style=\"text-align: justify;\"><strong>DECRETA:<\/strong><\/p>\n<p style=\"text-align: justify;\"><strong>ART\u00cdCULO PRIMERO:<\/strong> <strong><em>Levantamiento de las suspensi\u00f3n del cronograma. <\/em><\/strong>Levantar la suspensi\u00f3n del cronograma contenida en el art\u00edculo segundo del Decreto 379 de 2024, de la Secretaria de Educaci\u00f3n Departamental de Arauca. En consecuencia, reanudar el proceso de evaluaci\u00f3n para el ascenso de grado o reubicaci\u00f3n de nivel de los educadores regidos por el Decreto Ley 1278 de 2002.<\/p>\n<p style=\"text-align: justify;\"><em><strong>ART\u00cdCULO SEGUNDO: Modificaci\u00f3n del cronograma. <\/strong>Modif\u00edquese el art\u00edculo primero del Decreto 379 de 2024 de la Secretaria de Educaci\u00f3n Departamental de Arauca.<\/em><\/p>\n<p style=\"text-align: justify;\"><em><strong>ART\u00cdCULO TERCERO. Modificaci\u00f3n del par\u00e1grafo cuarto art\u00edculo cuarto del Decreto 342 de 2024. <\/strong>Modif\u00edquese el par\u00e1grafo cuarto del art\u00edculo cuarto del Decreto 342 de 2024 de la Secretaria de Educaci\u00f3n Departamental de Arauca.<\/em><\/p>\n<p style=\"text-align: justify;\"><em><strong>ARTICULO CUARTO: Modif\u00edquese el art\u00edculo sexto Decreto N\u00b0 342 de 2024. \u00a0<\/strong>Modif\u00edquese el art\u00edculo sexto Decreto N\u00b0 342 de 2024 de la Secretaria de Educaci\u00f3n Departamental de Arauca, en el sentido de adicionar un par\u00e1grafo.<\/em><\/p>\n<p style=\"text-align: justify;\"><em>Y otros como aparece en el pdf a continuaci\u00f3n.<\/em><\/p>[\/et_pb_text][\/et_pb_column][\/et_pb_row][et_pb_row _builder_version=\u00bb4.25.0&#8243; _module_preset=\u00bbdefault\u00bb theme_builder_area=\u00bbpost_content\u00bb link_option_url=\u00bbhttps:\/\/www.sedarauca.edu.co\/wp-content\/uploads\/2024\/05\/Decreto-N\u00b0-611-de-2024-SE-LEVANTA-LA-SUSPENSION-DEL-CRONOGRAMA.pdf\u00bb link_option_url_new_window=\u00bbon\u00bb hover_enabled=\u00bb0&#8243; sticky_enabled=\u00bb0&#8243;][et_pb_column _builder_version=\u00bb4.25.0&#8243; _module_preset=\u00bbdefault\u00bb type=\u00bb4_4&#8243; theme_builder_area=\u00bbpost_content\u00bb][et_pb_code _builder_version=\u00bb4.25.0&#8243; _module_preset=\u00bbdefault\u00bb theme_builder_area=\u00bbpost_content\u00bb link_option_url=\u00bbhttps:\/\/www.sedarauca.edu.co\/wp-content\/uploads\/2024\/05\/Decreto-N\u00b0-611-de-2024-SE-LEVANTA-LA-SUSPENSION-DEL-CRONOGRAMA.pdf\u00bb link_option_url_new_window=\u00bbon\u00bb hover_enabled=\u00bb0&#8243; sticky_enabled=\u00bb0&#8243;]<a href=\"https:\/\/www.sedarauca.edu.co\/wp-content\/uploads\/2024\/05\/Decreto-N\u00b0-611-de-2024-SE-LEVANTA-LA-SUSPENSION-DEL-CRONOGRAMA.pdf\" class=\"pdfemb-viewer\" style=\"\" data-width=\"max\" data-height=\"max\" data-toolbar=\"bottom\" data-toolbar-fixed=\"on\">Decreto-N\u00b0-611-de-2024-SE-LEVANTA-LA-SUSPENSION-DEL-CRONOGRAMA<\/a>[\/et_pb_code][\/et_pb_column][\/et_pb_row][\/et_pb_section]\n","protected":false},"excerpt":{"rendered":"<p>Por el cual se levanta la suspensi\u00f3n del cronograma de actividades del proceso de evaluaci\u00f3n para el ascenso de grado o reubicaci\u00f3n de nivel salarial de los educadores regidos por el Decreto Ley 1278 de 2002 y se modifica el Decreto No. 342 de 2024 de la Secretaria de Educaci\u00f3n Departamental de Arauca.LA SECRETARIA DE [&hellip;]<\/p>\n","protected":false},"author":1,"featured_media":8653,"comment_status":"closed","ping_status":"closed","sticky":false,"template":"","format":"standard","meta":{"_et_pb_use_builder":"on","_et_pb_old_content":"","_et_gb_content_width":"","footnotes":""},"categories":[22,25],"tags":[],"class_list":["post-8622","post","type-post","status-publish","format-standard","has-post-thumbnail","hentry","category-decreto","category-publicacion"],"_links":{"self":[{"href":"https:\/\/www.sedarauca.edu.co\/index.php\/wp-json\/wp\/v2\/posts\/8622","targetHints":{"allow":["GET"]}}],"collection":[{"href":"https:\/\/www.sedarauca.edu.co\/index.php\/wp-json\/wp\/v2\/posts"}],"about":[{"href":"https:\/\/www.sedarauca.edu.co\/index.php\/wp-json\/wp\/v2\/types\/post"}],"author":[{"embeddable":true,"href":"https:\/\/www.sedarauca.edu.co\/index.php\/wp-json\/wp\/v2\/users\/1"}],"replies":[{"embeddable":true,"href":"https:\/\/www.sedarauca.edu.co\/index.php\/wp-json\/wp\/v2\/comments?post=8622"}],"version-history":[{"count":4,"href":"https:\/\/www.sedarauca.edu.co\/index.php\/wp-json\/wp\/v2\/posts\/8622\/revisions"}],"predecessor-version":[{"id":8628,"href":"https:\/\/www.sedarauca.edu.co\/index.php\/wp-json\/wp\/v2\/posts\/8622\/revisions\/8628"}],"wp:featuredmedia":[{"embeddable":true,"href":"https:\/\/www.sedarauca.edu.co\/index.php\/wp-json\/wp\/v2\/media\/8653"}],"wp:attachment":[{"href":"https:\/\/www.sedarauca.edu.co\/index.php\/wp-json\/wp\/v2\/media?parent=8622"}],"wp:term":[{"taxonomy":"category","embeddable":true,"href":"https:\/\/www.sedarauca.edu.co\/index.php\/wp-json\/wp\/v2\/categories?post=8622"},{"taxonomy":"post_tag","embeddable":true,"href":"https:\/\/www.sedarauca.edu.co\/index.php\/wp-json\/wp\/v2\/tags?post=8622"}],"curies":[{"name":"wp","href":"https:\/\/api.w.org\/{rel}","templated":true}]}}