{"id":8600,"date":"2024-04-30T10:01:00","date_gmt":"2024-04-30T15:01:00","guid":{"rendered":"https:\/\/www.sedarauca.edu.co\/?p=8600"},"modified":"2024-05-10T10:57:43","modified_gmt":"2024-05-10T15:57:43","slug":"la-gobernacion-de-arauca-se-vinculo-el-martes-anterior-al-festimango-con-los-menus-escolares-de-las-instituciones-educativas-del-departamento","status":"publish","type":"post","link":"https:\/\/www.sedarauca.edu.co\/index.php\/2024\/04\/30\/la-gobernacion-de-arauca-se-vinculo-el-martes-anterior-al-festimango-con-los-menus-escolares-de-las-instituciones-educativas-del-departamento\/","title":{"rendered":"La gobernaci\u00f3n de Arauca se vincul\u00f3 el martes anterior al Festimango con los men\u00fas escolares de las Instituciones Educativas del Departamento"},"content":{"rendered":"\n[et_pb_section fb_built=\u00bb1&#8243; theme_builder_area=\u00bbpost_content\u00bb _builder_version=\u00bb4.25.0&#8243; _module_preset=\u00bbdefault\u00bb][et_pb_row _builder_version=\u00bb4.25.0&#8243; _module_preset=\u00bbdefault\u00bb theme_builder_area=\u00bbpost_content\u00bb][et_pb_column _builder_version=\u00bb4.25.0&#8243; _module_preset=\u00bbdefault\u00bb type=\u00bb4_4&#8243; theme_builder_area=\u00bbpost_content\u00bb][et_pb_text _builder_version=\u00bb4.25.0&#8243; _module_preset=\u00bbdefault\u00bb theme_builder_area=\u00bbpost_content\u00bb custom_margin=\u00bb-30px||||false|false\u00bb hover_enabled=\u00bb0&#8243; sticky_enabled=\u00bb0&#8243;]<p style=\"text-align: center;\"><em>M\u00e1s de 1.900 kg de mangos fueron preparados para los complementos alimentarios de m\u00e1s de 27.900 estudiantes<\/em>.<\/p>[\/et_pb_text][\/et_pb_column][\/et_pb_row][et_pb_row _builder_version=\u00bb4.25.0&#8243; _module_preset=\u00bbdefault\u00bb theme_builder_area=\u00bbpost_content\u00bb][et_pb_column _builder_version=\u00bb4.25.0&#8243; _module_preset=\u00bbdefault\u00bb type=\u00bb4_4&#8243; theme_builder_area=\u00bbpost_content\u00bb][et_pb_video src=\u00bbhttps:\/\/youtu.be\/GURJTB1TzrE\u00bb _builder_version=\u00bb4.25.0&#8243; _module_preset=\u00bbdefault\u00bb theme_builder_area=\u00bbpost_content\u00bb hover_enabled=\u00bb0&#8243; sticky_enabled=\u00bb0&#8243;][\/et_pb_video][\/et_pb_column][\/et_pb_row][et_pb_row _builder_version=\u00bb4.25.0&#8243; _module_preset=\u00bbdefault\u00bb theme_builder_area=\u00bbpost_content\u00bb][et_pb_column _builder_version=\u00bb4.25.0&#8243; _module_preset=\u00bbdefault\u00bb type=\u00bb4_4&#8243; theme_builder_area=\u00bbpost_content\u00bb][et_pb_text _builder_version=\u00bb4.25.0&#8243; _module_preset=\u00bbdefault\u00bb theme_builder_area=\u00bbpost_content\u00bb hover_enabled=\u00bb0&#8243; sticky_enabled=\u00bb0&#8243;]<p style=\"text-align: justify;\">El Programa de Alimentaci\u00f3n Escolar PAE adscrito a la Secretar\u00eda de Educacion Departamental contin\u00faa haciendo el llamado a las familias que tengan cosecha de mango en sus patios, parcelas y\/o fincas a que ofrezcan su producci\u00f3n a los proveedores del Programa registr\u00e1ndose en la convocatoria.<\/p>\n<p style=\"text-align: justify;\">El registro lo pueden hacer a trav\u00e9s de las p\u00e1ginas web o redes sociales de la Gobernaci\u00f3n de Arauca o de la Secretar\u00eda de Educaci\u00f3n Departamental, donde podr\u00e1n diligenciar el formulario para poder ser contactados por los proveedores del PAE, quienes realizar\u00e1n la compra.<\/p>\n<p style=\"text-align: justify;\">\u201cDurante el mes de mayo se mantendr\u00e1 esta estrategia que promueve las compras locales apoyando a las familias araucanas y evitando el desperdicio de esta fruta que aporta vitaminas y minerales\u201d indic\u00f3 la profesional en Nutrici\u00f3n del equipo PAE, Edis Garc\u00e9s.<\/p>\n<p style=\"text-align: justify;\">As\u00ed mismo, mencion\u00f3 que los pr\u00f3ximos meses se continuar\u00e1 promoviendo las cosechas de temporada de la regi\u00f3n y que en articulaci\u00f3n con la Secretar\u00eda de Desarrollo Agropecuario y Sostenible se brindar\u00e1n asistencias t\u00e9cnicas para que los productores se formalicen y puedan ofrecer sus negocios a distintas instituciones a trav\u00e9s de las Compras P\u00fablicas\u00a0Locales.<\/p>[\/et_pb_text][\/et_pb_column][\/et_pb_row][\/et_pb_section]\n","protected":false},"excerpt":{"rendered":"<p>M\u00e1s de 1.900 kg de mangos fueron preparados para los complementos alimentarios de m\u00e1s de 27.900 estudiantes.El Programa de Alimentaci\u00f3n Escolar PAE adscrito a la Secretar\u00eda de Educacion Departamental contin\u00faa haciendo el llamado a las familias que tengan cosecha de mango en sus patios, parcelas y\/o fincas a que ofrezcan su producci\u00f3n a los proveedores [&hellip;]<\/p>\n","protected":false},"author":1,"featured_media":8679,"comment_status":"closed","ping_status":"closed","sticky":false,"template":"","format":"standard","meta":{"_et_pb_use_builder":"on","_et_pb_old_content":"","_et_gb_content_width":"","footnotes":""},"categories":[21,6],"tags":[],"class_list":["post-8600","post","type-post","status-publish","format-standard","has-post-thumbnail","hentry","category-boletin","category-noticias"],"_links":{"self":[{"href":"https:\/\/www.sedarauca.edu.co\/index.php\/wp-json\/wp\/v2\/posts\/8600","targetHints":{"allow":["GET"]}}],"collection":[{"href":"https:\/\/www.sedarauca.edu.co\/index.php\/wp-json\/wp\/v2\/posts"}],"about":[{"href":"https:\/\/www.sedarauca.edu.co\/index.php\/wp-json\/wp\/v2\/types\/post"}],"author":[{"embeddable":true,"href":"https:\/\/www.sedarauca.edu.co\/index.php\/wp-json\/wp\/v2\/users\/1"}],"replies":[{"embeddable":true,"href":"https:\/\/www.sedarauca.edu.co\/index.php\/wp-json\/wp\/v2\/comments?post=8600"}],"version-history":[{"count":4,"href":"https:\/\/www.sedarauca.edu.co\/index.php\/wp-json\/wp\/v2\/posts\/8600\/revisions"}],"predecessor-version":[{"id":8609,"href":"https:\/\/www.sedarauca.edu.co\/index.php\/wp-json\/wp\/v2\/posts\/8600\/revisions\/8609"}],"wp:featuredmedia":[{"embeddable":true,"href":"https:\/\/www.sedarauca.edu.co\/index.php\/wp-json\/wp\/v2\/media\/8679"}],"wp:attachment":[{"href":"https:\/\/www.sedarauca.edu.co\/index.php\/wp-json\/wp\/v2\/media?parent=8600"}],"wp:term":[{"taxonomy":"category","embeddable":true,"href":"https:\/\/www.sedarauca.edu.co\/index.php\/wp-json\/wp\/v2\/categories?post=8600"},{"taxonomy":"post_tag","embeddable":true,"href":"https:\/\/www.sedarauca.edu.co\/index.php\/wp-json\/wp\/v2\/tags?post=8600"}],"curies":[{"name":"wp","href":"https:\/\/api.w.org\/{rel}","templated":true}]}}