{"id":8539,"date":"2024-04-23T17:44:00","date_gmt":"2024-04-23T22:44:00","guid":{"rendered":"https:\/\/www.sedarauca.edu.co\/?p=8539"},"modified":"2024-04-23T20:51:41","modified_gmt":"2024-04-24T01:51:41","slug":"la-secretaria-de-educacion-departamental-de-arauca-y-ascatidar-socializaron-el-contrato-que-permitira-continuar-operando-el-pae-indigena-en-las-comunidades-educativas","status":"publish","type":"post","link":"https:\/\/www.sedarauca.edu.co\/index.php\/2024\/04\/23\/la-secretaria-de-educacion-departamental-de-arauca-y-ascatidar-socializaron-el-contrato-que-permitira-continuar-operando-el-pae-indigena-en-las-comunidades-educativas\/","title":{"rendered":"La Secretar\u00eda de Educaci\u00f3n Departamental de Arauca y Ascatidar socializaron el contrato que permitir\u00e1 continuar operando el PAE Ind\u00edgena en las comunidades educativas"},"content":{"rendered":"<p>[et_pb_section fb_built=\u00bb1&#8243; theme_builder_area=\u00bbpost_content\u00bb _builder_version=\u00bb4.25.0&#8243; _module_preset=\u00bbdefault\u00bb][et_pb_row _builder_version=\u00bb4.25.0&#8243; _module_preset=\u00bbdefault\u00bb theme_builder_area=\u00bbpost_content\u00bb][et_pb_column _builder_version=\u00bb4.25.0&#8243; _module_preset=\u00bbdefault\u00bb type=\u00bb4_4&#8243; theme_builder_area=\u00bbpost_content\u00bb][et_pb_text _builder_version=\u00bb4.25.0&#8243; _module_preset=\u00bbdefault\u00bb theme_builder_area=\u00bbpost_content\u00bb custom_margin=\u00bb-20px||||false|false\u00bb hover_enabled=\u00bb0&#8243; sticky_enabled=\u00bb0&#8243; custom_padding=\u00bb||0px|||\u00bb]<\/p>\n<p style=\"text-align: justify;\"><strong>Arauca, 23 de abril de 2024.<\/strong> En presencia de autoridades ind\u00edgenas y sus respectivas comunidades, la Gobernaci\u00f3n de Arauca y el operador del Programa de Alimentaci\u00f3n Escolar Ind\u00edgena, la Asociaci\u00f3n de Cabildos y Autoridades Tradicionales Ind\u00edgenas del Departamento de Arauca (ASCATIDAR), llevaron a cabo la socializaci\u00f3n del Contrato 108 de 2024. Este contrato, valuado en $2.825.992.249, tiene como objetivo beneficiar a 2.126 estudiantes a lo largo de 161 d\u00edas del calendario acad\u00e9mico, abarcando a 308 residentes escolares y 1.818 no residentes.<\/p>\n<p style=\"text-align: justify;\">Los residentes escolares recibir\u00e1n 5 complementos alimentarios con enfoque diferencial: desayuno, almuerzo, cena y 2 refrigerios, ma\u00f1ana y tarde. Mientras, los no residentes recibir\u00e1n complemento almuerzo.<\/p>\n<p>[\/et_pb_text][\/et_pb_column][\/et_pb_row][et_pb_row _builder_version=\u00bb4.25.0&#8243; _module_preset=\u00bbdefault\u00bb column_structure=\u00bb1_2,1_2&#8243; theme_builder_area=\u00bbpost_content\u00bb][et_pb_column _builder_version=\u00bb4.25.0&#8243; _module_preset=\u00bbdefault\u00bb type=\u00bb1_2&#8243; theme_builder_area=\u00bbpost_content\u00bb][et_pb_image src=\u00bbhttps:\/\/www.sedarauca.edu.co\/wp-content\/uploads\/2024\/04\/Rector-scaled.jpg\u00bb _builder_version=\u00bb4.25.0&#8243; _module_preset=\u00bbdefault\u00bb theme_builder_area=\u00bbpost_content\u00bb title_text=\u00bbRector\u00bb hover_enabled=\u00bb0&#8243; sticky_enabled=\u00bb0&#8243;][\/et_pb_image][\/et_pb_column][et_pb_column _builder_version=\u00bb4.25.0&#8243; _module_preset=\u00bbdefault\u00bb type=\u00bb1_2&#8243; theme_builder_area=\u00bbpost_content\u00bb][et_pb_image src=\u00bbhttps:\/\/www.sedarauca.edu.co\/wp-content\/uploads\/2024\/04\/Operador-Ascatidar-scaled.jpg\u00bb _builder_version=\u00bb4.25.0&#8243; _module_preset=\u00bbdefault\u00bb theme_builder_area=\u00bbpost_content\u00bb title_text=\u00bbOperador Ascatidar\u00bb hover_enabled=\u00bb0&#8243; sticky_enabled=\u00bb0&#8243;][\/et_pb_image][\/et_pb_column][\/et_pb_row][et_pb_row _builder_version=\u00bb4.25.0&#8243; _module_preset=\u00bbdefault\u00bb theme_builder_area=\u00bbpost_content\u00bb][et_pb_column _builder_version=\u00bb4.25.0&#8243; _module_preset=\u00bbdefault\u00bb type=\u00bb4_4&#8243; theme_builder_area=\u00bbpost_content\u00bb][et_pb_text _builder_version=\u00bb4.25.0&#8243; _module_preset=\u00bbdefault\u00bb theme_builder_area=\u00bbpost_content\u00bb hover_enabled=\u00bb0&#8243; sticky_enabled=\u00bb0&#8243;]<\/p>\n<p style=\"text-align: justify;\">Este contrato que continuar\u00e1 operando la Asociaci\u00f3n de Cabildos y Autoridades Tradicionales Ind\u00edgenas -Ascatidar, va dirigido a los ni\u00f1os, ni\u00f1as, adolescentes y j\u00f3venes matriculados en 35 sedes educativas ind\u00edgenas de los municipios de Tame, Puerto Rond\u00f3n, Arauca, Arauquita y Saravena.<\/p>\n<p style=\"text-align: justify;\">En el marco de la labor continua por fortalecer la permanencia estudiantil, el director de Cobertura de la Secretar\u00eda de Educaci\u00f3n, Luis Felipe Guzm\u00e1n, enfatiz\u00f3 la importancia del PAE en este esfuerzo e hizo un llamado tanto a los padres de familia para que matriculen a sus hijos, como a las instituciones educativas para que realicen el debido registro de los estudiantes en el sistema de matr\u00edcula Simat, asegurando as\u00ed su acceso a los cupos disponibles y a la ampliaci\u00f3n de la cobertura educativa.<\/p>\n<p>[\/et_pb_text][\/et_pb_column][\/et_pb_row][et_pb_row _builder_version=\u00bb4.25.0&#8243; _module_preset=\u00bbdefault\u00bb column_structure=\u00bb3_5,2_5&#8243; theme_builder_area=\u00bbpost_content\u00bb][et_pb_column _builder_version=\u00bb4.25.0&#8243; _module_preset=\u00bbdefault\u00bb type=\u00bb3_5&#8243; theme_builder_area=\u00bbpost_content\u00bb][et_pb_image src=\u00bbhttps:\/\/www.sedarauca.edu.co\/wp-content\/uploads\/2024\/04\/AscatPae02-scaled.jpg\u00bb _builder_version=\u00bb4.25.0&#8243; _module_preset=\u00bbdefault\u00bb theme_builder_area=\u00bbpost_content\u00bb title_text=\u00bbAscatPae02&#8243; hover_enabled=\u00bb0&#8243; sticky_enabled=\u00bb0&#8243;][\/et_pb_image][\/et_pb_column][et_pb_column _builder_version=\u00bb4.25.0&#8243; _module_preset=\u00bbdefault\u00bb type=\u00bb2_5&#8243; theme_builder_area=\u00bbpost_content\u00bb][et_pb_image src=\u00bbhttps:\/\/www.sedarauca.edu.co\/wp-content\/uploads\/2024\/04\/AscatPae03a.jpg\u00bb _builder_version=\u00bb4.25.0&#8243; _module_preset=\u00bbdefault\u00bb theme_builder_area=\u00bbpost_content\u00bb title_text=\u00bbAscatPae03a\u00bb hover_enabled=\u00bb0&#8243; sticky_enabled=\u00bb0&#8243;][\/et_pb_image][\/et_pb_column][\/et_pb_row][et_pb_row _builder_version=\u00bb4.25.0&#8243; _module_preset=\u00bbdefault\u00bb theme_builder_area=\u00bbpost_content\u00bb hover_enabled=\u00bb0&#8243; sticky_enabled=\u00bb0&#8243;][et_pb_column _builder_version=\u00bb4.25.0&#8243; _module_preset=\u00bbdefault\u00bb type=\u00bb4_4&#8243; theme_builder_area=\u00bbpost_content\u00bb][et_pb_text _builder_version=\u00bb4.25.0&#8243; _module_preset=\u00bbdefault\u00bb theme_builder_area=\u00bbpost_content\u00bb custom_margin=\u00bb-20px||||false|false\u00bb hover_enabled=\u00bb0&#8243; sticky_enabled=\u00bb0&#8243;]<\/p>\n<p style=\"text-align: justify;\">Por su parte, el rector de la Instituci\u00f3n Educativa Ind\u00edgena Guahibo Betoy, Edgar Alberto Erazo Solarte, agradeci\u00f3 la coordinaci\u00f3n de este proyecto para continuar con el programa sin interrupci\u00f3n que permite garantizar el derecho a la educaci\u00f3n y a la alimentaci\u00f3n de esta poblaci\u00f3n de especial protecci\u00f3n.<\/p>\n<p style=\"text-align: justify;\">El departamento de Arauca cuenta con 2 asociaciones ind\u00edgenas: Ascatidar y Asocata, con quienes se celebraron 2 contrataciones directas para operar el PAE en sus zonas\u00a0de\u00a0influencia.<\/p>\n<p>[\/et_pb_text][\/et_pb_column][\/et_pb_row][\/et_pb_section][et_pb_section fb_built=\u00bb1&#8243; theme_builder_area=\u00bbpost_content\u00bb _builder_version=\u00bb4.25.0&#8243; _module_preset=\u00bbdefault\u00bb custom_margin=\u00bb-100px||||false|false\u00bb hover_enabled=\u00bb0&#8243; sticky_enabled=\u00bb0&#8243;][et_pb_row _builder_version=\u00bb4.25.0&#8243; _module_preset=\u00bbdefault\u00bb column_structure=\u00bb1_5,3_5,1_5&#8243; theme_builder_area=\u00bbpost_content\u00bb hover_enabled=\u00bb0&#8243; sticky_enabled=\u00bb0&#8243;][et_pb_column _builder_version=\u00bb4.25.0&#8243; _module_preset=\u00bbdefault\u00bb type=\u00bb1_5&#8243; theme_builder_area=\u00bbpost_content\u00bb][\/et_pb_column][et_pb_column _builder_version=\u00bb4.25.0&#8243; _module_preset=\u00bbdefault\u00bb type=\u00bb3_5&#8243; theme_builder_area=\u00bbpost_content\u00bb][et_pb_audio title=\u00bbAudio\u00bb artist_name=\u00bbRector Edgar Alberto Erazo Solarte\u00bb _builder_version=\u00bb4.25.0&#8243; _module_preset=\u00bbdefault\u00bb theme_builder_area=\u00bbpost_content\u00bb border_radii=\u00bbon|30px|30px|30px|30px\u00bb link_option_url=\u00bbhttps:\/\/www.sedarauca.edu.co\/wp-content\/uploads\/2024\/04\/2024_Audio-Edgar-Alberto-Erazo-Solarte_Rector.mp3&#8243; link_option_url_new_window=\u00bbon\u00bb hover_enabled=\u00bb0&#8243; sticky_enabled=\u00bb0&#8243;][\/et_pb_audio][\/et_pb_column][et_pb_column _builder_version=\u00bb4.25.0&#8243; _module_preset=\u00bbdefault\u00bb type=\u00bb1_5&#8243; theme_builder_area=\u00bbpost_content\u00bb][\/et_pb_column][\/et_pb_row][\/et_pb_section]<\/p>\n","protected":false},"excerpt":{"rendered":"<p>Arauca, 23 de abril de 2024. En presencia de autoridades ind\u00edgenas y sus respectivas comunidades, la Gobernaci\u00f3n de Arauca y el operador del Programa de Alimentaci\u00f3n Escolar Ind\u00edgena, la Asociaci\u00f3n de Cabildos y Autoridades Tradicionales Ind\u00edgenas del Departamento de Arauca (ASCATIDAR), llevaron a cabo la socializaci\u00f3n del Contrato 108 de 2024. Este contrato, valuado en [&hellip;]<\/p>\n","protected":false},"author":1,"featured_media":8541,"comment_status":"closed","ping_status":"closed","sticky":false,"template":"","format":"standard","meta":{"_et_pb_use_builder":"on","_et_pb_old_content":"","_et_gb_content_width":"","footnotes":""},"categories":[21,6,17],"tags":[],"class_list":["post-8539","post","type-post","status-publish","format-standard","has-post-thumbnail","hentry","category-boletin","category-noticias","category-pae"],"_links":{"self":[{"href":"https:\/\/www.sedarauca.edu.co\/index.php\/wp-json\/wp\/v2\/posts\/8539","targetHints":{"allow":["GET"]}}],"collection":[{"href":"https:\/\/www.sedarauca.edu.co\/index.php\/wp-json\/wp\/v2\/posts"}],"about":[{"href":"https:\/\/www.sedarauca.edu.co\/index.php\/wp-json\/wp\/v2\/types\/post"}],"author":[{"embeddable":true,"href":"https:\/\/www.sedarauca.edu.co\/index.php\/wp-json\/wp\/v2\/users\/1"}],"replies":[{"embeddable":true,"href":"https:\/\/www.sedarauca.edu.co\/index.php\/wp-json\/wp\/v2\/comments?post=8539"}],"version-history":[{"count":8,"href":"https:\/\/www.sedarauca.edu.co\/index.php\/wp-json\/wp\/v2\/posts\/8539\/revisions"}],"predecessor-version":[{"id":8558,"href":"https:\/\/www.sedarauca.edu.co\/index.php\/wp-json\/wp\/v2\/posts\/8539\/revisions\/8558"}],"wp:featuredmedia":[{"embeddable":true,"href":"https:\/\/www.sedarauca.edu.co\/index.php\/wp-json\/wp\/v2\/media\/8541"}],"wp:attachment":[{"href":"https:\/\/www.sedarauca.edu.co\/index.php\/wp-json\/wp\/v2\/media?parent=8539"}],"wp:term":[{"taxonomy":"category","embeddable":true,"href":"https:\/\/www.sedarauca.edu.co\/index.php\/wp-json\/wp\/v2\/categories?post=8539"},{"taxonomy":"post_tag","embeddable":true,"href":"https:\/\/www.sedarauca.edu.co\/index.php\/wp-json\/wp\/v2\/tags?post=8539"}],"curies":[{"name":"wp","href":"https:\/\/api.w.org\/{rel}","templated":true}]}}