{"id":8533,"date":"2024-04-15T09:45:00","date_gmt":"2024-04-15T14:45:00","guid":{"rendered":"https:\/\/www.sedarauca.edu.co\/?p=8533"},"modified":"2024-04-18T11:00:37","modified_gmt":"2024-04-18T16:00:37","slug":"el-ministerio-de-educacion-fortalece-la-alianza-familia-escuela-para-la-formacion-integral-de-ninas-ninos-y-adolescentes-en-colombia","status":"publish","type":"post","link":"https:\/\/www.sedarauca.edu.co\/index.php\/2024\/04\/15\/el-ministerio-de-educacion-fortalece-la-alianza-familia-escuela-para-la-formacion-integral-de-ninas-ninos-y-adolescentes-en-colombia\/","title":{"rendered":"El Ministerio de Educaci\u00f3n fortalece la Alianza Familia-Escuela para la Formaci\u00f3n Integral de ni\u00f1as, ni\u00f1os y adolescentes en Colombia"},"content":{"rendered":"<p>[et_pb_section fb_built=\u00bb1&#8243; theme_builder_area=\u00bbpost_content\u00bb _builder_version=\u00bb4.24.3&#8243; _module_preset=\u00bbdefault\u00bb][et_pb_row _builder_version=\u00bb4.24.3&#8243; _module_preset=\u00bbdefault\u00bb theme_builder_area=\u00bbpost_content\u00bb][et_pb_column _builder_version=\u00bb4.24.3&#8243; _module_preset=\u00bbdefault\u00bb type=\u00bb4_4&#8243; theme_builder_area=\u00bbpost_content\u00bb][et_pb_text _builder_version=\u00bb4.24.3&#8243; _module_preset=\u00bbdefault\u00bb theme_builder_area=\u00bbpost_content\u00bb custom_margin=\u00bb-30px||||false|false\u00bb hover_enabled=\u00bb0&#8243; sticky_enabled=\u00bb0&#8243;]<\/p>\n<p style=\"text-align: center;\"><em>Con la conformaci\u00f3n de la alianza y el desarrollo de las escuelas para padres, madres y cuidadores se busca fomentar una mayor vinculaci\u00f3n y colaboraci\u00f3n en el proceso educativo y psicoafectivo de sus hijos, lo que permitir\u00e1 potenciar el desarrollo y el aprendizaje de los estudiantes, en un entorno propicio y seguro para su crecimiento acad\u00e9mico, ciudadano y socioemocional.<\/em><\/p>\n<p>[\/et_pb_text][\/et_pb_column][\/et_pb_row][et_pb_row _builder_version=\u00bb4.24.3&#8243; _module_preset=\u00bbdefault\u00bb theme_builder_area=\u00bbpost_content\u00bb][et_pb_column _builder_version=\u00bb4.24.3&#8243; _module_preset=\u00bbdefault\u00bb type=\u00bb4_4&#8243; theme_builder_area=\u00bbpost_content\u00bb][et_pb_text _builder_version=\u00bb4.24.3&#8243; _module_preset=\u00bbdefault\u00bb theme_builder_area=\u00bbpost_content\u00bb hover_enabled=\u00bb0&#8243; sticky_enabled=\u00bb0&#8243;]<\/p>\n<p><strong>La entidad emiti\u00f3 del Decreto 459 de 2024 con el fin de apalancar la estrategia Alianza Familia-Escuela para apoyar la Formaci\u00f3n Integral y promover la creaci\u00f3n de espacios de participaci\u00f3n de las familias dentro de los establecimientos educativos.<\/strong><\/p>\n<p>[\/et_pb_text][\/et_pb_column][\/et_pb_row][et_pb_row _builder_version=\u00bb4.24.3&#8243; _module_preset=\u00bbdefault\u00bb theme_builder_area=\u00bbpost_content\u00bb][et_pb_column _builder_version=\u00bb4.24.3&#8243; _module_preset=\u00bbdefault\u00bb type=\u00bb4_4&#8243; theme_builder_area=\u00bbpost_content\u00bb][et_pb_text _builder_version=\u00bb4.24.3&#8243; _module_preset=\u00bbdefault\u00bb theme_builder_area=\u00bbpost_content\u00bb hover_enabled=\u00bb0&#8243; sticky_enabled=\u00bb0&#8243;]<\/p>\n<p style=\"text-align: justify;\"><strong>Bogot\u00e1, D. C., 12 de abril de 2024.<\/strong><span>\u00a0<\/span>Con el prop\u00f3sito de fortalecer la Alianza Familia-Escuela y promover la formaci\u00f3n integral de ni\u00f1as, ni\u00f1os y adolescentes en todos los niveles educativos, el Ministerio de Educaci\u00f3n Nacional emiti\u00f3 el Decreto 459 del 10 de abril de 2024, el cual busca potenciar y crear nuevos espacios de participaci\u00f3n para las familias en los procesos educativos de sus hijos, tanto en establecimientos educativos oficiales como no oficiales.<\/p>\n<p style=\"text-align: justify;\">En l\u00ednea con las metas establecidas en el Plan Nacional de Desarrollo 2022-2026 \u00abColombia Potencia Mundial de la Vida\u00bb, se impulsa el fortalecimiento del rol de la familia como sujeto de derechos, con el prop\u00f3sito de crear entornos seguros y protectores que promuevan el bienestar socioemocional, h\u00e1bitos de vida saludables y el servicio educativo para beneficio de ni\u00f1os, ni\u00f1as y adolescentes. En este sentido se destaca la importancia de una alianza entre la familia, la escuela y la comunidad para fortalecer capacidades de protecci\u00f3n, cuidado, participaci\u00f3n e inclusi\u00f3n.<\/p>\n<p style=\"text-align: justify;\">La Alianza Familia-Escuela busca fortalecer el desarrollo y la formaci\u00f3n integral y el aprendizaje de los estudiantes desde la educaci\u00f3n inicial hasta la media. Es as\u00ed que el decreto propone implementar diversos momentos durante el a\u00f1o escolar para caracterizar a las familias, priorizar necesidades, acordar planes de acci\u00f3n y evaluar resultados.<\/p>\n<p style=\"text-align: justify;\">De esta manera, se busca que en los colegios se implemente la Escuela para padres, madres y cuidadores como espacios de participaci\u00f3n para acompa\u00f1ar y apoyar a las familias en su funci\u00f3n de protectores de los derechos de ni\u00f1as, ni\u00f1os, adolescentes y j\u00f3venes, as\u00ed como en el fortalecimiento de los lazos afectivos.<\/p>\n<p style=\"text-align: justify;\">Es fundamental que estas acciones se adapten a las realidades y necesidades espec\u00edficas de cada territorio, as\u00ed como a las particularidades de su contexto, mediante el uso de estrategias flexibles y accesibles. Adem\u00e1s, se propone la definici\u00f3n de compromisos que har\u00e1n parte del manual de convivencia escolar de los establecimientos educativos como lo ordena la Ley 2025 de 2020 que se est\u00e1 reglamentando. Para avanzar en el prop\u00f3sito de fortalecer la Alianza Familia-Escuela, los colegios pueden vincular a aliados y actores externos, tanto del sector p\u00fablico como del privado, as\u00ed como con organizaciones de la sociedad civil.<\/p>\n<p style=\"text-align: justify;\">Referente a los pueblos y comunidades \u00e9tnicas, se debe garantizar su participaci\u00f3n de acuerdo a sus procesos culturales, comunitarios y organizativos, para que dise\u00f1en y articulen las estrategias de la participaci\u00f3n de las familias y su rol en la educaci\u00f3n.<\/p>\n<p style=\"text-align: justify;\">Finalmente, el Decreto establece las responsabilidades de los distintos actores del sector nacional, departamental y local. Es as\u00ed como el Ministerio de Educaci\u00f3n Nacional brinda las orientaciones t\u00e9cnicas y administrativas para la creaci\u00f3n y fortalecimiento de la Alianza Familia-Escuela. Para ello la entidad ofrecer\u00e1 asistencia t\u00e9cnica a las entidades territoriales para fortalecer sus capacidades en la implementaci\u00f3n de la Alianza. Igualmente, velar\u00e1 por su desarrollo a nivel nacional e identificar\u00e1 y difundir\u00e1 experiencias significativas con el apoyo de las entidades territoriales.<\/p>\n<p style=\"text-align: justify;\">Por su parte, las secretar\u00edas de educaci\u00f3n certificadas deber\u00e1n acompa\u00f1ar a los establecimientos educativos en la implementaci\u00f3n de la Alianza y gestionar\u00e1n acciones para contar con el apoyo de actores locales.<\/p>\n<p style=\"text-align: justify;\">Los establecimientos educativos tienen la tarea de desarrollar acciones que vinculen a las familias y a la comunidad donde se generar\u00e1n espacios de encuentro para intercambiar saberes y expectativas; as\u00ed como construir, en conjunto con las familias, un plan anual para la implementaci\u00f3n de la Alianza. Tambi\u00e9n la realizaci\u00f3n de actividades para padres y madres de familia, adem\u00e1s de documentar experiencias para enriquecer propuestas de trabajo conjunto.<\/p>\n<p style=\"text-align: justify;\">Por \u00faltimo, las familias tienen la responsabilidad de participar constantemente en la construcci\u00f3n y fortalecimiento de la Alianza Familia-Escuela, lo que implica firmar compromisos al inicio del a\u00f1o escolar y participar en actividades planificadas por el establecimiento educativo. Tambi\u00e9n deben contribuir en la definici\u00f3n de compromisos de participaci\u00f3n y aportar su propio saber, pr\u00e1cticas y capacidades para el desarrollo y formaci\u00f3n integral de los estudiantes.<\/p>\n<p style=\"text-align: justify;\">El Ministerio, mediante el Portal Colombia Aprende y la plataforma de Escuela de Secretar\u00edas, ofrecer\u00e1 recursos y materiales de apoyo vinculados a la Alianza (<strong><a href=\"https:\/\/escuelasecretarias.mineducacion.gov.co\/alianza-familia-escuela#block-familiaescuelaalianzaimagen\">Clic aqu\u00ed<\/a><\/strong>). Esto permitir\u00e1 que los establecimientos educativos accedan a insumos necesarios para abordar las tem\u00e1ticas establecidas en las escuelas para padres, madres y cuidadores.<\/p>\n<p style=\"text-align: justify;\">Consulte en el<span>\u00a0<\/span><strong><a href=\"https:\/\/www.mineducacion.gov.co\/1780\/articles-420277_archivo_pdf.pdf\" previewlistener=\"true\">siguiente enlace<\/a><\/strong><span>\u00a0<\/span>Decreto 459 de 2024.<\/p>\n<p style=\"text-align: justify;\"><em>Tomado de: https:\/\/www.mineducacion.gov.co\/portal\/salaprensa\/Comunicados<\/em><\/p>\n<p>[\/et_pb_text][\/et_pb_column][\/et_pb_row][\/et_pb_section]<\/p>\n","protected":false},"excerpt":{"rendered":"<p>Con la conformaci\u00f3n de la alianza y el desarrollo de las escuelas para padres, madres y cuidadores se busca fomentar una mayor vinculaci\u00f3n y colaboraci\u00f3n en el proceso educativo y psicoafectivo de sus hijos, lo que permitir\u00e1 potenciar el desarrollo y el aprendizaje de los estudiantes, en un entorno propicio y seguro para su crecimiento [&hellip;]<\/p>\n","protected":false},"author":1,"featured_media":8534,"comment_status":"closed","ping_status":"closed","sticky":false,"template":"","format":"standard","meta":{"_et_pb_use_builder":"on","_et_pb_old_content":"","_et_gb_content_width":"","footnotes":""},"categories":[42,6],"tags":[],"class_list":["post-8533","post","type-post","status-publish","format-standard","has-post-thumbnail","hentry","category-men","category-noticias"],"_links":{"self":[{"href":"https:\/\/www.sedarauca.edu.co\/index.php\/wp-json\/wp\/v2\/posts\/8533","targetHints":{"allow":["GET"]}}],"collection":[{"href":"https:\/\/www.sedarauca.edu.co\/index.php\/wp-json\/wp\/v2\/posts"}],"about":[{"href":"https:\/\/www.sedarauca.edu.co\/index.php\/wp-json\/wp\/v2\/types\/post"}],"author":[{"embeddable":true,"href":"https:\/\/www.sedarauca.edu.co\/index.php\/wp-json\/wp\/v2\/users\/1"}],"replies":[{"embeddable":true,"href":"https:\/\/www.sedarauca.edu.co\/index.php\/wp-json\/wp\/v2\/comments?post=8533"}],"version-history":[{"count":3,"href":"https:\/\/www.sedarauca.edu.co\/index.php\/wp-json\/wp\/v2\/posts\/8533\/revisions"}],"predecessor-version":[{"id":8537,"href":"https:\/\/www.sedarauca.edu.co\/index.php\/wp-json\/wp\/v2\/posts\/8533\/revisions\/8537"}],"wp:featuredmedia":[{"embeddable":true,"href":"https:\/\/www.sedarauca.edu.co\/index.php\/wp-json\/wp\/v2\/media\/8534"}],"wp:attachment":[{"href":"https:\/\/www.sedarauca.edu.co\/index.php\/wp-json\/wp\/v2\/media?parent=8533"}],"wp:term":[{"taxonomy":"category","embeddable":true,"href":"https:\/\/www.sedarauca.edu.co\/index.php\/wp-json\/wp\/v2\/categories?post=8533"},{"taxonomy":"post_tag","embeddable":true,"href":"https:\/\/www.sedarauca.edu.co\/index.php\/wp-json\/wp\/v2\/tags?post=8533"}],"curies":[{"name":"wp","href":"https:\/\/api.w.org\/{rel}","templated":true}]}}