{"id":8463,"date":"2024-04-07T15:46:00","date_gmt":"2024-04-07T20:46:00","guid":{"rendered":"https:\/\/www.sedarauca.edu.co\/?p=8463"},"modified":"2024-04-08T16:07:46","modified_gmt":"2024-04-08T21:07:46","slug":"se-construira-el-proyecto-de-la-universidad-publica-en-el-parque-de-la-vida-del-municipio-de-saravena-anuncio-que-se-hizo-en-la-mesa-de-dialogo-el-gobierno-del-cambio-en-el-territorio","status":"publish","type":"post","link":"https:\/\/www.sedarauca.edu.co\/index.php\/2024\/04\/07\/se-construira-el-proyecto-de-la-universidad-publica-en-el-parque-de-la-vida-del-municipio-de-saravena-anuncio-que-se-hizo-en-la-mesa-de-dialogo-el-gobierno-del-cambio-en-el-territorio\/","title":{"rendered":"Se construir\u00e1 el proyecto de la universidad p\u00fablica en el Parque de la Vida del municipio de Saravena, anuncio que se hizo en la Mesa de Di\u00e1logo &#8216;El Gobierno del Cambio en el Territorio&#8217;"},"content":{"rendered":"\n[et_pb_section fb_built=\u00bb1&#8243; _builder_version=\u00bb4.24.3&#8243; _module_preset=\u00bbdefault\u00bb global_colors_info=\u00bb{}\u00bb][et_pb_row _builder_version=\u00bb4.24.3&#8243; _module_preset=\u00bbdefault\u00bb hover_enabled=\u00bb0&#8243; global_colors_info=\u00bb{}\u00bb custom_margin=\u00bb||||false|false\u00bb sticky_enabled=\u00bb0&#8243;][et_pb_column type=\u00bb4_4&#8243; _builder_version=\u00bb4.24.3&#8243; _module_preset=\u00bbdefault\u00bb global_colors_info=\u00bb{}\u00bb][et_pb_text _builder_version=\u00bb4.24.3&#8243; _module_preset=\u00bbdefault\u00bb custom_margin=\u00bb-45px||||false|false\u00bb hover_enabled=\u00bb0&#8243; global_colors_info=\u00bb{}\u00bb sticky_enabled=\u00bb0&#8243;]<p style=\"text-align: center;\"><em>Adem\u00e1s de Educaci\u00f3n Superior, se trabajaron mesas intersectoriales en cuanto a v\u00edas, infraestructura, agricultura, salud, agua potable, energ\u00eda y gesti\u00f3n del riesgo.<\/em><\/p>[\/et_pb_text][\/et_pb_column][\/et_pb_row][et_pb_row _builder_version=\u00bb4.24.3&#8243; _module_preset=\u00bbdefault\u00bb global_colors_info=\u00bb{}\u00bb][et_pb_column type=\u00bb4_4&#8243; _builder_version=\u00bb4.24.3&#8243; _module_preset=\u00bbdefault\u00bb global_colors_info=\u00bb{}\u00bb][et_pb_text _builder_version=\u00bb4.24.3&#8243; _module_preset=\u00bbdefault\u00bb global_colors_info=\u00bb{}\u00bb]<p style=\"text-align: justify;\">El Gobierno Departamental en cabeza del gobernador de Arauca Renson Mart\u00ednez Prada, celebr\u00f3 este hecho hist\u00f3rico y reconoci\u00f3 el trabajo interinstitucional entre el gobierno nacional, departamental, local y organizaciones sociales y comunitarias para lograr avanzar hacia la Paz Total con Educacion Superior.<\/p>\n<p style=\"text-align: justify;\">Funcionarios del gabinete ministerial y departamental, senadores, autoridades locales y l\u00edderes comunitarios, realizaron una visita a los terrenos del Parque de la Vida, propiedad del Departamento, donde se proyectan 30 hect\u00e1reas para construir la Universidad en modalidad multicampus que contar\u00e1 con aulas, biblioteca, sal\u00f3n de convenciones, casas talleres para Escuelas de Formaci\u00f3n Cultural y Art\u00edstica, espacios deportivos, academia museo de historia , Bosque de la vida con plazoleta del agua, monumento a las v\u00edctimas y m\u00f3dulo de ventas artesanales; entre otros. <\/p>[\/et_pb_text][\/et_pb_column][\/et_pb_row][et_pb_row column_structure=\u00bb1_3,1_3,1_3&#8243; _builder_version=\u00bb4.24.3&#8243; _module_preset=\u00bbdefault\u00bb global_colors_info=\u00bb{}\u00bb][et_pb_column type=\u00bb1_3&#8243; _builder_version=\u00bb4.24.3&#8243; _module_preset=\u00bbdefault\u00bb global_colors_info=\u00bb{}\u00bb][et_pb_image src=\u00bbhttps:\/\/www.sedarauca.edu.co\/wp-content\/uploads\/2024\/04\/UnSaravena02.jpg\u00bb title_text=\u00bbUnSaravena02&#8243; _builder_version=\u00bb4.24.3&#8243; _module_preset=\u00bbdefault\u00bb global_colors_info=\u00bb{}\u00bb][\/et_pb_image][\/et_pb_column][et_pb_column type=\u00bb1_3&#8243; _builder_version=\u00bb4.24.3&#8243; _module_preset=\u00bbdefault\u00bb global_colors_info=\u00bb{}\u00bb][et_pb_image src=\u00bbhttps:\/\/www.sedarauca.edu.co\/wp-content\/uploads\/2024\/04\/UnSaravena04.jpg\u00bb title_text=\u00bbUnSaravena04&#8243; _builder_version=\u00bb4.24.3&#8243; _module_preset=\u00bbdefault\u00bb global_colors_info=\u00bb{}\u00bb][\/et_pb_image][\/et_pb_column][et_pb_column type=\u00bb1_3&#8243; _builder_version=\u00bb4.24.3&#8243; _module_preset=\u00bbdefault\u00bb global_colors_info=\u00bb{}\u00bb][et_pb_image src=\u00bbhttps:\/\/www.sedarauca.edu.co\/wp-content\/uploads\/2024\/04\/UnSaravena03.jpg\u00bb title_text=\u00bbUnSaravena03&#8243; _builder_version=\u00bb4.24.3&#8243; _module_preset=\u00bbdefault\u00bb global_colors_info=\u00bb{}\u00bb][\/et_pb_image][\/et_pb_column][\/et_pb_row][et_pb_row _builder_version=\u00bb4.24.3&#8243; _module_preset=\u00bbdefault\u00bb global_colors_info=\u00bb{}\u00bb][et_pb_column type=\u00bb4_4&#8243; _builder_version=\u00bb4.24.3&#8243; _module_preset=\u00bbdefault\u00bb global_colors_info=\u00bb{}\u00bb][et_pb_text _builder_version=\u00bb4.24.3&#8243; _module_preset=\u00bbdefault\u00bb global_colors_info=\u00bb{}\u00bb]<p style=\"text-align: justify;\">\u201cEsta es la mejor apuesta para construir Territorios de Paz en nuestro amado departamento, la educaci\u00f3n superior es el mejor camino para alejar a nuestros j\u00f3venes del conflicto armado que vive esta regi\u00f3n\u201d manifest\u00f3 el gobernador de Arauca.<\/p>\n<p style=\"text-align: justify;\">Por su parte el secretario de Educaci\u00f3n Departamental, Ariel Pedraza, asegur\u00f3 que la Mesa de Educaci\u00f3n Superior permanente, intersectorial e interinstitucional, continuar\u00e1 en Bogot\u00e1 las pr\u00f3ximas semanas, para avanzar con los estudios y dise\u00f1os del multicampus universitario y con la revisi\u00f3n de los proyectos de la fase III que contempla la Biblioteca y el Bosque\u00a0de\u00a0la\u00a0Vida.<\/p>[\/et_pb_text][\/et_pb_column][\/et_pb_row][\/et_pb_section]\n","protected":false},"excerpt":{"rendered":"<p>Adem\u00e1s de Educaci\u00f3n Superior, se trabajaron mesas intersectoriales en cuanto a v\u00edas, infraestructura, agricultura, salud, agua potable, energ\u00eda y gesti\u00f3n del riesgo.El Gobierno Departamental en cabeza del gobernador de Arauca Renson Mart\u00ednez Prada, celebr\u00f3 este hecho hist\u00f3rico y reconoci\u00f3 el trabajo interinstitucional entre el gobierno nacional, departamental, local y organizaciones sociales y comunitarias para lograr [&hellip;]<\/p>\n","protected":false},"author":1,"featured_media":8481,"comment_status":"closed","ping_status":"closed","sticky":false,"template":"","format":"standard","meta":{"_et_pb_use_builder":"on","_et_pb_old_content":"","_et_gb_content_width":"","footnotes":""},"categories":[6],"tags":[],"class_list":["post-8463","post","type-post","status-publish","format-standard","has-post-thumbnail","hentry","category-noticias"],"_links":{"self":[{"href":"https:\/\/www.sedarauca.edu.co\/index.php\/wp-json\/wp\/v2\/posts\/8463","targetHints":{"allow":["GET"]}}],"collection":[{"href":"https:\/\/www.sedarauca.edu.co\/index.php\/wp-json\/wp\/v2\/posts"}],"about":[{"href":"https:\/\/www.sedarauca.edu.co\/index.php\/wp-json\/wp\/v2\/types\/post"}],"author":[{"embeddable":true,"href":"https:\/\/www.sedarauca.edu.co\/index.php\/wp-json\/wp\/v2\/users\/1"}],"replies":[{"embeddable":true,"href":"https:\/\/www.sedarauca.edu.co\/index.php\/wp-json\/wp\/v2\/comments?post=8463"}],"version-history":[{"count":7,"href":"https:\/\/www.sedarauca.edu.co\/index.php\/wp-json\/wp\/v2\/posts\/8463\/revisions"}],"predecessor-version":[{"id":8482,"href":"https:\/\/www.sedarauca.edu.co\/index.php\/wp-json\/wp\/v2\/posts\/8463\/revisions\/8482"}],"wp:featuredmedia":[{"embeddable":true,"href":"https:\/\/www.sedarauca.edu.co\/index.php\/wp-json\/wp\/v2\/media\/8481"}],"wp:attachment":[{"href":"https:\/\/www.sedarauca.edu.co\/index.php\/wp-json\/wp\/v2\/media?parent=8463"}],"wp:term":[{"taxonomy":"category","embeddable":true,"href":"https:\/\/www.sedarauca.edu.co\/index.php\/wp-json\/wp\/v2\/categories?post=8463"},{"taxonomy":"post_tag","embeddable":true,"href":"https:\/\/www.sedarauca.edu.co\/index.php\/wp-json\/wp\/v2\/tags?post=8463"}],"curies":[{"name":"wp","href":"https:\/\/api.w.org\/{rel}","templated":true}]}}