{"id":8428,"date":"2024-04-03T14:50:00","date_gmt":"2024-04-03T19:50:00","guid":{"rendered":"https:\/\/www.sedarauca.edu.co\/?p=8428"},"modified":"2024-04-04T20:42:47","modified_gmt":"2024-04-05T01:42:47","slug":"strongel-gobierno-departamental-invita-a-la-primera-mesa-publica-del-programa-de-alimentacion-escolar-pae-participe-con-nosotros-strong","status":"publish","type":"post","link":"https:\/\/www.sedarauca.edu.co\/index.php\/2024\/04\/03\/strongel-gobierno-departamental-invita-a-la-primera-mesa-publica-del-programa-de-alimentacion-escolar-pae-participe-con-nosotros-strong\/","title":{"rendered":"El gobierno departamental invita a la primera Mesa P\u00fablica del Programa de Alimentaci\u00f3n Escolar -PAE. \u00a1Participe con nosotros!"},"content":{"rendered":"<p>[et_pb_section fb_built=\u00bb1&#8243; _builder_version=\u00bb4.24.3&#8243; _module_preset=\u00bbdefault\u00bb global_colors_info=\u00bb{}\u00bb][et_pb_row _builder_version=\u00bb4.24.3&#8243; _module_preset=\u00bbdefault\u00bb global_colors_info=\u00bb{}\u00bb][et_pb_column type=\u00bb4_4&#8243; _builder_version=\u00bb4.24.3&#8243; _module_preset=\u00bbdefault\u00bb global_colors_info=\u00bb{}\u00bb][et_pb_text _builder_version=\u00bb4.24.3&#8243; _module_preset=\u00bbdefault\u00bb custom_margin=\u00bb-30px||||false|false\u00bb global_colors_info=\u00bb{}\u00bb]<\/p>\n<p style=\"text-align: center;\"><em>El evento se desarrollar\u00e1 el 12 de abril en el auditorio de la biblioteca municipal de Tame.<\/em><\/p>\n<p>[\/et_pb_text][\/et_pb_column][\/et_pb_row][et_pb_row _builder_version=\u00bb4.24.3&#8243; _module_preset=\u00bbdefault\u00bb global_colors_info=\u00bb{}\u00bb][et_pb_column type=\u00bb4_4&#8243; _builder_version=\u00bb4.24.3&#8243; _module_preset=\u00bbdefault\u00bb global_colors_info=\u00bb{}\u00bb][et_pb_text _builder_version=\u00bb4.24.3&#8243; _module_preset=\u00bbdefault\u00bb custom_margin=\u00bb-20px||||false|false\u00bb hover_enabled=\u00bb0&#8243; global_colors_info=\u00bb{}\u00bb sticky_enabled=\u00bb0&#8243;]<\/p>\n<p style=\"text-align: justify;\">La Gobernaci\u00f3n de Arauca, a trav\u00e9s de la Secretar\u00eda de Educaci\u00f3n Departamental, invita a la primera Mesa P\u00fablica del Programa de Alimentaci\u00f3n Escolar \u2013PAE, que se desarrollar\u00e1 de manera virtual y presencial el pr\u00f3ximo jueves 11 de abril en el auditorio de la biblioteca municipal de Tame a partir de las 2:00 p.m.<\/p>\n<p style=\"text-align: justify;\">\u201cEl PAE inici\u00f3 desde el primer d\u00eda calendario escolar y en un espacio de dialogo queremos contarle a la comunidad sobre los avances, retos y desaf\u00edos que tenemos para trabajar en la mejora continua de esta pol\u00edtica p\u00fablica que est\u00e1 beneficiando a m\u00e1s de 30.800 estudiantes en el departamento de Arauca\u201d sostuvo el licenciado Ariel Pedraza, secretario de educaci\u00f3n departamental.<\/p>\n<p style=\"text-align: justify;\">Agreg\u00f3 que la inversi\u00f3n del PAE mayoritario asciende a los 25.800 millones y del PAE Ind\u00edgena a los 4.300 millones de pesos, beneficiando a la totalidad de estudiantes matriculados en las instituciones educativas oficiales en la zona rural y parte de la matr\u00edcula de la zona urbana.<\/p>\n<p style=\"text-align: justify;\">\u201cComunidad educativa, padres de familia, comit\u00e9s de alimentaci\u00f3n escolar, Asamblea Departamental, secretar\u00edas de Educaci\u00f3n municipales, entes de control y ciudadan\u00eda en general, est\u00e1n cordialmente invitados a este evento donde juntos podemos velar por los recursos y el bienestar de nuestros ni\u00f1os, ni\u00f1as, adolescentes y j\u00f3venes\u201d concluy\u00f3\u00a0el\u00a0secretario.<\/p>\n<p>[\/et_pb_text][\/et_pb_column][\/et_pb_row][et_pb_row _builder_version=\u00bb4.24.3&#8243; _module_preset=\u00bbdefault\u00bb][et_pb_column _builder_version=\u00bb4.24.3&#8243; _module_preset=\u00bbdefault\u00bb type=\u00bb4_4&#8243;][et_pb_video src=\u00bbhttps:\/\/youtube.com\/shorts\/LhYFsfqlImE\u00bb _builder_version=\u00bb4.24.3&#8243; _module_preset=\u00bbdefault\u00bb image_src=\u00bb\/\/i.ytimg.com\/vi\/LhYFsfqlImE\/hq2.jpg\u00bb hover_enabled=\u00bb0&#8243; sticky_enabled=\u00bb0&#8243;][\/et_pb_video][\/et_pb_column][\/et_pb_row][\/et_pb_section]<\/p>\n","protected":false},"excerpt":{"rendered":"<p>El evento se desarrollar\u00e1 el 12 de abril en el auditorio de la biblioteca municipal de Tame.La Gobernaci\u00f3n de Arauca, a trav\u00e9s de la Secretar\u00eda de Educaci\u00f3n Departamental, invita a la primera Mesa P\u00fablica del Programa de Alimentaci\u00f3n Escolar \u2013PAE, que se desarrollar\u00e1 de manera virtual y presencial el pr\u00f3ximo jueves 11 de abril en [&hellip;]<\/p>\n","protected":false},"author":1,"featured_media":8429,"comment_status":"closed","ping_status":"closed","sticky":false,"template":"","format":"standard","meta":{"_et_pb_use_builder":"on","_et_pb_old_content":"","_et_gb_content_width":"","footnotes":""},"categories":[6,17],"tags":[],"class_list":["post-8428","post","type-post","status-publish","format-standard","has-post-thumbnail","hentry","category-noticias","category-pae"],"_links":{"self":[{"href":"https:\/\/www.sedarauca.edu.co\/index.php\/wp-json\/wp\/v2\/posts\/8428","targetHints":{"allow":["GET"]}}],"collection":[{"href":"https:\/\/www.sedarauca.edu.co\/index.php\/wp-json\/wp\/v2\/posts"}],"about":[{"href":"https:\/\/www.sedarauca.edu.co\/index.php\/wp-json\/wp\/v2\/types\/post"}],"author":[{"embeddable":true,"href":"https:\/\/www.sedarauca.edu.co\/index.php\/wp-json\/wp\/v2\/users\/1"}],"replies":[{"embeddable":true,"href":"https:\/\/www.sedarauca.edu.co\/index.php\/wp-json\/wp\/v2\/comments?post=8428"}],"version-history":[{"count":15,"href":"https:\/\/www.sedarauca.edu.co\/index.php\/wp-json\/wp\/v2\/posts\/8428\/revisions"}],"predecessor-version":[{"id":8453,"href":"https:\/\/www.sedarauca.edu.co\/index.php\/wp-json\/wp\/v2\/posts\/8428\/revisions\/8453"}],"wp:featuredmedia":[{"embeddable":true,"href":"https:\/\/www.sedarauca.edu.co\/index.php\/wp-json\/wp\/v2\/media\/8429"}],"wp:attachment":[{"href":"https:\/\/www.sedarauca.edu.co\/index.php\/wp-json\/wp\/v2\/media?parent=8428"}],"wp:term":[{"taxonomy":"category","embeddable":true,"href":"https:\/\/www.sedarauca.edu.co\/index.php\/wp-json\/wp\/v2\/categories?post=8428"},{"taxonomy":"post_tag","embeddable":true,"href":"https:\/\/www.sedarauca.edu.co\/index.php\/wp-json\/wp\/v2\/tags?post=8428"}],"curies":[{"name":"wp","href":"https:\/\/api.w.org\/{rel}","templated":true}]}}