{"id":8420,"date":"2024-03-22T17:58:00","date_gmt":"2024-03-22T22:58:00","guid":{"rendered":"https:\/\/www.sedarauca.edu.co\/?p=8420"},"modified":"2024-04-12T19:48:28","modified_gmt":"2024-04-13T00:48:28","slug":"nueva-convocatoria-abre-la-secretaria-de-educacion-departamental-para-la-provision-de-vacantes-temporales-de-empleos-docentes","status":"publish","type":"post","link":"https:\/\/www.sedarauca.edu.co\/index.php\/2024\/03\/22\/nueva-convocatoria-abre-la-secretaria-de-educacion-departamental-para-la-provision-de-vacantes-temporales-de-empleos-docentes\/","title":{"rendered":"Nueva convocatoria abre la Secretar\u00eda de Educaci\u00f3n Departamental para la provisi\u00f3n de vacantes temporales de empleos Docentes"},"content":{"rendered":"\n[et_pb_section fb_built=\u00bb1&#8243; theme_builder_area=\u00bbpost_content\u00bb _builder_version=\u00bb4.24.2&#8243; _module_preset=\u00bbdefault\u00bb][et_pb_row _builder_version=\u00bb4.24.2&#8243; _module_preset=\u00bbdefault\u00bb theme_builder_area=\u00bbpost_content\u00bb][et_pb_column _builder_version=\u00bb4.24.2&#8243; _module_preset=\u00bbdefault\u00bb type=\u00bb4_4&#8243; theme_builder_area=\u00bbpost_content\u00bb][et_pb_text _builder_version=\u00bb4.24.2&#8243; _module_preset=\u00bbdefault\u00bb theme_builder_area=\u00bbpost_content\u00bb custom_margin=\u00bb-30px||||false|false\u00bb hover_enabled=\u00bb0&#8243; sticky_enabled=\u00bb0&#8243;]<p style=\"text-align: center;\"><em>La audiencia p\u00fablica virtual se surtir\u00e1 este lunes 01 de abril de 2024 a las 3:00 p.m.<\/em><\/p>[\/et_pb_text][\/et_pb_column][\/et_pb_row][et_pb_row _builder_version=\u00bb4.24.2&#8243; _module_preset=\u00bbdefault\u00bb theme_builder_area=\u00bbpost_content\u00bb][et_pb_column _builder_version=\u00bb4.24.2&#8243; _module_preset=\u00bbdefault\u00bb type=\u00bb4_4&#8243; theme_builder_area=\u00bbpost_content\u00bb][et_pb_text _builder_version=\u00bb4.24.2&#8243; _module_preset=\u00bbdefault\u00bb theme_builder_area=\u00bbpost_content\u00bb custom_margin=\u00bb-20px||||false|false\u00bb hover_enabled=\u00bb0&#8243; sticky_enabled=\u00bb0&#8243;]<p style=\"text-align: justify;\">La Secretar\u00eda de Educaci\u00f3n Departamental de Arauca convoca a los ciudadanos de la lista de elegibles de la CNSC y de la lista de Ret\u00e9n Social del departamento de Arauca de las siguientes \u00e1reas: Ciencias sociales, Educaci\u00f3n religiosa, Educaci\u00f3n art\u00edstica \u2013 artes pl\u00e1sticas, Educaci\u00f3n f\u00edsica, recreaci\u00f3n y deporte, Humanidades y lengua castellana, Idioma extranjero &#8211; ingl\u00e9s, Matem\u00e1ticas, Orientador, Preescolar, Primaria.<\/p>\n<p style=\"text-align: justify;\">La convocatoria va dirigida a todos los relacionados en OPEC que, cuentan con elegibles: 182603, 182608, 182610, 182612, 182613, 182615, 182616, 182619 y LISTA DE RETEN SOCIAL.<\/p>\n<p style=\"text-align: justify;\">\u2713 Educaci\u00f3n Art\u00edstica &#8211; Artes Pl\u00e1sticas \u2014 Zona Rural<br \/>\u2713 Matem\u00e1ticas \u2014 Zona Rural<br \/>\u2713 Ciencias sociales \u2014 Zona Rural<br \/>\u2713 Educaci\u00f3n F\u00edsica Recreaci\u00f3n y Deporte \u2014 Zona Rural<\/p>\n<p style=\"text-align: justify;\">La sesi\u00f3n virtual se desarrollar\u00e1 el lunes 01 de abril a partir de las 3:00 p.m., a trav\u00e9s de <strong><a href=\"https:\/\/teams.microsoft.com\/l\/meetup-join\/19%3ameeting_ZDAzMjRiNmItODMxYy00ZTEzLTlkOGYtODgwZGJhM2RiZWRl%40thread.v2\/0?context=%7b%22Tid%22%3a%22e1fe57c8-bc2b-42ef-b0ec-066fb1e1cef1%22%2c%22Oid%22%3a%22401a3fbe-c792-4a08-a4fb-f97c3b48f8db%22%7d\" title=\"Audiencia en Teams\">este enlace.<\/a><\/strong><\/p>\n<p style=\"text-align: justify;\">Para participar, deber\u00e1n presentar el documento de identidad durante la audiencia, garantizar una buena conexi\u00f3n a internet y mantener la c\u00e1mara encendida durante la selecci\u00f3n de plaza.<\/p>\n<p style=\"text-align: justify;\">Recordemos que las vacancias temporales son las que se generaron por los docentes que ha sido nombrados en periodo de prueba como resultado del mencionado concurso docente.<\/p>\n<p style=\"text-align: justify;\">Ampl\u00ede la informaci\u00f3n en el siguiente documento\u00a0adjunto.<\/p>[\/et_pb_text][\/et_pb_column][\/et_pb_row][et_pb_row _builder_version=\u00bb4.24.2&#8243; _module_preset=\u00bbdefault\u00bb theme_builder_area=\u00bbpost_content\u00bb link_option_url=\u00bbhttps:\/\/www.sedarauca.edu.co\/wp-content\/uploads\/2024\/03\/Convocatoria-No.-014-de-2024.pdf\u00bb link_option_url_new_window=\u00bbon\u00bb hover_enabled=\u00bb0&#8243; sticky_enabled=\u00bb0&#8243;][et_pb_column _builder_version=\u00bb4.24.2&#8243; _module_preset=\u00bbdefault\u00bb type=\u00bb4_4&#8243; theme_builder_area=\u00bbpost_content\u00bb][et_pb_code _builder_version=\u00bb4.24.2&#8243; _module_preset=\u00bbdefault\u00bb theme_builder_area=\u00bbpost_content\u00bb hover_enabled=\u00bb0&#8243; sticky_enabled=\u00bb0&#8243; link_option_url_new_window=\u00bbon\u00bb link_option_url=\u00bbhttps:\/\/www.sedarauca.edu.co\/wp-content\/uploads\/2024\/03\/Convocatoria-No.-014-de-2024.pdf\u00bb]<a href=\"https:\/\/www.sedarauca.edu.co\/wp-content\/uploads\/2024\/03\/Convocatoria-No.-014-de-2024.pdf\" class=\"pdfemb-viewer\" style=\"\" data-width=\"max\" data-height=\"max\" data-toolbar=\"bottom\" data-toolbar-fixed=\"on\">Convocatoria-No.-014-de-2024<\/a>[\/et_pb_code][\/et_pb_column][\/et_pb_row][\/et_pb_section]\n","protected":false},"excerpt":{"rendered":"<p>La audiencia p\u00fablica virtual se surtir\u00e1 este lunes 01 de abril de 2024 a las 3:00 p.m.La Secretar\u00eda de Educaci\u00f3n Departamental de Arauca convoca a los ciudadanos de la lista de elegibles de la CNSC y de la lista de Ret\u00e9n Social del departamento de Arauca de las siguientes \u00e1reas: Ciencias sociales, Educaci\u00f3n religiosa, Educaci\u00f3n [&hellip;]<\/p>\n","protected":false},"author":1,"featured_media":8421,"comment_status":"closed","ping_status":"closed","sticky":false,"template":"","format":"standard","meta":{"_et_pb_use_builder":"on","_et_pb_old_content":"","_et_gb_content_width":"","footnotes":""},"categories":[45,36,7,25],"tags":[],"class_list":["post-8420","post","type-post","status-publish","format-standard","has-post-thumbnail","hentry","category-audiencia-publica","category-concurso","category-convocatoria","category-publicacion"],"_links":{"self":[{"href":"https:\/\/www.sedarauca.edu.co\/index.php\/wp-json\/wp\/v2\/posts\/8420","targetHints":{"allow":["GET"]}}],"collection":[{"href":"https:\/\/www.sedarauca.edu.co\/index.php\/wp-json\/wp\/v2\/posts"}],"about":[{"href":"https:\/\/www.sedarauca.edu.co\/index.php\/wp-json\/wp\/v2\/types\/post"}],"author":[{"embeddable":true,"href":"https:\/\/www.sedarauca.edu.co\/index.php\/wp-json\/wp\/v2\/users\/1"}],"replies":[{"embeddable":true,"href":"https:\/\/www.sedarauca.edu.co\/index.php\/wp-json\/wp\/v2\/comments?post=8420"}],"version-history":[{"count":6,"href":"https:\/\/www.sedarauca.edu.co\/index.php\/wp-json\/wp\/v2\/posts\/8420\/revisions"}],"predecessor-version":[{"id":8515,"href":"https:\/\/www.sedarauca.edu.co\/index.php\/wp-json\/wp\/v2\/posts\/8420\/revisions\/8515"}],"wp:featuredmedia":[{"embeddable":true,"href":"https:\/\/www.sedarauca.edu.co\/index.php\/wp-json\/wp\/v2\/media\/8421"}],"wp:attachment":[{"href":"https:\/\/www.sedarauca.edu.co\/index.php\/wp-json\/wp\/v2\/media?parent=8420"}],"wp:term":[{"taxonomy":"category","embeddable":true,"href":"https:\/\/www.sedarauca.edu.co\/index.php\/wp-json\/wp\/v2\/categories?post=8420"},{"taxonomy":"post_tag","embeddable":true,"href":"https:\/\/www.sedarauca.edu.co\/index.php\/wp-json\/wp\/v2\/tags?post=8420"}],"curies":[{"name":"wp","href":"https:\/\/api.w.org\/{rel}","templated":true}]}}