{"id":833,"date":"2022-11-03T09:50:00","date_gmt":"2022-11-03T14:50:00","guid":{"rendered":"https:\/\/www.sedarauca.edu.co\/?p=833"},"modified":"2022-11-11T17:47:24","modified_gmt":"2022-11-11T22:47:24","slug":"inician-encuentros-municipales-de-ciencia-y-territorio","status":"publish","type":"post","link":"https:\/\/www.sedarauca.edu.co\/index.php\/2022\/11\/03\/inician-encuentros-municipales-de-ciencia-y-territorio\/","title":{"rendered":"<strong>Inician Encuentros Municipales de \u201cCiencia y Territorio\u201d<\/strong>"},"content":{"rendered":"\n[et_pb_section fb_built=\u00bb1&#8243; theme_builder_area=\u00bbpost_content\u00bb _builder_version=\u00bb4.19.0&#8243; _module_preset=\u00bbdefault\u00bb][et_pb_row _builder_version=\u00bb4.19.0&#8243; _module_preset=\u00bbdefault\u00bb theme_builder_area=\u00bbpost_content\u00bb][et_pb_column _builder_version=\u00bb4.19.0&#8243; _module_preset=\u00bbdefault\u00bb type=\u00bb4_4&#8243; theme_builder_area=\u00bbpost_content\u00bb][et_pb_text _builder_version=\u00bb4.19.0&#8243; _module_preset=\u00bbdefault\u00bb theme_builder_area=\u00bbpost_content\u00bb hover_enabled=\u00bb0&#8243; sticky_enabled=\u00bb0&#8243;]<p style=\"text-align: justify;\"><strong>Estudiantes de colegios oficiales exponen su talento para la investigaci\u00f3n<\/strong><\/p>\n<p style=\"text-align: justify;\"><em>El municipio de Arauca es el primero en iniciar, est\u00e1 programado para este jueves 3 de noviembre y se adelantar\u00e1 con articulaci\u00f3n del Colegio Comfiar en el marco del V Encuentro DeMentes Empresariales.<\/em><\/p>[\/et_pb_text][et_pb_text _builder_version=\u00bb4.19.0&#8243; _module_preset=\u00bbdefault\u00bb theme_builder_area=\u00bbpost_content\u00bb hover_enabled=\u00bb0&#8243; sticky_enabled=\u00bb0&#8243;]<p style=\"text-align: justify;\"><span>Del 3 al 11 de noviembre se llevar\u00e1n a cabo en los siete municipios del Departamento, los Encuentros de Apropiaci\u00f3n Social y del Conocimiento \u201cCiencia y Territorio\u201d, que permite a estudiantes de 46 instituciones educativas socializar los resultados de los proyectos de investigaci\u00f3n que trabajaron durante este a\u00f1o con el acompa\u00f1amiento y asesor\u00eda del Programa Ondas Arauca.<\/span><\/p>[\/et_pb_text][\/et_pb_column][\/et_pb_row][et_pb_row _builder_version=\u00bb4.19.0&#8243; _module_preset=\u00bbdefault\u00bb theme_builder_area=\u00bbpost_content\u00bb][et_pb_column _builder_version=\u00bb4.19.0&#8243; _module_preset=\u00bbdefault\u00bb type=\u00bb4_4&#8243; theme_builder_area=\u00bbpost_content\u00bb][et_pb_image src=\u00bbhttps:\/\/www.sedarauca.edu.co\/wp-content\/uploads\/2022\/11\/Ciencia-01.jpeg\u00bb _builder_version=\u00bb4.19.0&#8243; _module_preset=\u00bbdefault\u00bb theme_builder_area=\u00bbpost_content\u00bb title_text=\u00bbCiencia-01&#8243; hover_enabled=\u00bb0&#8243; sticky_enabled=\u00bb0&#8243;][\/et_pb_image][\/et_pb_column][\/et_pb_row][et_pb_row _builder_version=\u00bb4.19.0&#8243; _module_preset=\u00bbdefault\u00bb theme_builder_area=\u00bbpost_content\u00bb][et_pb_column _builder_version=\u00bb4.19.0&#8243; _module_preset=\u00bbdefault\u00bb type=\u00bb4_4&#8243; theme_builder_area=\u00bbpost_content\u00bb][et_pb_text _builder_version=\u00bb4.19.0&#8243; _module_preset=\u00bbdefault\u00bb theme_builder_area=\u00bbpost_content\u00bb hover_enabled=\u00bb0&#8243; sticky_enabled=\u00bb0&#8243;]<p style=\"text-align: justify;\">En ese orden de ideas, inicia el municipio de Arauca el 3 de noviembre. Este evento se desarrollar\u00e1 en conjunto con el Colegio Comfiar en el marco del V Encuentro DeMentes Empresariales, espacio que incentiva el ingenio, creatividad y emprendimiento que surgen desde las aulas de clases. Est\u00e1 programado a partir de las 7:30 de la ma\u00f1ana en las instalaciones del establecimiento educativo, all\u00ed se concentrar\u00e1n 26 grupos de investigaci\u00f3n Ondas, quienes ser\u00e1n valorados por los jurados invitados.\u00a0\u00a0<\/p>\n<p style=\"text-align: justify;\">Seguidamente, este ejercicio se llevar\u00e1 a cabo en el municipio de Tame el 8 de noviembre, en Fortul el 9, Saravena el 10 y Arauquita el 11 de este mismo mes. En total son 84 grupos de investigaci\u00f3n los que se preparan para mostrar sus propuestas de investigaci\u00f3n, las cuales enfocaron en las l\u00edneas de medio ambiente, ciencias sociales, ciencias agropecuarias, cultura, arte, tecnolog\u00eda, emprendimiento, rob\u00f3tica, entre otros.<\/p>[\/et_pb_text][\/et_pb_column][\/et_pb_row][et_pb_row _builder_version=\u00bb4.19.0&#8243; _module_preset=\u00bbdefault\u00bb theme_builder_area=\u00bbpost_content\u00bb][et_pb_column _builder_version=\u00bb4.19.0&#8243; _module_preset=\u00bbdefault\u00bb type=\u00bb4_4&#8243; theme_builder_area=\u00bbpost_content\u00bb][et_pb_image src=\u00bbhttps:\/\/www.sedarauca.edu.co\/wp-content\/uploads\/2022\/11\/Ciencia-02.jpeg\u00bb _builder_version=\u00bb4.19.0&#8243; _module_preset=\u00bbdefault\u00bb theme_builder_area=\u00bbpost_content\u00bb title_text=\u00bbCiencia-02&#8243; hover_enabled=\u00bb0&#8243; sticky_enabled=\u00bb0&#8243;][\/et_pb_image][\/et_pb_column][\/et_pb_row][et_pb_row _builder_version=\u00bb4.19.0&#8243; _module_preset=\u00bbdefault\u00bb theme_builder_area=\u00bbpost_content\u00bb][et_pb_column _builder_version=\u00bb4.19.0&#8243; _module_preset=\u00bbdefault\u00bb type=\u00bb4_4&#8243; theme_builder_area=\u00bbpost_content\u00bb][et_pb_text _builder_version=\u00bb4.19.0&#8243; _module_preset=\u00bbdefault\u00bb theme_builder_area=\u00bbpost_content\u00bb hover_enabled=\u00bb0&#8243; sticky_enabled=\u00bb0&#8243;]<p style=\"text-align: justify;\">Una vez culminen los encuentros municipales, Arauca capital ser\u00e1 el epicentro donde se re\u00fanan 20 grupos de investigaci\u00f3n clasificados al encuentro departamental, programado para el 18 de noviembre y que promete mostrar a los visitantes toda una fiesta de investigaci\u00f3n, ciencia, tecnolog\u00eda e innovaci\u00f3n, ya que ser\u00e1 abierto al p\u00fablico.<\/p>\n<p style=\"text-align: justify;\">De esta manera, la Secretar\u00eda de Educaci\u00f3n Departamental contin\u00faa promoviendo habilidades, capacidades investigativas, cient\u00edficas, tecnol\u00f3gicas y de innovaci\u00f3n en ni\u00f1os, ni\u00f1as, adolescentes y j\u00f3venes del departamento de Arauca a trav\u00e9s del Programa Ondas, el cual se implementa en el marco del convenio de cooperaci\u00f3n No. 223 de 2019, suscrito entre Minciencias, la Gobernaci\u00f3n de Arauca y la Universidad de Santander (UDES), como operador de la estrategia.<\/p>[\/et_pb_text][\/et_pb_column][\/et_pb_row][et_pb_row _builder_version=\u00bb4.19.0&#8243; _module_preset=\u00bbdefault\u00bb theme_builder_area=\u00bbpost_content\u00bb][et_pb_column _builder_version=\u00bb4.19.0&#8243; _module_preset=\u00bbdefault\u00bb type=\u00bb4_4&#8243; theme_builder_area=\u00bbpost_content\u00bb][et_pb_image src=\u00bbhttps:\/\/www.sedarauca.edu.co\/wp-content\/uploads\/2022\/11\/Ciencia-03.jpeg\u00bb _builder_version=\u00bb4.19.0&#8243; _module_preset=\u00bbdefault\u00bb theme_builder_area=\u00bbpost_content\u00bb title_text=\u00bbCiencia-03&#8243; hover_enabled=\u00bb0&#8243; sticky_enabled=\u00bb0&#8243;][\/et_pb_image][\/et_pb_column][\/et_pb_row][\/et_pb_section]\n","protected":false},"excerpt":{"rendered":"<p>Estudiantes de colegios oficiales exponen su talento para la investigaci\u00f3n El municipio de Arauca es el primero en iniciar, est\u00e1 programado para este jueves 3 de noviembre y se adelantar\u00e1 con articulaci\u00f3n del Colegio Comfiar en el marco del V Encuentro DeMentes Empresariales.Del 3 al 11 de noviembre se llevar\u00e1n a cabo en los siete [&hellip;]<\/p>\n","protected":false},"author":1,"featured_media":834,"comment_status":"closed","ping_status":"closed","sticky":false,"template":"","format":"standard","meta":{"_et_pb_use_builder":"on","_et_pb_old_content":"","_et_gb_content_width":"","footnotes":""},"categories":[6],"tags":[],"class_list":["post-833","post","type-post","status-publish","format-standard","has-post-thumbnail","hentry","category-noticias"],"_links":{"self":[{"href":"https:\/\/www.sedarauca.edu.co\/index.php\/wp-json\/wp\/v2\/posts\/833","targetHints":{"allow":["GET"]}}],"collection":[{"href":"https:\/\/www.sedarauca.edu.co\/index.php\/wp-json\/wp\/v2\/posts"}],"about":[{"href":"https:\/\/www.sedarauca.edu.co\/index.php\/wp-json\/wp\/v2\/types\/post"}],"author":[{"embeddable":true,"href":"https:\/\/www.sedarauca.edu.co\/index.php\/wp-json\/wp\/v2\/users\/1"}],"replies":[{"embeddable":true,"href":"https:\/\/www.sedarauca.edu.co\/index.php\/wp-json\/wp\/v2\/comments?post=833"}],"version-history":[{"count":4,"href":"https:\/\/www.sedarauca.edu.co\/index.php\/wp-json\/wp\/v2\/posts\/833\/revisions"}],"predecessor-version":[{"id":885,"href":"https:\/\/www.sedarauca.edu.co\/index.php\/wp-json\/wp\/v2\/posts\/833\/revisions\/885"}],"wp:featuredmedia":[{"embeddable":true,"href":"https:\/\/www.sedarauca.edu.co\/index.php\/wp-json\/wp\/v2\/media\/834"}],"wp:attachment":[{"href":"https:\/\/www.sedarauca.edu.co\/index.php\/wp-json\/wp\/v2\/media?parent=833"}],"wp:term":[{"taxonomy":"category","embeddable":true,"href":"https:\/\/www.sedarauca.edu.co\/index.php\/wp-json\/wp\/v2\/categories?post=833"},{"taxonomy":"post_tag","embeddable":true,"href":"https:\/\/www.sedarauca.edu.co\/index.php\/wp-json\/wp\/v2\/tags?post=833"}],"curies":[{"name":"wp","href":"https:\/\/api.w.org\/{rel}","templated":true}]}}