{"id":8281,"date":"2024-03-01T08:14:00","date_gmt":"2024-03-01T13:14:00","guid":{"rendered":"https:\/\/www.sedarauca.edu.co\/?p=8281"},"modified":"2024-04-12T19:51:22","modified_gmt":"2024-04-13T00:51:22","slug":"conoce-el-cronograma-para-el-proceso-de-ascenso-de-grado-o-de-reubicacion-de-nivel-salarial","status":"publish","type":"post","link":"https:\/\/www.sedarauca.edu.co\/index.php\/2024\/03\/01\/conoce-el-cronograma-para-el-proceso-de-ascenso-de-grado-o-de-reubicacion-de-nivel-salarial\/","title":{"rendered":"Conoce el cronograma para el proceso de ascenso de grado o de reubicaci\u00f3n de nivel salarial docente"},"content":{"rendered":"\n[et_pb_section fb_built=\u00bb1&#8243; _builder_version=\u00bb4.24.2&#8243; _module_preset=\u00bbdefault\u00bb global_colors_info=\u00bb{}\u00bb][et_pb_row _builder_version=\u00bb4.24.2&#8243; _module_preset=\u00bbdefault\u00bb hover_enabled=\u00bb0&#8243; global_colors_info=\u00bb{}\u00bb sticky_enabled=\u00bb0&#8243;][et_pb_column type=\u00bb4_4&#8243; _builder_version=\u00bb4.24.2&#8243; _module_preset=\u00bbdefault\u00bb global_colors_info=\u00bb{}\u00bb][et_pb_text _builder_version=\u00bb4.24.2&#8243; _module_preset=\u00bbdefault\u00bb custom_margin=\u00bb-30px||||false|false\u00bb hover_enabled=\u00bb0&#8243; global_colors_info=\u00bb{}\u00bb sticky_enabled=\u00bb0&#8243;]<p style=\"text-align: center;\"><strong>DECRETO N\u00b0\u00a0 3 7 9\u00a0 DE\u00a0 2 0 2 4<\/strong><\/p>\n<p style=\"text-align: center;\">\u00abPor al cual se modifica el art\u00edculo 02 del Decreto No. 342 de 2024\u00bb<\/p>\n<p style=\"text-align: justify;\">LA SECRETAR\u00cdA DE EDUCACI\u00d3N DEL DEPARTAMENTO DE ARAUCA, en uso de las facultades legales y en especial las conferidas por la Leyes 115 de 1994, 715 de 2001; Decretos Nacionales 2277 de 1979, 1278 de 2002 y 1075 de 2015<\/p>\n<p style=\"text-align: center;\"><strong>DECRETA:<\/strong><\/p>\n<p style=\"text-align: justify;\">ART\u00cdCULO PRIMERO: Modificaci\u00f3n del art\u00edculo 02 del Decreto No. 342 de 2024. Modif\u00edquese el art\u00edculo 02 del Decreto No. 342 de 2024 de la Secretaria de Educaci\u00f3n Departamental de Arauca, el cual quedar\u00e1 as\u00ed: \u00abART\u00cdCULO SEGUNDO\u00bb: Fijar el siguiente cronograma para el proceso de ascenso de grado o la reubicaci\u00f3n de nivel salarial, ser\u00e1 el siguiente:<\/p>[\/et_pb_text][\/et_pb_column][\/et_pb_row][et_pb_row _builder_version=\u00bb4.24.2&#8243; _module_preset=\u00bbdefault\u00bb global_colors_info=\u00bb{}\u00bb][et_pb_column type=\u00bb4_4&#8243; _builder_version=\u00bb4.24.2&#8243; _module_preset=\u00bbdefault\u00bb global_colors_info=\u00bb{}\u00bb][et_pb_text _builder_version=\u00bb4.24.2&#8243; _module_preset=\u00bbdefault\u00bb custom_padding=\u00bb3px|||||\u00bb global_colors_info=\u00bb{}\u00bb]<table width=\"586\">\n<tbody>\n<tr>\n<td width=\"369\">\n<p><strong>Actividad<\/strong><\/p>\n<\/td>\n<td width=\"217\">\n<p><strong>Periodo de ejecuci\u00f3n<\/strong><\/p>\n<\/td>\n<\/tr>\n<tr>\n<td width=\"369\">\n<p><span>Apertura y divulgaci\u00f3n de la convocatoria<\/span><\/p>\n<\/td>\n<td width=\"217\">\n<p><span>A partir de la expedici\u00f3n del presente acto administrativo<\/span><\/p>\n<\/td>\n<\/tr>\n<tr>\n<td width=\"369\">\n<p><span>Compra del n\u00famero de identificaci\u00f3n personal (NIP).<\/span><\/p>\n<\/td>\n<td width=\"217\">\n<p><span>Desde el 20 de marzo hasta el 12 de abril de 2024<\/span><\/p>\n<\/td>\n<\/tr>\n<tr>\n<td width=\"369\">\n<p><span>Inscripci\u00f3n de los educadores.<\/span><\/p>\n<\/td>\n<td width=\"217\">\n<p><span>Desde el 22 de marzo hasta el 16 de abril de 2024<\/span><\/p>\n<\/td>\n<\/tr>\n<tr>\n<td width=\"369\">\n<p><span>Publicaci\u00f3n de listado de inscritos<\/span><\/p>\n<\/td>\n<td width=\"217\">\n<p><span>17 de abril de 2024<\/span><\/p>\n<\/td>\n<\/tr>\n<tr>\n<td width=\"369\">\n<p><span>Reclamaciones frente al listado de inscritos<\/span><\/p>\n<\/td>\n<td width=\"217\">\n<p><span>del 18 hasta el 22 de abril de 2024<\/span><\/p>\n<\/td>\n<\/tr>\n<tr>\n<td width=\"369\">\n<p><span>Respuesta y rectificaci\u00f3n de inscripci\u00f3n<\/span><\/p>\n<\/td>\n<td width=\"217\">\n<p><span>Desde el 23 hasta el 29 de abril de 2024<\/span><\/p>\n<\/td>\n<\/tr>\n<tr>\n<td width=\"369\">\n<p><span>Publicaci\u00f3n y env\u00edo de listado definitivo de inscritos a las ETC<\/span><\/p>\n<\/td>\n<td width=\"217\">\n<p><span>2 de mayo de 2024<\/span><\/p>\n<\/td>\n<\/tr>\n<tr>\n<td width=\"369\">\n<p><span>Acreditaci\u00f3n y revisi\u00f3n de requisitos por la ETC<\/span><\/p>\n<\/td>\n<td width=\"217\">\n<p><span>Hasta el 15 de mayo de 2024<\/span><\/p>\n<\/td>\n<\/tr>\n<tr>\n<td width=\"369\">\n<p><span>Env\u00edo de listados de habilitados por parte de las ETC al MEN<\/span><\/p>\n<\/td>\n<td width=\"217\">\n<p><span>16 de mayo de 2024<\/span><\/p>\n<\/td>\n<\/tr>\n<tr>\n<td width=\"369\">\n<p><span>Publicaci\u00f3n de la lista de aspirantes habilitados para participar del proceso de evaluaci\u00f3n.<\/span><\/p>\n<\/td>\n<td width=\"217\">\n<p><span>21 de mayo de 2024<\/span><\/p>\n<\/td>\n<\/tr>\n<tr>\n<td width=\"369\">\n<p>Presentaci\u00f3n<span>\u00a0\u00a0 de\u00a0\u00a0\u00a0 reclamaciones\u00a0\u00a0\u00a0 a\u00a0\u00a0\u00a0 lista\u00a0\u00a0\u00a0 de aspirantes habilitados para participar del proceso de evaluaci\u00f3n.<\/span><\/p>\n<\/td>\n<td width=\"217\">\n<p><span>Desde el 22 hasta el 27 de mayo de 2024<\/span><\/p>\n<\/td>\n<\/tr>\n<tr>\n<td width=\"369\">\n<p><span>Respuesta a reclamaciones a lista de aspirantes habilitados para participar del proceso de evaluaci\u00f3n.<\/span><\/p>\n<\/td>\n<td width=\"217\">\n<p><span>Desde el 28 de mayo hasta el 11 de junio de 2024<\/span><\/p>\n<\/td>\n<\/tr>\n<tr>\n<td width=\"369\">\n<p><span>Publicaci\u00f3n de listado definitivo de habilitados<\/span><\/p>\n<\/td>\n<td width=\"217\">\n<p><span>14 de junio de 2024<\/span><\/p>\n<\/td>\n<\/tr>\n<tr>\n<td width=\"369\">\n<p><span>Citaci\u00f3n a la prueba<\/span><\/p>\n<\/td>\n<td width=\"217\">\n<p><span>27 de junio de 2024<\/span><\/p>\n<\/td>\n<\/tr>\n<tr>\n<td width=\"369\">\n<p><span>Presentaci\u00f3n de la prueba<\/span><\/p>\n<\/td>\n<td width=\"217\">\n<p><span>7 de julio de 2024<\/span><\/p>\n<\/td>\n<\/tr>\n<tr>\n<td width=\"369\">\n<p><span>Procesamientos de resultados.<\/span><\/p>\n<\/td>\n<td width=\"217\">\n<p><span>Hasta el 23 de agosto de 2024<\/span><\/p>\n<\/td>\n<\/tr>\n<tr>\n<td width=\"369\">\n<p><span>Publicaci\u00f3n de resultados por parte del MEN y las Entidades Territoriales Certificadas<\/span><\/p>\n<\/td>\n<td width=\"217\">\n<p><span>23 de agosto de 2024<\/span><\/p>\n<\/td>\n<\/tr>\n<tr>\n<td width=\"369\">\n<p><span>T\u00e9rmino para presentar reclamaciones frente a los resultados.<\/span><\/p>\n<\/td>\n<td width=\"217\">\n<p><span>Desde el 26 hasta el 30 de agosto de 2024<\/span><\/p>\n<\/td>\n<\/tr>\n<tr>\n<td width=\"369\">\n<p><span>Publicaci\u00f3n por parte del MEN y de las Entidades Territoriales Certificadas del listado definitivo de aspirantes que no interpusieron reclamaci\u00f3n a los resultados.<\/span><\/p>\n<\/td>\n<td width=\"217\">\n<p><span>2 de septiembre de 2024<\/span><\/p>\n<\/td>\n<\/tr>\n<tr>\n<td width=\"369\">\n<p><span>Expedici\u00f3n de actos administrativos de ascenso o reubicaci\u00f3n para los educadores no reclamantes que superaron la evaluaci\u00f3n<\/span><\/p>\n<\/td>\n<td width=\"217\">\n<p><span>Desde el 3 hasta el 23 de septiembre de 2024<\/span><\/p>\n<\/td>\n<\/tr>\n<tr>\n<td width=\"369\">\n<p><span>T\u00e9rmino para resolver reclamaciones frente a los resultados.<\/span><\/p>\n<\/td>\n<td width=\"217\">\n<p><span>Desde el 3 de septiembre hasta el 6 de noviembre de 2024<\/span><\/p>\n<\/td>\n<\/tr>\n<tr>\n<td width=\"369\">\n<p><span>Publicaci\u00f3n, por parte del MEN y las Entidades Territoriales Certificadas en Educaci\u00f3n, del listado definitivo de aspirantes que superaron o no superaron de la evaluaci\u00f3n luego de la soluci\u00f3n de sus reclamaciones.<\/span><\/p>\n<\/td>\n<td width=\"217\">\n<p><span>7 de noviembre de 2024<\/span><\/p>\n<\/td>\n<\/tr>\n<tr>\n<td width=\"369\">\n<p><span>Expedici\u00f3n de actos administrativos de ascenso o reubicaci\u00f3n que presentaron reclamaci\u00f3n y superaron la evaluaci\u00f3n<\/span><\/p>\n<\/td>\n<td width=\"217\">\n<p><span>Desde el 8 hasta el 29 de noviembre de 2024<\/span><\/p>\n<\/td>\n<\/tr>\n<\/tbody>\n<\/table>[\/et_pb_text][\/et_pb_column][\/et_pb_row][et_pb_row _builder_version=\u00bb4.24.2&#8243; _module_preset=\u00bbdefault\u00bb global_colors_info=\u00bb{}\u00bb][et_pb_column type=\u00bb4_4&#8243; _builder_version=\u00bb4.24.2&#8243; _module_preset=\u00bbdefault\u00bb global_colors_info=\u00bb{}\u00bb][et_pb_text _builder_version=\u00bb4.24.2&#8243; _module_preset=\u00bbdefault\u00bb global_colors_info=\u00bb{}\u00bb]<p>Ampl\u00ede la informaci\u00f3n en el documento adjunto:<\/p>[\/et_pb_text][\/et_pb_column][\/et_pb_row][et_pb_row _builder_version=\u00bb4.24.2&#8243; _module_preset=\u00bbdefault\u00bb link_option_url=\u00bbhttps:\/\/www.sedarauca.edu.co\/wp-content\/uploads\/2024\/03\/DECRETO-N\u00b0-379-DE-2024-SE-MODIFICA-EL-DECRETO-342-DE-2024.pdf\u00bb link_option_url_new_window=\u00bbon\u00bb global_colors_info=\u00bb{}\u00bb][et_pb_column type=\u00bb4_4&#8243; _builder_version=\u00bb4.24.2&#8243; _module_preset=\u00bbdefault\u00bb global_colors_info=\u00bb{}\u00bb][et_pb_code _builder_version=\u00bb4.24.2&#8243; _module_preset=\u00bbdefault\u00bb global_colors_info=\u00bb{}\u00bb]<a href=\"https:\/\/www.sedarauca.edu.co\/wp-content\/uploads\/2024\/03\/DECRETO-N\u00b0-379-DE-2024-SE-MODIFICA-EL-DECRETO-342-DE-2024.pdf\" class=\"pdfemb-viewer\" style=\"\" data-width=\"max\" data-height=\"max\" data-toolbar=\"bottom\" data-toolbar-fixed=\"on\">DECRETO-N\u00b0-379-DE-2024-SE-MODIFICA-EL-DECRETO-342-DE-2024<\/a>[\/et_pb_code][\/et_pb_column][\/et_pb_row][\/et_pb_section]\n","protected":false},"excerpt":{"rendered":"<p>DECRETO N\u00b0\u00a0 3 7 9\u00a0 DE\u00a0 2 0 2 4 \u00abPor al cual se modifica el art\u00edculo 02 del Decreto No. 342 de 2024\u00bb LA SECRETAR\u00cdA DE EDUCACI\u00d3N DEL DEPARTAMENTO DE ARAUCA, en uso de las facultades legales y en especial las conferidas por la Leyes 115 de 1994, 715 de 2001; Decretos Nacionales 2277 [&hellip;]<\/p>\n","protected":false},"author":1,"featured_media":8294,"comment_status":"closed","ping_status":"closed","sticky":false,"template":"","format":"standard","meta":{"_et_pb_use_builder":"on","_et_pb_old_content":"","_et_gb_content_width":"","footnotes":""},"categories":[36,22,25],"tags":[],"class_list":["post-8281","post","type-post","status-publish","format-standard","has-post-thumbnail","hentry","category-concurso","category-decreto","category-publicacion"],"_links":{"self":[{"href":"https:\/\/www.sedarauca.edu.co\/index.php\/wp-json\/wp\/v2\/posts\/8281","targetHints":{"allow":["GET"]}}],"collection":[{"href":"https:\/\/www.sedarauca.edu.co\/index.php\/wp-json\/wp\/v2\/posts"}],"about":[{"href":"https:\/\/www.sedarauca.edu.co\/index.php\/wp-json\/wp\/v2\/types\/post"}],"author":[{"embeddable":true,"href":"https:\/\/www.sedarauca.edu.co\/index.php\/wp-json\/wp\/v2\/users\/1"}],"replies":[{"embeddable":true,"href":"https:\/\/www.sedarauca.edu.co\/index.php\/wp-json\/wp\/v2\/comments?post=8281"}],"version-history":[{"count":11,"href":"https:\/\/www.sedarauca.edu.co\/index.php\/wp-json\/wp\/v2\/posts\/8281\/revisions"}],"predecessor-version":[{"id":8519,"href":"https:\/\/www.sedarauca.edu.co\/index.php\/wp-json\/wp\/v2\/posts\/8281\/revisions\/8519"}],"wp:featuredmedia":[{"embeddable":true,"href":"https:\/\/www.sedarauca.edu.co\/index.php\/wp-json\/wp\/v2\/media\/8294"}],"wp:attachment":[{"href":"https:\/\/www.sedarauca.edu.co\/index.php\/wp-json\/wp\/v2\/media?parent=8281"}],"wp:term":[{"taxonomy":"category","embeddable":true,"href":"https:\/\/www.sedarauca.edu.co\/index.php\/wp-json\/wp\/v2\/categories?post=8281"},{"taxonomy":"post_tag","embeddable":true,"href":"https:\/\/www.sedarauca.edu.co\/index.php\/wp-json\/wp\/v2\/tags?post=8281"}],"curies":[{"name":"wp","href":"https:\/\/api.w.org\/{rel}","templated":true}]}}