{"id":8243,"date":"2024-02-26T14:55:00","date_gmt":"2024-02-26T19:55:00","guid":{"rendered":"https:\/\/www.sedarauca.edu.co\/?p=8243"},"modified":"2024-02-26T19:26:38","modified_gmt":"2024-02-27T00:26:38","slug":"convocatoria-laboral-interna-n-010-de-2024-auxiliar-administrativo-de-la-institucion-educativa-concentracion-de-desarrollo-rural","status":"publish","type":"post","link":"https:\/\/www.sedarauca.edu.co\/index.php\/2024\/02\/26\/convocatoria-laboral-interna-n-010-de-2024-auxiliar-administrativo-de-la-institucion-educativa-concentracion-de-desarrollo-rural\/","title":{"rendered":"<strong>Convocatoria laboral interna N\u00b0 009 de 2024 &#8211; Auxiliar administrativo de la Instituci\u00f3n Educativa Concentraci\u00f3n de Desarrollo Rural<\/strong>"},"content":{"rendered":"\n[et_pb_section fb_built=\u00bb1&#8243; _builder_version=\u00bb4.24.2&#8243; _module_preset=\u00bbdefault\u00bb global_colors_info=\u00bb{}\u00bb][et_pb_row _builder_version=\u00bb4.24.2&#8243; _module_preset=\u00bbdefault\u00bb global_colors_info=\u00bb{}\u00bb][et_pb_column type=\u00bb4_4&#8243; _builder_version=\u00bb4.24.2&#8243; _module_preset=\u00bbdefault\u00bb global_colors_info=\u00bb{}\u00bb][et_pb_text _builder_version=\u00bb4.24.2&#8243; _module_preset=\u00bbdefault\u00bb custom_margin=\u00bb-20px||||false|false\u00bb global_colors_info=\u00bb{}\u00bb]<p style=\"text-align: justify;\">La Secretar\u00eda de Educaci\u00f3n departamental de la conformidad con el art\u00edculo 1\u00b0 de la Ley 1960 de 2019, Ley 909 de 2004, informa a los servidores p\u00fablicos (administrativos) de los Establecimientos Educativos del Departamento de Arauca, Financiada con Recursos del Sistema General del Participaciones \u2014 Educaci\u00f3n y Gobernaci\u00f3n de Arauca o que hayan superado el Periodo de Prueba en forma satisfactoria que se encuentren interesados en ocupar por encargo el Empleo de Auxiliar Administrativo C\u00f3digo 407, Grado 08, de la PLANTA DE CARGOS DE LA SECRETAR\u00cdA DE EDUCACI\u00d3N DEPARTAMENTAL DE ARAUCA, NIVEL CENTRAL, FINANCIADA CON RECURSOS DEL SISTEMA GENERAL DE PARTICIPACIONES \u2014 EDUCACI\u00d3N \u2014 INSTITUCI\u00d3N EDUCATIVA CONCENTRACI\u00d3N DE DESARROLLO RURAL DEL MUNICIPIO DE SARAVENA.<\/p>[\/et_pb_text][\/et_pb_column][\/et_pb_row][et_pb_row _builder_version=\u00bb4.24.2&#8243; _module_preset=\u00bbdefault\u00bb hover_enabled=\u00bb0&#8243; global_colors_info=\u00bb{}\u00bb link_option_url=\u00bbhttps:\/\/www.sedarauca.edu.co\/wp-content\/uploads\/2024\/02\/Convocatoria-No.-009-de-2024-Auxiliar-Administrativo-CDR.pdf\u00bb link_option_url_new_window=\u00bbon\u00bb sticky_enabled=\u00bb0&#8243;][et_pb_column type=\u00bb4_4&#8243; _builder_version=\u00bb4.24.2&#8243; _module_preset=\u00bbdefault\u00bb global_colors_info=\u00bb{}\u00bb][et_pb_code _builder_version=\u00bb4.24.2&#8243; _module_preset=\u00bbdefault\u00bb global_colors_info=\u00bb{}\u00bb]<a href=\"https:\/\/www.sedarauca.edu.co\/wp-content\/uploads\/2024\/02\/Convocatoria-No.-009-de-2024-Auxiliar-Administrativo-CDR.pdf\" class=\"pdfemb-viewer\" style=\"\" data-width=\"max\" data-height=\"max\" data-toolbar=\"bottom\" data-toolbar-fixed=\"on\">Convocatoria-No.-009-de-2024-Auxiliar-Administrativo-CDR<\/a>[\/et_pb_code][\/et_pb_column][\/et_pb_row][\/et_pb_section]\n","protected":false},"excerpt":{"rendered":"<p>La Secretar\u00eda de Educaci\u00f3n departamental de la conformidad con el art\u00edculo 1\u00b0 de la Ley 1960 de 2019, Ley 909 de 2004, informa a los servidores p\u00fablicos (administrativos) de los Establecimientos Educativos del Departamento de Arauca, Financiada con Recursos del Sistema General del Participaciones \u2014 Educaci\u00f3n y Gobernaci\u00f3n de Arauca o que hayan superado el [&hellip;]<\/p>\n","protected":false},"author":1,"featured_media":8247,"comment_status":"closed","ping_status":"closed","sticky":false,"template":"","format":"standard","meta":{"_et_pb_use_builder":"on","_et_pb_old_content":"","_et_gb_content_width":"","footnotes":""},"categories":[7,25],"tags":[],"class_list":["post-8243","post","type-post","status-publish","format-standard","has-post-thumbnail","hentry","category-convocatoria","category-publicacion"],"_links":{"self":[{"href":"https:\/\/www.sedarauca.edu.co\/index.php\/wp-json\/wp\/v2\/posts\/8243","targetHints":{"allow":["GET"]}}],"collection":[{"href":"https:\/\/www.sedarauca.edu.co\/index.php\/wp-json\/wp\/v2\/posts"}],"about":[{"href":"https:\/\/www.sedarauca.edu.co\/index.php\/wp-json\/wp\/v2\/types\/post"}],"author":[{"embeddable":true,"href":"https:\/\/www.sedarauca.edu.co\/index.php\/wp-json\/wp\/v2\/users\/1"}],"replies":[{"embeddable":true,"href":"https:\/\/www.sedarauca.edu.co\/index.php\/wp-json\/wp\/v2\/comments?post=8243"}],"version-history":[{"count":7,"href":"https:\/\/www.sedarauca.edu.co\/index.php\/wp-json\/wp\/v2\/posts\/8243\/revisions"}],"predecessor-version":[{"id":8261,"href":"https:\/\/www.sedarauca.edu.co\/index.php\/wp-json\/wp\/v2\/posts\/8243\/revisions\/8261"}],"wp:featuredmedia":[{"embeddable":true,"href":"https:\/\/www.sedarauca.edu.co\/index.php\/wp-json\/wp\/v2\/media\/8247"}],"wp:attachment":[{"href":"https:\/\/www.sedarauca.edu.co\/index.php\/wp-json\/wp\/v2\/media?parent=8243"}],"wp:term":[{"taxonomy":"category","embeddable":true,"href":"https:\/\/www.sedarauca.edu.co\/index.php\/wp-json\/wp\/v2\/categories?post=8243"},{"taxonomy":"post_tag","embeddable":true,"href":"https:\/\/www.sedarauca.edu.co\/index.php\/wp-json\/wp\/v2\/tags?post=8243"}],"curies":[{"name":"wp","href":"https:\/\/api.w.org\/{rel}","templated":true}]}}