{"id":8220,"date":"2024-02-23T14:56:00","date_gmt":"2024-02-23T19:56:00","guid":{"rendered":"https:\/\/www.sedarauca.edu.co\/?p=8220"},"modified":"2024-02-23T19:18:51","modified_gmt":"2024-02-24T00:18:51","slug":"nueva-audiencia-de-elegibles-para-la-asignacion-de-plazas-del-concurso-docente","status":"publish","type":"post","link":"https:\/\/www.sedarauca.edu.co\/index.php\/2024\/02\/23\/nueva-audiencia-de-elegibles-para-la-asignacion-de-plazas-del-concurso-docente\/","title":{"rendered":"<strong>Nueva audiencia de elegibles para la asignaci\u00f3n de plazas del Concurso Docente<\/strong>"},"content":{"rendered":"\n[et_pb_section fb_built=\u00bb1&#8243; theme_builder_area=\u00bbpost_content\u00bb _builder_version=\u00bb4.24.2&#8243; _module_preset=\u00bbdefault\u00bb][et_pb_row _builder_version=\u00bb4.24.2&#8243; _module_preset=\u00bbdefault\u00bb theme_builder_area=\u00bbpost_content\u00bb][et_pb_column _builder_version=\u00bb4.24.2&#8243; _module_preset=\u00bbdefault\u00bb type=\u00bb4_4&#8243; theme_builder_area=\u00bbpost_content\u00bb][et_pb_text _builder_version=\u00bb4.24.2&#8243; _module_preset=\u00bbdefault\u00bb theme_builder_area=\u00bbpost_content\u00bb custom_margin=\u00bb-20px||||false|false\u00bb hover_enabled=\u00bb0&#8243; sticky_enabled=\u00bb0&#8243; custom_padding=\u00bb||3px|||\u00bb]<p style=\"text-align: justify;\">La Secretar\u00eda de Educaci\u00f3n de Arauca, contin\u00faa con las audiencias para la asignaci\u00f3n de plazas del Concurso Docente, reconociendo el invaluable aporte de los maestros, piezas fundamentales en nuestro camino hacia una #MejorEducaci\u00f3n.<\/p>\n<p style=\"text-align: justify;\">A los elegibles, les recordamos que la pr\u00f3xima sesi\u00f3n ser\u00e1 el <strong>28 de febrero a partir de las 9:00 a.m<\/strong>., en <strong>modalidad virtual<\/strong>. Con\u00e9ctate a trav\u00e9s de este enlace: <strong><a href=\"https:\/\/rb.gy\/1glahf\" title=\"Audiencia virtual\">https:\/\/rb.gy\/1glahf<\/a><\/strong><\/p>\n<p style=\"text-align: justify;\"><em>Para participar, ten en cuenta:<\/em><\/p>\n<p style=\"text-align: justify;\">\u2611Presentar tu documento de identidad durante la audiencia.<br \/>\u2611Garantizar una buena conexi\u00f3n a internet.<br \/>\u2611Tener c\u00e1mara y mantenerla encendida durante la selecci\u00f3n de plaza.<\/p>\n<p style=\"text-align: justify;\">\u00a1Agradecemos tu compromiso y te deseamos \u00e9xito en tu proceso!<\/p>\n<p style=\"text-align: justify;\">Por un #AraucaMejor con Educaci\u00f3n.<\/p>\n<p style=\"text-align: justify;\">\ud83d\udd0d<span style=\"text-decoration: underline;\"><em>Consulta aqu\u00ed el listado de elegibles<\/em><\/span> \ud83d\udc47\ud83c\udffc<\/p>[\/et_pb_text][\/et_pb_column][\/et_pb_row][et_pb_row _builder_version=\u00bb4.24.2&#8243; _module_preset=\u00bbdefault\u00bb theme_builder_area=\u00bbpost_content\u00bb link_option_url=\u00bbhttps:\/\/www.sedarauca.edu.co\/wp-content\/uploads\/2024\/02\/28_02_2024_audiencia_docente_y_directivo_docente_departamento_de_arauca-1.pdf\u00bb link_option_url_new_window=\u00bbon\u00bb hover_enabled=\u00bb0&#8243; sticky_enabled=\u00bb0&#8243;][et_pb_column _builder_version=\u00bb4.24.2&#8243; _module_preset=\u00bbdefault\u00bb type=\u00bb4_4&#8243; theme_builder_area=\u00bbpost_content\u00bb][et_pb_code _builder_version=\u00bb4.24.2&#8243; _module_preset=\u00bbdefault\u00bb theme_builder_area=\u00bbpost_content\u00bb hover_enabled=\u00bb0&#8243; sticky_enabled=\u00bb0&#8243;]<a href=\"https:\/\/www.sedarauca.edu.co\/wp-content\/uploads\/2024\/02\/28_02_2024_audiencia_docente_y_directivo_docente_departamento_de_arauca-1.pdf\" class=\"pdfemb-viewer\" style=\"\" data-width=\"max\" data-height=\"max\" data-toolbar=\"bottom\" data-toolbar-fixed=\"on\">28_02_2024_audiencia_docente_y_directivo_docente_departamento_de_arauca-1<\/a>[\/et_pb_code][\/et_pb_column][\/et_pb_row][et_pb_row _builder_version=\u00bb4.24.2&#8243; _module_preset=\u00bbdefault\u00bb theme_builder_area=\u00bbpost_content\u00bb link_option_url=\u00bbhttps:\/\/www.sedarauca.edu.co\/wp-content\/uploads\/2024\/02\/28_02_2024_opec_docente_y_directivo_docente_departamento_de_arauca-1.pdf\u00bb link_option_url_new_window=\u00bbon\u00bb hover_enabled=\u00bb0&#8243; sticky_enabled=\u00bb0&#8243;][et_pb_column _builder_version=\u00bb4.24.2&#8243; _module_preset=\u00bbdefault\u00bb type=\u00bb4_4&#8243; theme_builder_area=\u00bbpost_content\u00bb][et_pb_code _builder_version=\u00bb4.24.2&#8243; _module_preset=\u00bbdefault\u00bb theme_builder_area=\u00bbpost_content\u00bb hover_enabled=\u00bb0&#8243; sticky_enabled=\u00bb0&#8243;]<a href=\"https:\/\/www.sedarauca.edu.co\/wp-content\/uploads\/2024\/02\/28_02_2024_opec_docente_y_directivo_docente_departamento_de_arauca-1.pdf\" class=\"pdfemb-viewer\" style=\"\" data-width=\"max\" data-height=\"max\" data-toolbar=\"bottom\" data-toolbar-fixed=\"on\">28_02_2024_opec_docente_y_directivo_docente_departamento_de_arauca-1<\/a>[\/et_pb_code][\/et_pb_column][\/et_pb_row][\/et_pb_section]\n","protected":false},"excerpt":{"rendered":"<p>La Secretar\u00eda de Educaci\u00f3n de Arauca, contin\u00faa con las audiencias para la asignaci\u00f3n de plazas del Concurso Docente, reconociendo el invaluable aporte de los maestros, piezas fundamentales en nuestro camino hacia una #MejorEducaci\u00f3n. A los elegibles, les recordamos que la pr\u00f3xima sesi\u00f3n ser\u00e1 el 28 de febrero a partir de las 9:00 a.m., en modalidad [&hellip;]<\/p>\n","protected":false},"author":1,"featured_media":8231,"comment_status":"closed","ping_status":"closed","sticky":false,"template":"","format":"standard","meta":{"_et_pb_use_builder":"on","_et_pb_old_content":"","_et_gb_content_width":"","footnotes":""},"categories":[45,7,25],"tags":[],"class_list":["post-8220","post","type-post","status-publish","format-standard","has-post-thumbnail","hentry","category-audiencia-publica","category-convocatoria","category-publicacion"],"_links":{"self":[{"href":"https:\/\/www.sedarauca.edu.co\/index.php\/wp-json\/wp\/v2\/posts\/8220","targetHints":{"allow":["GET"]}}],"collection":[{"href":"https:\/\/www.sedarauca.edu.co\/index.php\/wp-json\/wp\/v2\/posts"}],"about":[{"href":"https:\/\/www.sedarauca.edu.co\/index.php\/wp-json\/wp\/v2\/types\/post"}],"author":[{"embeddable":true,"href":"https:\/\/www.sedarauca.edu.co\/index.php\/wp-json\/wp\/v2\/users\/1"}],"replies":[{"embeddable":true,"href":"https:\/\/www.sedarauca.edu.co\/index.php\/wp-json\/wp\/v2\/comments?post=8220"}],"version-history":[{"count":5,"href":"https:\/\/www.sedarauca.edu.co\/index.php\/wp-json\/wp\/v2\/posts\/8220\/revisions"}],"predecessor-version":[{"id":8230,"href":"https:\/\/www.sedarauca.edu.co\/index.php\/wp-json\/wp\/v2\/posts\/8220\/revisions\/8230"}],"wp:featuredmedia":[{"embeddable":true,"href":"https:\/\/www.sedarauca.edu.co\/index.php\/wp-json\/wp\/v2\/media\/8231"}],"wp:attachment":[{"href":"https:\/\/www.sedarauca.edu.co\/index.php\/wp-json\/wp\/v2\/media?parent=8220"}],"wp:term":[{"taxonomy":"category","embeddable":true,"href":"https:\/\/www.sedarauca.edu.co\/index.php\/wp-json\/wp\/v2\/categories?post=8220"},{"taxonomy":"post_tag","embeddable":true,"href":"https:\/\/www.sedarauca.edu.co\/index.php\/wp-json\/wp\/v2\/tags?post=8220"}],"curies":[{"name":"wp","href":"https:\/\/api.w.org\/{rel}","templated":true}]}}