{"id":8115,"date":"2024-02-07T16:17:00","date_gmt":"2024-02-07T21:17:00","guid":{"rendered":"https:\/\/www.sedarauca.edu.co\/?p=8115"},"modified":"2024-02-12T16:43:47","modified_gmt":"2024-02-12T21:43:47","slug":"volvamos-al-cole-campana-que-sigue-promoviendo-la-secretaria-de-educacion-departamental","status":"publish","type":"post","link":"https:\/\/www.sedarauca.edu.co\/index.php\/2024\/02\/07\/volvamos-al-cole-campana-que-sigue-promoviendo-la-secretaria-de-educacion-departamental\/","title":{"rendered":"<strong>\u00a1Volvamos al Cole!, campa\u00f1a que sigue promoviendo la Secretar\u00eda de Educaci\u00f3n Departamental<\/strong>"},"content":{"rendered":"<p>[et_pb_section fb_built=\u00bb1&#8243; _builder_version=\u00bb4.24.0&#8243; _module_preset=\u00bbdefault\u00bb global_colors_info=\u00bb{}\u00bb][et_pb_row _builder_version=\u00bb4.24.0&#8243; _module_preset=\u00bbdefault\u00bb global_colors_info=\u00bb{}\u00bb][et_pb_column type=\u00bb4_4&#8243; _builder_version=\u00bb4.24.0&#8243; _module_preset=\u00bbdefault\u00bb global_colors_info=\u00bb{}\u00bb][et_pb_text _builder_version=\u00bb4.24.0&#8243; _module_preset=\u00bbdefault\u00bb custom_margin=\u00bb-30px||||false|false\u00bb global_colors_info=\u00bb{}\u00bb]<\/p>\n<p style=\"text-align: center;\"><em>\u201cPadres de familia y docentes, rescatemos a nuestros ni\u00f1os realizando la Matr\u00edcula Escolar\u201d, un llamado del gobierno departamental.<\/em><\/p>\n<p>&nbsp;<\/p>\n<p>[\/et_pb_text][\/et_pb_column][\/et_pb_row][et_pb_row _builder_version=\u00bb4.24.0&#8243; _module_preset=\u00bbdefault\u00bb global_colors_info=\u00bb{}\u00bb][et_pb_column type=\u00bb4_4&#8243; _builder_version=\u00bb4.24.0&#8243; _module_preset=\u00bbdefault\u00bb global_colors_info=\u00bb{}\u00bb][et_pb_text _builder_version=\u00bb4.24.0&#8243; _module_preset=\u00bbdefault\u00bb custom_margin=\u00bb-40px||||false|false\u00bb global_colors_info=\u00bb{}\u00bb]<\/p>\n<p style=\"text-align: justify;\">La gobernaci\u00f3n de Arauca, a trav\u00e9s de la Secretar\u00eda de Educaci\u00f3n Departamental, contin\u00faa promoviendo la campa\u00f1a &#8216;Volvamos al Cole\u2019, toda vez que se registran 58 mil matriculados en el sistema educativo, y se esperan 62 mil estudiantes en las aulas de clase.<\/p>\n<p style=\"text-align: justify;\">\u201cLa administraci\u00f3n departamental le est\u00e1 apostando a un Arauca Mejor con educaci\u00f3n; matriculemos a nuestros ni\u00f1os y ni\u00f1as, d\u00e9mosle la oportunidad de continuar su ciclo escolar y seamos impulsores de un futuro prometedor para ellos\u201d, mencion\u00f3 el licenciado Ariel Pedraza Pinz\u00f3n, secretario de Educaci\u00f3n Departamental.<\/p>\n<p style=\"text-align: justify;\">Agreg\u00f3 que se adelanta un trabajo articulado con el Ministerio de Educaci\u00f3n Nacional para ampliar la cobertura de educaci\u00f3n Inicial con el prop\u00f3sito de abrir por primera vez el nivel de \u00b4Jard\u00edn\u00b4 con 600 cupos, y ampliar la cobertura del grado \u00b4Transici\u00f3n\u00b4 que actualmente registra una matr\u00edcula de 4.223 a 400 cupos m\u00e1s.<\/p>\n<p style=\"text-align: justify;\">Lo anterior, permitir\u00eda ampliar la planta docente con 39 vacantes nuevas para maestros de aula y 10 itinerantes, previa aprobaci\u00f3n del MEN.<\/p>\n<p style=\"text-align: justify;\">Recordemos que el a\u00f1o lectivo escolar 2024 inici\u00f3 el pasado 22 de enero en las 67 Instituciones Educativas oficiales del Departamento con los servicios de Transporte Escolar Rural, Programa de Alimentaci\u00f3n Escolar -PAE, y Aseo y Vigilancia.<\/p>\n<p style=\"text-align: justify;\">Con el PAE, se est\u00e1n beneficiando m\u00e1s de 30.800 estudiantes en 431 sedes educativas; y con Transporte Escolar Rural, se benefician m\u00e1s de 9.700 con rutas terrestres y fluviales en el Departamento.<\/p>\n<p style=\"text-align: justify;\">El l\u00edder de la cartera educativa concluy\u00f3 invitando a los padres de familia a matricular a sus hijos en la sede educativa m\u00e1s cercana, con el fin de garantizar los cupos del servicio de transporte escolar rural a quienes realmente\u00a0lo\u00a0requieren.<\/p>\n<p>[\/et_pb_text][\/et_pb_column][\/et_pb_row][et_pb_row _builder_version=\u00bb4.24.0&#8243; _module_preset=\u00bbdefault\u00bb admin_label=\u00bbVolvamos al cole 2024&#8243; hover_enabled=\u00bb0&#8243; sticky_enabled=\u00bb0&#8243;][et_pb_column _builder_version=\u00bb4.24.0&#8243; _module_preset=\u00bbdefault\u00bb type=\u00bb4_4&#8243;][et_pb_video src=\u00bbhttps:\/\/youtube.com\/shorts\/lBuh-04fskE\u00bb _builder_version=\u00bb4.24.0&#8243; _module_preset=\u00bbdefault\u00bb hover_enabled=\u00bb0&#8243; sticky_enabled=\u00bb0&#8243;][\/et_pb_video][\/et_pb_column][\/et_pb_row][\/et_pb_section]<\/p>\n","protected":false},"excerpt":{"rendered":"<p>\u201cPadres de familia y docentes, rescatemos a nuestros ni\u00f1os realizando la Matr\u00edcula Escolar\u201d, un llamado del gobierno departamental. &nbsp;La gobernaci\u00f3n de Arauca, a trav\u00e9s de la Secretar\u00eda de Educaci\u00f3n Departamental, contin\u00faa promoviendo la campa\u00f1a &#8216;Volvamos al Cole\u2019, toda vez que se registran 58 mil matriculados en el sistema educativo, y se esperan 62 mil estudiantes [&hellip;]<\/p>\n","protected":false},"author":1,"featured_media":8118,"comment_status":"closed","ping_status":"closed","sticky":false,"template":"","format":"standard","meta":{"_et_pb_use_builder":"on","_et_pb_old_content":"","_et_gb_content_width":"","footnotes":""},"categories":[6,1],"tags":[],"class_list":["post-8115","post","type-post","status-publish","format-standard","has-post-thumbnail","hentry","category-noticias","category-sin-categoria"],"_links":{"self":[{"href":"https:\/\/www.sedarauca.edu.co\/index.php\/wp-json\/wp\/v2\/posts\/8115","targetHints":{"allow":["GET"]}}],"collection":[{"href":"https:\/\/www.sedarauca.edu.co\/index.php\/wp-json\/wp\/v2\/posts"}],"about":[{"href":"https:\/\/www.sedarauca.edu.co\/index.php\/wp-json\/wp\/v2\/types\/post"}],"author":[{"embeddable":true,"href":"https:\/\/www.sedarauca.edu.co\/index.php\/wp-json\/wp\/v2\/users\/1"}],"replies":[{"embeddable":true,"href":"https:\/\/www.sedarauca.edu.co\/index.php\/wp-json\/wp\/v2\/comments?post=8115"}],"version-history":[{"count":4,"href":"https:\/\/www.sedarauca.edu.co\/index.php\/wp-json\/wp\/v2\/posts\/8115\/revisions"}],"predecessor-version":[{"id":8127,"href":"https:\/\/www.sedarauca.edu.co\/index.php\/wp-json\/wp\/v2\/posts\/8115\/revisions\/8127"}],"wp:featuredmedia":[{"embeddable":true,"href":"https:\/\/www.sedarauca.edu.co\/index.php\/wp-json\/wp\/v2\/media\/8118"}],"wp:attachment":[{"href":"https:\/\/www.sedarauca.edu.co\/index.php\/wp-json\/wp\/v2\/media?parent=8115"}],"wp:term":[{"taxonomy":"category","embeddable":true,"href":"https:\/\/www.sedarauca.edu.co\/index.php\/wp-json\/wp\/v2\/categories?post=8115"},{"taxonomy":"post_tag","embeddable":true,"href":"https:\/\/www.sedarauca.edu.co\/index.php\/wp-json\/wp\/v2\/tags?post=8115"}],"curies":[{"name":"wp","href":"https:\/\/api.w.org\/{rel}","templated":true}]}}