{"id":8060,"date":"2024-01-31T09:59:00","date_gmt":"2024-01-31T14:59:00","guid":{"rendered":"https:\/\/www.sedarauca.edu.co\/?p=8060"},"modified":"2024-02-01T12:42:20","modified_gmt":"2024-02-01T17:42:20","slug":"continuan-las-audiencias-para-la-provision-de-vacantes-temporales-de-empleos-docentes","status":"publish","type":"post","link":"https:\/\/www.sedarauca.edu.co\/index.php\/2024\/01\/31\/continuan-las-audiencias-para-la-provision-de-vacantes-temporales-de-empleos-docentes\/","title":{"rendered":"<strong>Contin\u00faan las Audiencias para la provisi\u00f3n de vacantes temporales de empleos docentes<\/strong>"},"content":{"rendered":"<p>[et_pb_section fb_built=\u00bb1&#8243; _builder_version=\u00bb4.24.0&#8243; _module_preset=\u00bbdefault\u00bb global_colors_info=\u00bb{}\u00bb][et_pb_row _builder_version=\u00bb4.24.0&#8243; _module_preset=\u00bbdefault\u00bb global_colors_info=\u00bb{}\u00bb][et_pb_column type=\u00bb4_4&#8243; _builder_version=\u00bb4.24.0&#8243; _module_preset=\u00bbdefault\u00bb global_colors_info=\u00bb{}\u00bb][et_pb_text _builder_version=\u00bb4.24.0&#8243; _module_preset=\u00bbdefault\u00bb custom_margin=\u00bb-40px||||false|false\u00bb global_colors_info=\u00bb{}\u00bb]<\/p>\n<p style=\"text-align: center;\"><em>La convocatoria 008 de 2024 va dirigida a los relacionados en la lista de Ret\u00e9n Social<\/em>.<\/p>\n<p>[\/et_pb_text][\/et_pb_column][\/et_pb_row][et_pb_row _builder_version=\u00bb4.24.0&#8243; _module_preset=\u00bbdefault\u00bb global_colors_info=\u00bb{}\u00bb][et_pb_column type=\u00bb4_4&#8243; _builder_version=\u00bb4.24.0&#8243; _module_preset=\u00bbdefault\u00bb global_colors_info=\u00bb{}\u00bb][et_pb_text _builder_version=\u00bb4.24.0&#8243; _module_preset=\u00bbdefault\u00bb custom_margin=\u00bb-30px||||false|false\u00bb hover_enabled=\u00bb0&#8243; global_colors_info=\u00bb{}\u00bb sticky_enabled=\u00bb0&#8243;]<\/p>\n<p><span style=\"font-size: 14px; text-align: justify;\">La Secretar\u00eda de Educaci\u00f3n Departamental convoca a todos los relacionados en la Lista de Ret\u00e9n Social de las \u00e1reas de Ciencias Naturales Qu\u00edmica, Ciencias Sociales, Tecnolog\u00eda e Inform\u00e1tica, Ciencias Naturales y Educaci\u00f3n Ambiental, Educaci\u00f3n F\u00edsica, Recreaci\u00f3n y Deporte, Filosof\u00eda, Idioma Extranjero Ingles, Matem\u00e1ticas, Preescolar, Primaria y Orientador, a la audiencia p\u00fablica que se celebrar\u00e1 este jueves 01 de febrero de 2024 a las 9:00 a.m.<\/span><\/p>\n<p style=\"text-align: justify;\">Los interesados podr\u00e1n participar de la Audiencia virtual a trav\u00e9s de <strong>este enlace<\/strong> y deber\u00e1n presentar el documento de identidad durante la sesi\u00f3n, garantizar una buena conexi\u00f3n a internet y mantener la c\u00e1mara encendida durante la selecci\u00f3n de la plaza.<\/p>\n<p style=\"text-align: justify;\">Ampl\u00ede la informaci\u00f3n en el siguiente documento\u00a0adjunto.<\/p>\n<p>[\/et_pb_text][\/et_pb_column][\/et_pb_row][et_pb_row _builder_version=\u00bb4.24.0&#8243; _module_preset=\u00bbdefault\u00bb][et_pb_column _builder_version=\u00bb4.24.0&#8243; _module_preset=\u00bbdefault\u00bb type=\u00bb4_4&#8243;][et_pb_text _builder_version=\u00bb4.24.0&#8243; _module_preset=\u00bbdefault\u00bb hover_enabled=\u00bb0&#8243; sticky_enabled=\u00bb0&#8243;]<\/p>\n<p><strong>La Continuaci\u00f3n de la Audiencia de la Convocatoria 008 de 2024 <\/strong>para la provisi\u00f3n de vacantes temporales de empleos docentes en el departamento de Arauca con la lista de Ret\u00e9n Social ser\u00e1<strong> a las 3:00 p.m. del 1 de febrero de 2024,<\/strong>\u00a0 v\u00eda Teams, en <a href=\"https:\/\/teams.microsoft.com\/dl\/launcher\/launcher.html?url=%2F_%23%2Fl%2Fmeetup-join%2F19%3AYVplESzJGjDAreQQ6QKKF8gfDnk-xGPSjqi23R5yqdY1%40thread.tacv2%2F1706805231116%3Fcontext%3D%257b%2522Tid%2522%253a%2522e1fe57c8-bc2b-42ef-b0ec-066fb1e1cef1%2522%252c%2522Oid%2522%253a%2522401a3fbe-c792-4a08-a4fb-f97c3b48f8db%2522%257d%26anon%3Dtrue&amp;type=meetup-join&amp;deeplinkId=860e7c55-a5e0-4260-9b4e-e1337dd4a7ef&amp;directDl=true&amp;msLaunch=true&amp;enableMobilePage=true&amp;suppressPrompt=true\"><strong>este enlace<\/strong><\/a>.<\/p>\n<p>[\/et_pb_text][\/et_pb_column][\/et_pb_row][et_pb_row _builder_version=\u00bb4.24.0&#8243; _module_preset=\u00bbdefault\u00bb link_option_url=\u00bbhttps:\/\/www.sedarauca.edu.co\/wp-content\/uploads\/2024\/01\/Convocatoria-No.-008-de-2024-Uso-Lista-Reten-Social.pdf\u00bb link_option_url_new_window=\u00bbon\u00bb global_colors_info=\u00bb{}\u00bb][et_pb_column type=\u00bb4_4&#8243; _builder_version=\u00bb4.24.0&#8243; _module_preset=\u00bbdefault\u00bb global_colors_info=\u00bb{}\u00bb][et_pb_code _builder_version=\u00bb4.24.0&#8243; _module_preset=\u00bbdefault\u00bb global_colors_info=\u00bb{}\u00bb]<a href=\"https:\/\/www.sedarauca.edu.co\/wp-content\/uploads\/2024\/01\/Convocatoria-No.-008-de-2024-Uso-Lista-Reten-Social.pdf\" class=\"pdfemb-viewer\" style=\"\" data-width=\"max\" data-height=\"max\" data-toolbar=\"bottom\" data-toolbar-fixed=\"on\">Convocatoria-No.-008-de-2024-Uso-Lista-Reten-Social<\/a>[\/et_pb_code][\/et_pb_column][\/et_pb_row][\/et_pb_section]<\/p>\n","protected":false},"excerpt":{"rendered":"<p>La convocatoria 008 de 2024 va dirigida a los relacionados en la lista de Ret\u00e9n Social.La Secretar\u00eda de Educaci\u00f3n Departamental convoca a todos los relacionados en la Lista de Ret\u00e9n Social de las \u00e1reas de Ciencias Naturales Qu\u00edmica, Ciencias Sociales, Tecnolog\u00eda e Inform\u00e1tica, Ciencias Naturales y Educaci\u00f3n Ambiental, Educaci\u00f3n F\u00edsica, Recreaci\u00f3n y Deporte, Filosof\u00eda, Idioma [&hellip;]<\/p>\n","protected":false},"author":1,"featured_media":8068,"comment_status":"closed","ping_status":"closed","sticky":false,"template":"","format":"standard","meta":{"_et_pb_use_builder":"on","_et_pb_old_content":"","_et_gb_content_width":"","footnotes":""},"categories":[7,6,25],"tags":[],"class_list":["post-8060","post","type-post","status-publish","format-standard","has-post-thumbnail","hentry","category-convocatoria","category-noticias","category-publicacion"],"_links":{"self":[{"href":"https:\/\/www.sedarauca.edu.co\/index.php\/wp-json\/wp\/v2\/posts\/8060","targetHints":{"allow":["GET"]}}],"collection":[{"href":"https:\/\/www.sedarauca.edu.co\/index.php\/wp-json\/wp\/v2\/posts"}],"about":[{"href":"https:\/\/www.sedarauca.edu.co\/index.php\/wp-json\/wp\/v2\/types\/post"}],"author":[{"embeddable":true,"href":"https:\/\/www.sedarauca.edu.co\/index.php\/wp-json\/wp\/v2\/users\/1"}],"replies":[{"embeddable":true,"href":"https:\/\/www.sedarauca.edu.co\/index.php\/wp-json\/wp\/v2\/comments?post=8060"}],"version-history":[{"count":9,"href":"https:\/\/www.sedarauca.edu.co\/index.php\/wp-json\/wp\/v2\/posts\/8060\/revisions"}],"predecessor-version":[{"id":8073,"href":"https:\/\/www.sedarauca.edu.co\/index.php\/wp-json\/wp\/v2\/posts\/8060\/revisions\/8073"}],"wp:featuredmedia":[{"embeddable":true,"href":"https:\/\/www.sedarauca.edu.co\/index.php\/wp-json\/wp\/v2\/media\/8068"}],"wp:attachment":[{"href":"https:\/\/www.sedarauca.edu.co\/index.php\/wp-json\/wp\/v2\/media?parent=8060"}],"wp:term":[{"taxonomy":"category","embeddable":true,"href":"https:\/\/www.sedarauca.edu.co\/index.php\/wp-json\/wp\/v2\/categories?post=8060"},{"taxonomy":"post_tag","embeddable":true,"href":"https:\/\/www.sedarauca.edu.co\/index.php\/wp-json\/wp\/v2\/tags?post=8060"}],"curies":[{"name":"wp","href":"https:\/\/api.w.org\/{rel}","templated":true}]}}