{"id":7938,"date":"2024-01-26T08:50:00","date_gmt":"2024-01-26T13:50:00","guid":{"rendered":"https:\/\/www.sedarauca.edu.co\/?p=7938"},"modified":"2024-01-26T19:42:48","modified_gmt":"2024-01-27T00:42:48","slug":"continuan-las-audiencias-para-la-asignacion-de-plazas-del-concurso-docente","status":"publish","type":"post","link":"https:\/\/www.sedarauca.edu.co\/index.php\/2024\/01\/26\/continuan-las-audiencias-para-la-asignacion-de-plazas-del-concurso-docente\/","title":{"rendered":"<strong>Citaci\u00f3n a elegibles a audiencia para la asignaci\u00f3n de plazas en vacancias temporales del Concurso Docente<\/strong>"},"content":{"rendered":"<p>[et_pb_section fb_built=\u00bb1&#8243; _builder_version=\u00bb4.24.0&#8243; _module_preset=\u00bbdefault\u00bb global_colors_info=\u00bb{}\u00bb][et_pb_row _builder_version=\u00bb4.24.0&#8243; _module_preset=\u00bbdefault\u00bb global_colors_info=\u00bb{}\u00bb][et_pb_column type=\u00bb4_4&#8243; _builder_version=\u00bb4.24.0&#8243; _module_preset=\u00bbdefault\u00bb global_colors_info=\u00bb{}\u00bb][et_pb_text _builder_version=\u00bb4.24.0&#8243; _module_preset=\u00bbdefault\u00bb custom_margin=\u00bb-30px||||false|false\u00bb global_colors_info=\u00bb{}\u00bb]<\/p>\n<p style=\"text-align: center;\"><em>La audiencia virtual se surtir\u00e1 de acuerdo con el orden de meritocracia de los elegibles para acceder a las plazas en vacancia temporal ofertadas.<\/em><\/p>\n<p>[\/et_pb_text][\/et_pb_column][\/et_pb_row][et_pb_row _builder_version=\u00bb4.24.0&#8243; _module_preset=\u00bbdefault\u00bb global_colors_info=\u00bb{}\u00bb][et_pb_column type=\u00bb4_4&#8243; _builder_version=\u00bb4.24.0&#8243; _module_preset=\u00bbdefault\u00bb global_colors_info=\u00bb{}\u00bb][et_pb_text _builder_version=\u00bb4.24.0&#8243; _module_preset=\u00bbdefault\u00bb custom_margin=\u00bb-10px||||false|false\u00bb global_colors_info=\u00bb{}\u00bb]<\/p>\n<p style=\"text-align: justify;\">La Secretar\u00eda de Educaci\u00f3n Departamental con el prop\u00f3sito de garantizar el orden de elegibilidad de quienes integran las listas de elegibles, convoca a las OPEC N\u00b0 182566, 182590, 182592, 182594, 182608, 182610, 182612, 182616, 182618, 182620, 182565, 182591, 182601, 182611, 182613, 182615, 182619 para que en audiencia p\u00fablica virtual se surta el proceso con quienes est\u00e9n interesados en la provisi\u00f3n de las vacancias temporales<\/p>\n<p style=\"text-align: justify;\">La sesi\u00f3n virtual se desarrollar\u00e1 el 29 de enero a partir de las 9:00 a.m., a trav\u00e9s del enlace <a href=\"https:\/\/teams.microsoft.com\/l\/meetup-join\/19%3ameeting_Y2E5YWU2YjktMTg0NC00MGQ0LThhNGUtMTFmODU0MWI1YjUz%40thread.v2\/0?context=%7b%22Tid%22%3a%22e1fe57c8-bc2b-42ef-b0ec-066fb1e1cef1%22%2c%22Oid%22%3a%22401a3fbe-c792-4a08-a4fb-f97c3b48f8db%22%7d\" title=\"Audiencia virtual para escogencia de plaza docente\">aqu\u00ed<\/a>.<\/p>\n<p style=\"text-align: justify;\">Para participar, deber\u00e1n presentar el documento de identidad durante la audiencia, garantizar una buena conexi\u00f3n a internet y mantener la c\u00e1mara encendida durante la selecci\u00f3n de plaza.<\/p>\n<p style=\"text-align: justify;\"><span>La inasistencia de los elegibles a la audiencia antes mencionada se entender\u00e1 como su intenci\u00f3n de no participar en el proceso de selecci\u00f3n para escogencia de las vacantes temporales.<\/span><\/p>\n<p style=\"text-align: justify;\"><span>Recordemos que las vacancias temporales son las que se generaron por los docentes que han sido nombrados en per\u00edodo de prueba, en una plaza diferente, como resultado del mencionado concurso docente.<\/span><\/p>\n<p style=\"text-align: justify;\">Ampl\u00ede la informaci\u00f3n en el siguiente documento\u00a0adjunto.<\/p>\n<p>[\/et_pb_text][\/et_pb_column][\/et_pb_row][et_pb_row _builder_version=\u00bb4.24.0&#8243; _module_preset=\u00bbdefault\u00bb link_option_url=\u00bbhttps:\/\/www.sedarauca.edu.co\/wp-content\/uploads\/2024\/01\/Convocatoria-005-de-2024-_VT-Lista-de-Elegibles-9am.pdf\u00bb link_option_url_new_window=\u00bbon\u00bb hover_enabled=\u00bb0&#8243; global_colors_info=\u00bb{}\u00bb sticky_enabled=\u00bb0&#8243;][et_pb_column type=\u00bb4_4&#8243; _builder_version=\u00bb4.24.0&#8243; _module_preset=\u00bbdefault\u00bb global_colors_info=\u00bb{}\u00bb][et_pb_code _builder_version=\u00bb4.24.0&#8243; _module_preset=\u00bbdefault\u00bb global_colors_info=\u00bb{}\u00bb]<a href=\"https:\/\/www.sedarauca.edu.co\/wp-content\/uploads\/2024\/01\/Convocatoria-005-de-2024-_VT-Lista-de-Elegibles-9am.pdf\" class=\"pdfemb-viewer\" style=\"\" data-width=\"max\" data-height=\"max\" data-toolbar=\"bottom\" data-toolbar-fixed=\"on\">Convocatoria-005-de-2024-_VT-Lista-de-Elegibles-9am<\/a>[\/et_pb_code][\/et_pb_column][\/et_pb_row][\/et_pb_section]<\/p>\n","protected":false},"excerpt":{"rendered":"<p>La audiencia virtual se surtir\u00e1 de acuerdo con el orden de meritocracia de los elegibles para acceder a las plazas en vacancia temporal ofertadas.La Secretar\u00eda de Educaci\u00f3n Departamental con el prop\u00f3sito de garantizar el orden de elegibilidad de quienes integran las listas de elegibles, convoca a las OPEC N\u00b0 182566, 182590, 182592, 182594, 182608, 182610, [&hellip;]<\/p>\n","protected":false},"author":1,"featured_media":7954,"comment_status":"closed","ping_status":"closed","sticky":false,"template":"","format":"standard","meta":{"_et_pb_use_builder":"on","_et_pb_old_content":"","_et_gb_content_width":"","footnotes":""},"categories":[6,25],"tags":[],"class_list":["post-7938","post","type-post","status-publish","format-standard","has-post-thumbnail","hentry","category-noticias","category-publicacion"],"_links":{"self":[{"href":"https:\/\/www.sedarauca.edu.co\/index.php\/wp-json\/wp\/v2\/posts\/7938","targetHints":{"allow":["GET"]}}],"collection":[{"href":"https:\/\/www.sedarauca.edu.co\/index.php\/wp-json\/wp\/v2\/posts"}],"about":[{"href":"https:\/\/www.sedarauca.edu.co\/index.php\/wp-json\/wp\/v2\/types\/post"}],"author":[{"embeddable":true,"href":"https:\/\/www.sedarauca.edu.co\/index.php\/wp-json\/wp\/v2\/users\/1"}],"replies":[{"embeddable":true,"href":"https:\/\/www.sedarauca.edu.co\/index.php\/wp-json\/wp\/v2\/comments?post=7938"}],"version-history":[{"count":14,"href":"https:\/\/www.sedarauca.edu.co\/index.php\/wp-json\/wp\/v2\/posts\/7938\/revisions"}],"predecessor-version":[{"id":7969,"href":"https:\/\/www.sedarauca.edu.co\/index.php\/wp-json\/wp\/v2\/posts\/7938\/revisions\/7969"}],"wp:featuredmedia":[{"embeddable":true,"href":"https:\/\/www.sedarauca.edu.co\/index.php\/wp-json\/wp\/v2\/media\/7954"}],"wp:attachment":[{"href":"https:\/\/www.sedarauca.edu.co\/index.php\/wp-json\/wp\/v2\/media?parent=7938"}],"wp:term":[{"taxonomy":"category","embeddable":true,"href":"https:\/\/www.sedarauca.edu.co\/index.php\/wp-json\/wp\/v2\/categories?post=7938"},{"taxonomy":"post_tag","embeddable":true,"href":"https:\/\/www.sedarauca.edu.co\/index.php\/wp-json\/wp\/v2\/tags?post=7938"}],"curies":[{"name":"wp","href":"https:\/\/api.w.org\/{rel}","templated":true}]}}