{"id":7900,"date":"2024-01-16T17:12:00","date_gmt":"2024-01-16T22:12:00","guid":{"rendered":"https:\/\/www.sedarauca.edu.co\/?p=7900"},"modified":"2024-01-16T18:24:49","modified_gmt":"2024-01-16T23:24:49","slug":"secretaria-de-educacion-departamental-de-arauca-avanza-en-preparativos-para-el-regreso-a-clases","status":"publish","type":"post","link":"https:\/\/www.sedarauca.edu.co\/index.php\/2024\/01\/16\/secretaria-de-educacion-departamental-de-arauca-avanza-en-preparativos-para-el-regreso-a-clases\/","title":{"rendered":"<strong>Secretar\u00eda de Educaci\u00f3n Departamental de Arauca avanza en preparativos para el regreso a clases<\/strong>"},"content":{"rendered":"<p>[et_pb_section fb_built=\u00bb1&#8243; theme_builder_area=\u00bbpost_content\u00bb _builder_version=\u00bb4.23.4&#8243; _module_preset=\u00bbdefault\u00bb][et_pb_row _builder_version=\u00bb4.23.4&#8243; _module_preset=\u00bbdefault\u00bb theme_builder_area=\u00bbpost_content\u00bb][et_pb_column _builder_version=\u00bb4.23.4&#8243; _module_preset=\u00bbdefault\u00bb type=\u00bb4_4&#8243; theme_builder_area=\u00bbpost_content\u00bb][et_pb_text _builder_version=\u00bb4.23.4&#8243; _module_preset=\u00bbdefault\u00bb theme_builder_area=\u00bbpost_content\u00bb custom_margin=\u00bb-30px||||false|false\u00bb hover_enabled=\u00bb0&#8243; sticky_enabled=\u00bb0&#8243;]<\/p>\n<p class=\"x_elementToProof\" style=\"text-align: justify;\"><span><b>Arauca, 16\u00a0de enero de 2024<\/b>\u00a0&#8211; Con el prop\u00f3sito de asegurar una educaci\u00f3n de calidad, el calendario escolar 2024 en el departamento de Arauca dio inici\u00f3 el 15 de enero, con el regreso de 2 800 docentes a las Instituciones Educativas oficiales. Durante esta semana de desarrollo institucional, directivos docentes y docentes adelantar\u00e1n actividades clave para prepararse y garantizar un ambiente propicio para el aprendizaje de los estudiantes.\u00a0<\/span><\/p>\n<p style=\"text-align: justify;\"><span>El 22 de enero marcar\u00e1 el comienzo de las 40 semanas lectivas, con la expectativa de recibir a m\u00e1s de 65 mil estudiantes en las aulas de clases, seg\u00fan la estimaci\u00f3n del \u00e1rea de cobertura educativa de la Secretar\u00eda de Educaci\u00f3n Departamental de Arauca.\u00a0<\/span><\/p>\n<p style=\"text-align: justify;\"><span>Ariel Pedraza Pinz\u00f3n, Secretario de Educaci\u00f3n Departamental, destac\u00f3 que se vienen realizando los preparativos necesarios para garantizar una alimentaci\u00f3n saludable y el servicio de transporte escolar desde el primer d\u00eda del regreso a clases, \u201c<i>Ya nos hemos reunido con los operadores del PAE y transporte escolar para asegurar la prestaci\u00f3n del servicio sin contratiempos<\/i>\u201d.\u00a0<\/span><\/p>\n<p style=\"text-align: justify;\"><span>El gobierno departamental atender\u00e1 en este 2024, con el Programa de Alimentaci\u00f3n Escolar a 30,841 ni\u00f1os, ni\u00f1as y adolescentes de 431 sedes educativas en todo el departamento, mientras que el servicio de Transporte Escolar cubrir\u00e1 50 establecimientos educativos oficiales a trav\u00e9s de 251 rutas, incluyendo 231 terrestres y 20 fluviales, para asegurar el acceso y permanencia de 9,719 estudiantes en el sistema educativo durante el primer trimestre del a\u00f1o.\u00a0<\/span><\/p>\n<p>[\/et_pb_text][\/et_pb_column][\/et_pb_row][et_pb_row _builder_version=\u00bb4.23.4&#8243; _module_preset=\u00bbdefault\u00bb theme_builder_area=\u00bbpost_content\u00bb][et_pb_column _builder_version=\u00bb4.23.4&#8243; _module_preset=\u00bbdefault\u00bb type=\u00bb4_4&#8243; theme_builder_area=\u00bbpost_content\u00bb][et_pb_image src=\u00bbhttps:\/\/www.sedarauca.edu.co\/wp-content\/uploads\/2024\/01\/Reg2.jpeg\u00bb _builder_version=\u00bb4.23.4&#8243; _module_preset=\u00bbdefault\u00bb theme_builder_area=\u00bbpost_content\u00bb title_text=\u00bbReg2&#8243; hover_enabled=\u00bb0&#8243; sticky_enabled=\u00bb0&#8243;][\/et_pb_image][\/et_pb_column][\/et_pb_row][et_pb_row _builder_version=\u00bb4.23.4&#8243; _module_preset=\u00bbdefault\u00bb theme_builder_area=\u00bbpost_content\u00bb][et_pb_column _builder_version=\u00bb4.23.4&#8243; _module_preset=\u00bbdefault\u00bb type=\u00bb4_4&#8243; theme_builder_area=\u00bbpost_content\u00bb][et_pb_text _builder_version=\u00bb4.23.4&#8243; _module_preset=\u00bbdefault\u00bb theme_builder_area=\u00bbpost_content\u00bb hover_enabled=\u00bb0&#8243; sticky_enabled=\u00bb0&#8243;]<\/p>\n<p style=\"text-align: justify;\"><span><b>Las matr\u00edculas est\u00e1n abiertas \u00a0<\/b><\/span><\/p>\n<p style=\"text-align: justify;\"><span>Desde el pasado 9 de enero, se reactivaron las matr\u00edculas en los colegios p\u00fablicos con el objetivo de asegurar que ning\u00fan menor quede excluido del sistema educativo para la vigencia de 2024, ya que se cuenta con una capacidad instalada para atender a 67 mil estudiantes en los niveles de Preescolar, B\u00e1sica y Media.\u00a0<\/span><\/p>\n<p style=\"text-align: justify;\"><span>Esta reanudaci\u00f3n del proceso de matr\u00edculas tiene como prop\u00f3sito principal brindar facilidades y oportunidades a aquellas familias que no pudieron completar el proceso anteriormente. Adem\u00e1s, se busca asegurar un cupo para aquellos estudiantes que a\u00fan no cuentan con garant\u00eda de matr\u00edcula.\u00a0<\/span><\/p>\n<p style=\"text-align: justify;\"><span>El Secretario de Educaci\u00f3n Departamental, recomienda a los padres de familia y acudientes que elijan la sede escolar m\u00e1s cercana al lugar de residencia del menor. Asimismo, les recuerda que deben dirigirse directamente a la instituci\u00f3n educativa para llevar a cabo el proceso de matr\u00edcula.\u00a0<i>\u201cPara el gobierno departamental en cabeza del ingeniero Renson Mart\u00ednez es prioridad que ning\u00fan ni\u00f1o, ni\u00f1a o adolescente se quede fuera del sistema educativo por lo cual estamos invitando a toda la comunidad a que se una a nuestra campa\u00f1a de matr\u00edcula escolar, consistente en motivar a los padres de familia a llevar a sus hijos al colegio\u201d<\/i>.\u00a0<\/span><\/p>\n<p>[\/et_pb_text][\/et_pb_column][\/et_pb_row][et_pb_row _builder_version=\u00bb4.23.4&#8243; _module_preset=\u00bbdefault\u00bb theme_builder_area=\u00bbpost_content\u00bb][et_pb_column _builder_version=\u00bb4.23.4&#8243; _module_preset=\u00bbdefault\u00bb type=\u00bb4_4&#8243; theme_builder_area=\u00bbpost_content\u00bb][et_pb_image src=\u00bbhttps:\/\/www.sedarauca.edu.co\/wp-content\/uploads\/2024\/01\/REg3.jpeg\u00bb _builder_version=\u00bb4.23.4&#8243; _module_preset=\u00bbdefault\u00bb theme_builder_area=\u00bbpost_content\u00bb title_text=\u00bbREg3&#8243; hover_enabled=\u00bb0&#8243; sticky_enabled=\u00bb0&#8243;][\/et_pb_image][\/et_pb_column][\/et_pb_row][et_pb_row _builder_version=\u00bb4.23.4&#8243; _module_preset=\u00bbdefault\u00bb theme_builder_area=\u00bbpost_content\u00bb][et_pb_column _builder_version=\u00bb4.23.4&#8243; _module_preset=\u00bbdefault\u00bb type=\u00bb4_4&#8243; theme_builder_area=\u00bbpost_content\u00bb][et_pb_text _builder_version=\u00bb4.23.4&#8243; _module_preset=\u00bbdefault\u00bb theme_builder_area=\u00bbpost_content\u00bb hover_enabled=\u00bb0&#8243; sticky_enabled=\u00bb0&#8243;]<\/p>\n<p style=\"text-align: justify;\"><span><b>Campa\u00f1a &#8216;Mi Vida es Mejor con Educaci\u00f3n: \u00a1Volvamos al Cole!&#8217;\u00a0<\/b><\/span><\/p>\n<p style=\"text-align: justify;\"><span>Con el lema Mi vida es mejor con educaci\u00f3n: \u00a1Volvamos al Cole!, se busca sensibilizar a estudiantes y padres de familia sobre la esencial importancia de la educaci\u00f3n en el desarrollo integral de cada individuo. Este lema refleja la convicci\u00f3n de que la educaci\u00f3n es el veh\u00edculo fundamental para el progreso personal y colectivo y por lo tanto, es prioritario que los ni\u00f1os, ni\u00f1as y adolescentes asistan a clases durante este 2024.\u00a0<\/span><\/p>\n<p class=\"x_elementToProof\" style=\"text-align: justify;\"><span>\u201c&#8217;Volvamos al Cole&#8217; va m\u00e1s all\u00e1 de un mero llamado a retomar las aulas; es un recordatorio de que la educaci\u00f3n no solo enriquece la mente, sino que tambi\u00e9n transforma vidas. A trav\u00e9s de esta campa\u00f1a, nos proponemos inspirar un cambio de mentalidad, fomentando un compromiso renovado con la educaci\u00f3n. Queremos que los estudiantes se sientan empoderados para perseguir sus sue\u00f1os y que los padres comprendan que el acceso a la educaci\u00f3n es la clave para desbloquear un futuro pr\u00f3spero para sus hijos.\u201d, expres\u00f3 el secretario de Educaci\u00f3n Departamental.\u00a0<\/span><\/p>\n<p>[\/et_pb_text][\/et_pb_column][\/et_pb_row][\/et_pb_section]<\/p>\n","protected":false},"excerpt":{"rendered":"<p>Arauca, 16\u00a0de enero de 2024\u00a0&#8211; Con el prop\u00f3sito de asegurar una educaci\u00f3n de calidad, el calendario escolar 2024 en el departamento de Arauca dio inici\u00f3 el 15 de enero, con el regreso de 2 800 docentes a las Instituciones Educativas oficiales. Durante esta semana de desarrollo institucional, directivos docentes y docentes adelantar\u00e1n actividades clave para [&hellip;]<\/p>\n","protected":false},"author":1,"featured_media":7902,"comment_status":"closed","ping_status":"closed","sticky":false,"template":"","format":"standard","meta":{"_et_pb_use_builder":"on","_et_pb_old_content":"","_et_gb_content_width":"","footnotes":""},"categories":[6],"tags":[],"class_list":["post-7900","post","type-post","status-publish","format-standard","has-post-thumbnail","hentry","category-noticias"],"_links":{"self":[{"href":"https:\/\/www.sedarauca.edu.co\/index.php\/wp-json\/wp\/v2\/posts\/7900","targetHints":{"allow":["GET"]}}],"collection":[{"href":"https:\/\/www.sedarauca.edu.co\/index.php\/wp-json\/wp\/v2\/posts"}],"about":[{"href":"https:\/\/www.sedarauca.edu.co\/index.php\/wp-json\/wp\/v2\/types\/post"}],"author":[{"embeddable":true,"href":"https:\/\/www.sedarauca.edu.co\/index.php\/wp-json\/wp\/v2\/users\/1"}],"replies":[{"embeddable":true,"href":"https:\/\/www.sedarauca.edu.co\/index.php\/wp-json\/wp\/v2\/comments?post=7900"}],"version-history":[{"count":3,"href":"https:\/\/www.sedarauca.edu.co\/index.php\/wp-json\/wp\/v2\/posts\/7900\/revisions"}],"predecessor-version":[{"id":7907,"href":"https:\/\/www.sedarauca.edu.co\/index.php\/wp-json\/wp\/v2\/posts\/7900\/revisions\/7907"}],"wp:featuredmedia":[{"embeddable":true,"href":"https:\/\/www.sedarauca.edu.co\/index.php\/wp-json\/wp\/v2\/media\/7902"}],"wp:attachment":[{"href":"https:\/\/www.sedarauca.edu.co\/index.php\/wp-json\/wp\/v2\/media?parent=7900"}],"wp:term":[{"taxonomy":"category","embeddable":true,"href":"https:\/\/www.sedarauca.edu.co\/index.php\/wp-json\/wp\/v2\/categories?post=7900"},{"taxonomy":"post_tag","embeddable":true,"href":"https:\/\/www.sedarauca.edu.co\/index.php\/wp-json\/wp\/v2\/tags?post=7900"}],"curies":[{"name":"wp","href":"https:\/\/api.w.org\/{rel}","templated":true}]}}