{"id":7893,"date":"2024-01-16T15:40:00","date_gmt":"2024-01-16T20:40:00","guid":{"rendered":"https:\/\/www.sedarauca.edu.co\/?p=7893"},"modified":"2024-01-16T18:00:35","modified_gmt":"2024-01-16T23:00:35","slug":"secretaria-de-educacion-departamental-realizara-nueva-audiencia-virtual-del-concurso-docente-en-el-departamento-de-arauca","status":"publish","type":"post","link":"https:\/\/www.sedarauca.edu.co\/index.php\/2024\/01\/16\/secretaria-de-educacion-departamental-realizara-nueva-audiencia-virtual-del-concurso-docente-en-el-departamento-de-arauca\/","title":{"rendered":"<strong>Secretar\u00eda de Educaci\u00f3n Departamental realizar\u00e1 nueva audiencia virtual del Concurso Docente en el departamento de Arauca<\/strong>"},"content":{"rendered":"<p>[et_pb_section fb_built=\u00bb1&#8243; theme_builder_area=\u00bbpost_content\u00bb _builder_version=\u00bb4.23.4&#8243; _module_preset=\u00bbdefault\u00bb][et_pb_row _builder_version=\u00bb4.23.4&#8243; _module_preset=\u00bbdefault\u00bb theme_builder_area=\u00bbpost_content\u00bb][et_pb_column _builder_version=\u00bb4.23.4&#8243; _module_preset=\u00bbdefault\u00bb type=\u00bb4_4&#8243; theme_builder_area=\u00bbpost_content\u00bb][et_pb_text _builder_version=\u00bb4.23.4&#8243; _module_preset=\u00bbdefault\u00bb theme_builder_area=\u00bbpost_content\u00bb custom_margin=\u00bb-40px||||false|false\u00bb hover_enabled=\u00bb0&#8243; sticky_enabled=\u00bb0&#8243;]<\/p>\n<ul>\n<li><span><i>La Comisi\u00f3n Nacional del Servicio Civil &#8211; CNSC autoriz\u00f3 la citaci\u00f3n a una nueva audiencia para adjudicar 43 plazas docentes en instituciones educativas oficiales del departamento de Arauca. \u00a0<\/i><\/span><\/li>\n<li><span><i>Este evento se llevar\u00e1 a cabo el lunes 22 de enero de manera virtual, a partir de las 9:00 a.m.\u00a0<\/i><\/span><\/li>\n<\/ul>\n<p>[\/et_pb_text][\/et_pb_column][\/et_pb_row][et_pb_row _builder_version=\u00bb4.23.4&#8243; _module_preset=\u00bbdefault\u00bb theme_builder_area=\u00bbpost_content\u00bb][et_pb_column _builder_version=\u00bb4.23.4&#8243; _module_preset=\u00bbdefault\u00bb type=\u00bb4_4&#8243; theme_builder_area=\u00bbpost_content\u00bb][et_pb_text _builder_version=\u00bb4.23.4&#8243; _module_preset=\u00bbdefault\u00bb theme_builder_area=\u00bbpost_content\u00bb custom_margin=\u00bb-30px||||false|false\u00bb hover_enabled=\u00bb0&#8243; sticky_enabled=\u00bb0&#8243;]<\/p>\n<p style=\"text-align: justify;\"><span><b>Arauca, 16 de enero de 2024.\u00a0<\/b>En el marco del proceso de selecci\u00f3n de docentes y directivos docentes llevado a cabo por la Comisi\u00f3n Nacional del Servicio Civil, en articulaci\u00f3n con la Secretar\u00eda de Educaci\u00f3n del departamento de Arauca, se ha programado para el lunes 22 de enero de 2024, una nueva audiencia p\u00fablica virtual de escogencia de plaza para los elegibles que desempe\u00f1ar\u00e1n funciones en establecimientos educativos urbanos y rurales.\u00a0<b>\u00a0<\/b><\/span><\/p>\n<p style=\"text-align: justify;\"><span>A esta audiencia est\u00e1n convocados los elegibles a los cargos de Docente Orientador, Directivos Docentes y Docentes \u2013 Poblaci\u00f3n Mayoritaria \u2013 2150 a 2237 de 2021 y 2316 y 2406 de 2022,<\/span><span>\u00a0<\/span><span>para los cargos de Docente y Directivo Docente: Coordinador, Orientador, Ciencias Sociales, Humanidades y Lengua Castellana, Idioma Extranjero Ingles, Matem\u00e1ticas, Primaria y Preescolar.\u00a0<\/span><\/p>\n<p style=\"text-align: justify;\"><span>En total son 43 plazas las que ser\u00e1n provistas en esta audiencia de escogencia de establecimiento educativo que se realizar\u00e1 de manera virtual, y a la cual podr\u00e1n acceder s\u00f3lo las personas convocadas, a trav\u00e9s de la plataforma TEAMS en el link\u00a0<a href=\"https:\/\/teams.microsoft.com\/l\/meetup-join\/19%3ameeting_ODg5MjBiNjctMmMzZS00YmRlLTliOWEtOGQxZWQyYWNmOWUz%40thread.v2\/0?context=%7b%22Tid%22%3a%22e1fe57c8-bc2b-42ef-b0ec-066fb1e1cef1%22%2c%22Oid%22%3a%22401a3fbe-c792-4a08-a4fb-f97c3b48f8db%22%7d\" target=\"_blank\" rel=\"noopener noreferrer\" data-auth=\"NotApplicable\" id=\"LPlnkOWA3f02f9ca-ee75-9a21-af5c-f98d5855eb7f\" class=\"x_OWAAutoLink\" data-linkindex=\"0\" previewlistener=\"true\">https:\/\/teams.microsoft.com\/l\/meetup-join\/19%3ameeting_ODg5MjBiNjctMmMzZS00YmRlLTliOWEtOGQxZWQyYWNmOWUz%40thread.v2\/0?context=%7b%22Tid%22%3a%22e1fe57c8-bc2b-42ef-b0ec-066fb1e1cef1%22%2c%22Oid%22%3a%22401a3fbe-c792-4a08-a4fb-f97c3b48f8db%22%7d<\/a><\/span><\/p>\n<p style=\"text-align: justify;\"><span>Cabe destacar que las audiencias se har\u00e1n acatando lo dictado por la Resoluci\u00f3n 10591 del 2023 de la CNSC que reglament\u00f3 las audiencias p\u00fablicas para selecci\u00f3n de vacantes en instituciones educativas oficiales \u201cde conformidad con las listas de elegibles para proveer que se rigen por el sistema especial de carrera docente\u201d. (Consulte aqu\u00ed)\u00a0<\/span><\/p>\n<p style=\"text-align: justify;\"><span>La Entidad Territorial Certificada hace un llamado a cada uno de los elegibles para que, verifiquen antes de la audiencia, la localizaci\u00f3n de las sedes educativas, sus distancias, rutas de acceso, disponibilidad de medios de transporte, recorridos y costos de ubicaci\u00f3n y de permanencia, entre otras caracter\u00edsticas; para que la decisi\u00f3n sobre la escogencia de la plaza se tome de manera consciente e informada.\u00a0<\/span><\/p>\n<p style=\"text-align: justify;\"><span>Adem\u00e1s, \u201c<i>para participar de la audiencia, los elegibles citados o sus apoderados deben contar con un dispositivo de audio y video cuya calidad permita establecer una comunicaci\u00f3n oral, simult\u00e1nea y sin interrupciones, igualmente deben presentar su documento de identidad para poder acceder a la escogencia de plaza<\/i>\u201d, indic\u00f3 el profesional de Planta y Personal de la Secretar\u00eda de Educaci\u00f3n Departamental Osman Yair Vega Cisneros.\u00a0<\/span><\/p>\n<p style=\"text-align: justify;\"><span>\u00a0<\/span><span>Consulte aqu\u00ed el listado de elegibles citados a la Audiencia.\u00a0<\/span><\/p>\n<p>[\/et_pb_text][\/et_pb_column][\/et_pb_row][et_pb_row _builder_version=\u00bb4.23.4&#8243; _module_preset=\u00bbdefault\u00bb theme_builder_area=\u00bbpost_content\u00bb link_option_url=\u00bbhttps:\/\/www.sedarauca.edu.co\/wp-content\/uploads\/2024\/01\/22_01_2024_audiencia_docente_y_directivo_docente_departamento_de_arauca.pdf\u00bb link_option_url_new_window=\u00bbon\u00bb hover_enabled=\u00bb0&#8243; sticky_enabled=\u00bb0&#8243;][et_pb_column _builder_version=\u00bb4.23.4&#8243; _module_preset=\u00bbdefault\u00bb type=\u00bb4_4&#8243; theme_builder_area=\u00bbpost_content\u00bb][et_pb_code _builder_version=\u00bb4.23.4&#8243; _module_preset=\u00bbdefault\u00bb theme_builder_area=\u00bbpost_content\u00bb hover_enabled=\u00bb0&#8243; sticky_enabled=\u00bb0&#8243;]<a href=\"https:\/\/www.sedarauca.edu.co\/wp-content\/uploads\/2024\/01\/22_01_2024_audiencia_docente_y_directivo_docente_departamento_de_arauca.pdf\" class=\"pdfemb-viewer\" style=\"\" data-width=\"max\" data-height=\"max\" data-toolbar=\"bottom\" data-toolbar-fixed=\"on\">22_01_2024_audiencia_docente_y_directivo_docente_departamento_de_arauca<\/a>[\/et_pb_code][\/et_pb_column][\/et_pb_row][et_pb_row _builder_version=\u00bb4.23.4&#8243; _module_preset=\u00bbdefault\u00bb theme_builder_area=\u00bbpost_content\u00bb link_option_url=\u00bbhttps:\/\/www.sedarauca.edu.co\/wp-content\/uploads\/2024\/01\/22_01_2024_opec_docente_y_directivo_docente_departamento_de_arauca.pdf\u00bb link_option_url_new_window=\u00bbon\u00bb hover_enabled=\u00bb0&#8243; sticky_enabled=\u00bb0&#8243;][et_pb_column _builder_version=\u00bb4.23.4&#8243; _module_preset=\u00bbdefault\u00bb type=\u00bb4_4&#8243; theme_builder_area=\u00bbpost_content\u00bb][et_pb_code _builder_version=\u00bb4.23.4&#8243; _module_preset=\u00bbdefault\u00bb theme_builder_area=\u00bbpost_content\u00bb hover_enabled=\u00bb0&#8243; sticky_enabled=\u00bb0&#8243;]<a href=\"https:\/\/www.sedarauca.edu.co\/wp-content\/uploads\/2024\/01\/22_01_2024_opec_docente_y_directivo_docente_departamento_de_arauca.pdf\" class=\"pdfemb-viewer\" style=\"\" data-width=\"max\" data-height=\"max\" data-toolbar=\"bottom\" data-toolbar-fixed=\"on\">22_01_2024_opec_docente_y_directivo_docente_departamento_de_arauca<\/a>[\/et_pb_code][\/et_pb_column][\/et_pb_row][\/et_pb_section]<\/p>\n","protected":false},"excerpt":{"rendered":"<p>La Comisi\u00f3n Nacional del Servicio Civil &#8211; CNSC autoriz\u00f3 la citaci\u00f3n a una nueva audiencia para adjudicar 43 plazas docentes en instituciones educativas oficiales del departamento de Arauca. \u00a0 Este evento se llevar\u00e1 a cabo el lunes 22 de enero de manera virtual, a partir de las 9:00 a.m.\u00a0 Arauca, 16 de enero de 2024.\u00a0En [&hellip;]<\/p>\n","protected":false},"author":1,"featured_media":7894,"comment_status":"closed","ping_status":"closed","sticky":false,"template":"","format":"standard","meta":{"_et_pb_use_builder":"on","_et_pb_old_content":"","_et_gb_content_width":"","footnotes":""},"categories":[36,6],"tags":[],"class_list":["post-7893","post","type-post","status-publish","format-standard","has-post-thumbnail","hentry","category-concurso","category-noticias"],"_links":{"self":[{"href":"https:\/\/www.sedarauca.edu.co\/index.php\/wp-json\/wp\/v2\/posts\/7893","targetHints":{"allow":["GET"]}}],"collection":[{"href":"https:\/\/www.sedarauca.edu.co\/index.php\/wp-json\/wp\/v2\/posts"}],"about":[{"href":"https:\/\/www.sedarauca.edu.co\/index.php\/wp-json\/wp\/v2\/types\/post"}],"author":[{"embeddable":true,"href":"https:\/\/www.sedarauca.edu.co\/index.php\/wp-json\/wp\/v2\/users\/1"}],"replies":[{"embeddable":true,"href":"https:\/\/www.sedarauca.edu.co\/index.php\/wp-json\/wp\/v2\/comments?post=7893"}],"version-history":[{"count":3,"href":"https:\/\/www.sedarauca.edu.co\/index.php\/wp-json\/wp\/v2\/posts\/7893\/revisions"}],"predecessor-version":[{"id":7899,"href":"https:\/\/www.sedarauca.edu.co\/index.php\/wp-json\/wp\/v2\/posts\/7893\/revisions\/7899"}],"wp:featuredmedia":[{"embeddable":true,"href":"https:\/\/www.sedarauca.edu.co\/index.php\/wp-json\/wp\/v2\/media\/7894"}],"wp:attachment":[{"href":"https:\/\/www.sedarauca.edu.co\/index.php\/wp-json\/wp\/v2\/media?parent=7893"}],"wp:term":[{"taxonomy":"category","embeddable":true,"href":"https:\/\/www.sedarauca.edu.co\/index.php\/wp-json\/wp\/v2\/categories?post=7893"},{"taxonomy":"post_tag","embeddable":true,"href":"https:\/\/www.sedarauca.edu.co\/index.php\/wp-json\/wp\/v2\/tags?post=7893"}],"curies":[{"name":"wp","href":"https:\/\/api.w.org\/{rel}","templated":true}]}}