{"id":7887,"date":"2024-01-15T12:04:00","date_gmt":"2024-01-15T17:04:00","guid":{"rendered":"https:\/\/www.sedarauca.edu.co\/?p=7887"},"modified":"2024-01-15T16:09:24","modified_gmt":"2024-01-15T21:09:24","slug":"abierta-convocatoria-interna-para-el-cargo-de-rector-de-la-i-e-jose-acevedo-y-gomez","status":"publish","type":"post","link":"https:\/\/www.sedarauca.edu.co\/index.php\/2024\/01\/15\/abierta-convocatoria-interna-para-el-cargo-de-rector-de-la-i-e-jose-acevedo-y-gomez\/","title":{"rendered":"<strong>Abierta convocatoria interna para el cargo de Rector de la I.E. Jos\u00e9 Acevedo y G\u00f3mez<\/strong>"},"content":{"rendered":"<p>[et_pb_section fb_built=\u00bb1&#8243; theme_builder_area=\u00bbpost_content\u00bb _builder_version=\u00bb4.23.4&#8243; _module_preset=\u00bbdefault\u00bb][et_pb_row _builder_version=\u00bb4.23.4&#8243; _module_preset=\u00bbdefault\u00bb theme_builder_area=\u00bbpost_content\u00bb][et_pb_column _builder_version=\u00bb4.23.4&#8243; _module_preset=\u00bbdefault\u00bb type=\u00bb4_4&#8243; theme_builder_area=\u00bbpost_content\u00bb][et_pb_text _builder_version=\u00bb4.23.4&#8243; _module_preset=\u00bbdefault\u00bb theme_builder_area=\u00bbpost_content\u00bb custom_margin=\u00bb-20px||||false|false\u00bb hover_enabled=\u00bb0&#8243; sticky_enabled=\u00bb0&#8243;]<\/p>\n<p style=\"text-align: justify;\"><span><b>Arauca, 15 de enero de 2024.\u00a0<\/b>A trav\u00e9s de la convocatoria laboral interna No. 004 de 2024 la Secretar\u00eda de Educaci\u00f3n Departamental est\u00e1 ofertando a los docentes y directivos docentes de los establecimientos educativos oficiales del departamento de Arauca inscritos en carrera docente, bajo la figura encargo definitivo el cargo de Directivo Docente \u2014 Rector de la Instituci\u00f3n Educativa Jos\u00e9 Acevedo y G\u00f3mez del municipio de Arauquita<\/span><span>.<\/span><span>\u00a0<\/span><\/p>\n<p class=\"x_elementToProof\" style=\"text-align: justify;\"><span>El rector y director rural son los directivos docentes que tienen la responsabilidad de dirigir y gestionar pedag\u00f3gica y administrativamente el funcionamiento de un establecimiento educativo. Su labor es de car\u00e1cter profesional que, sobre la base de una formaci\u00f3n y experiencia especifica de reconocida trayectoria en el sector educativo, se ocupa de los procesos relacionados con la planeaci\u00f3n, direcci\u00f3n, orientaci\u00f3n, programaci\u00f3n, administraci\u00f3n y evaluaci\u00f3n de las pr\u00e1cticas y din\u00e1micas educativas que se llevan a cabo en la instituci\u00f3n, y de las relaciones interinstitucionales y de convivencia con el entorno, la familia y la comunidad educativa. \u00a0<\/span><\/p>\n<p style=\"text-align: justify;\"><span>Las postulaciones podr\u00e1n hacerlas hasta el 16 de enero de 2024 y debe radicarse la solicitud en la Plataforma de Servicio de Atenci\u00f3n al Ciudadano (SAC), ANEXANDO \u00absoportes que certifiquen sus logros acad\u00e9micos alcanzados y experiencias\u00bb para acceder por encargo Temporal como RECTOR, independientemente que se encuentren en la hoja de vida.\u00a0<\/span><\/p>\n<p class=\"x_elementToProof\" style=\"text-align: justify;\"><span>Consulte los detalles y requisitos de la convocatoria en aqu\u00ed.\u00a0<\/span><span>\u00a0<\/span><\/p>\n<p>[\/et_pb_text][\/et_pb_column][\/et_pb_row][et_pb_row _builder_version=\u00bb4.23.4&#8243; _module_preset=\u00bbdefault\u00bb theme_builder_area=\u00bbpost_content\u00bb link_option_url=\u00bbhttps:\/\/www.sedarauca.edu.co\/wp-content\/uploads\/2024\/01\/Convocatoria-No.-004-de-2024-Rector-Jose-Acevedo-y-Gomez.pdf\u00bb link_option_url_new_window=\u00bbon\u00bb hover_enabled=\u00bb0&#8243; sticky_enabled=\u00bb0&#8243;][et_pb_column _builder_version=\u00bb4.23.4&#8243; _module_preset=\u00bbdefault\u00bb type=\u00bb4_4&#8243; theme_builder_area=\u00bbpost_content\u00bb][et_pb_code _builder_version=\u00bb4.23.4&#8243; _module_preset=\u00bbdefault\u00bb theme_builder_area=\u00bbpost_content\u00bb hover_enabled=\u00bb0&#8243; sticky_enabled=\u00bb0&#8243;]<a href=\"https:\/\/www.sedarauca.edu.co\/wp-content\/uploads\/2024\/01\/Convocatoria-No.-004-de-2024-Rector-Jose-Acevedo-y-Gomez.pdf\" class=\"pdfemb-viewer\" style=\"\" data-width=\"max\" data-height=\"max\" data-toolbar=\"bottom\" data-toolbar-fixed=\"on\">Convocatoria-No.-004-de-2024-Rector-Jose-Acevedo-y-Gomez<\/a>[\/et_pb_code][\/et_pb_column][\/et_pb_row][\/et_pb_section]<\/p>\n","protected":false},"excerpt":{"rendered":"<p>Arauca, 15 de enero de 2024.\u00a0A trav\u00e9s de la convocatoria laboral interna No. 004 de 2024 la Secretar\u00eda de Educaci\u00f3n Departamental est\u00e1 ofertando a los docentes y directivos docentes de los establecimientos educativos oficiales del departamento de Arauca inscritos en carrera docente, bajo la figura encargo definitivo el cargo de Directivo Docente \u2014 Rector de [&hellip;]<\/p>\n","protected":false},"author":1,"featured_media":7888,"comment_status":"closed","ping_status":"closed","sticky":false,"template":"","format":"standard","meta":{"_et_pb_use_builder":"on","_et_pb_old_content":"","_et_gb_content_width":"","footnotes":""},"categories":[7,25],"tags":[],"class_list":["post-7887","post","type-post","status-publish","format-standard","has-post-thumbnail","hentry","category-convocatoria","category-publicacion"],"_links":{"self":[{"href":"https:\/\/www.sedarauca.edu.co\/index.php\/wp-json\/wp\/v2\/posts\/7887","targetHints":{"allow":["GET"]}}],"collection":[{"href":"https:\/\/www.sedarauca.edu.co\/index.php\/wp-json\/wp\/v2\/posts"}],"about":[{"href":"https:\/\/www.sedarauca.edu.co\/index.php\/wp-json\/wp\/v2\/types\/post"}],"author":[{"embeddable":true,"href":"https:\/\/www.sedarauca.edu.co\/index.php\/wp-json\/wp\/v2\/users\/1"}],"replies":[{"embeddable":true,"href":"https:\/\/www.sedarauca.edu.co\/index.php\/wp-json\/wp\/v2\/comments?post=7887"}],"version-history":[{"count":3,"href":"https:\/\/www.sedarauca.edu.co\/index.php\/wp-json\/wp\/v2\/posts\/7887\/revisions"}],"predecessor-version":[{"id":7892,"href":"https:\/\/www.sedarauca.edu.co\/index.php\/wp-json\/wp\/v2\/posts\/7887\/revisions\/7892"}],"wp:featuredmedia":[{"embeddable":true,"href":"https:\/\/www.sedarauca.edu.co\/index.php\/wp-json\/wp\/v2\/media\/7888"}],"wp:attachment":[{"href":"https:\/\/www.sedarauca.edu.co\/index.php\/wp-json\/wp\/v2\/media?parent=7887"}],"wp:term":[{"taxonomy":"category","embeddable":true,"href":"https:\/\/www.sedarauca.edu.co\/index.php\/wp-json\/wp\/v2\/categories?post=7887"},{"taxonomy":"post_tag","embeddable":true,"href":"https:\/\/www.sedarauca.edu.co\/index.php\/wp-json\/wp\/v2\/tags?post=7887"}],"curies":[{"name":"wp","href":"https:\/\/api.w.org\/{rel}","templated":true}]}}