{"id":7876,"date":"2024-01-10T16:54:00","date_gmt":"2024-01-10T21:54:00","guid":{"rendered":"https:\/\/www.sedarauca.edu.co\/?p=7876"},"modified":"2024-01-26T09:32:09","modified_gmt":"2024-01-26T14:32:09","slug":"gobernacion-de-arauca-presenta-el-listado-definitivo-de-docentes-provisionales-con-reten-social","status":"publish","type":"post","link":"https:\/\/www.sedarauca.edu.co\/index.php\/2024\/01\/10\/gobernacion-de-arauca-presenta-el-listado-definitivo-de-docentes-provisionales-con-reten-social\/","title":{"rendered":"<strong>Gobernaci\u00f3n de Arauca presenta el listado definitivo de docentes provisionales con ret\u00e9n social<\/strong>"},"content":{"rendered":"<p>[et_pb_section fb_built=\u00bb1&#8243; _builder_version=\u00bb4.23.4&#8243; _module_preset=\u00bbdefault\u00bb global_colors_info=\u00bb{}\u00bb][et_pb_row _builder_version=\u00bb4.23.4&#8243; _module_preset=\u00bbdefault\u00bb global_colors_info=\u00bb{}\u00bb][et_pb_column type=\u00bb4_4&#8243; _builder_version=\u00bb4.23.4&#8243; _module_preset=\u00bbdefault\u00bb global_colors_info=\u00bb{}\u00bb][et_pb_text _builder_version=\u00bb4.23.4&#8243; _module_preset=\u00bbdefault\u00bb custom_margin=\u00bb-30px||||false|false\u00bb global_colors_info=\u00bb{}\u00bb]<\/p>\n<p style=\"text-align: center;\"><i>Estos docentes ser\u00e1n considerados en futuros procesos de selecci\u00f3n, especialmente cuando existan vacantes por proveer y no haya listas de elegibles en espera<\/i><span>.<\/span><\/p>\n<p>[\/et_pb_text][\/et_pb_column][\/et_pb_row][et_pb_row _builder_version=\u00bb4.23.4&#8243; _module_preset=\u00bbdefault\u00bb global_colors_info=\u00bb{}\u00bb][et_pb_column type=\u00bb4_4&#8243; _builder_version=\u00bb4.23.4&#8243; _module_preset=\u00bbdefault\u00bb global_colors_info=\u00bb{}\u00bb][et_pb_text _builder_version=\u00bb4.23.4&#8243; _module_preset=\u00bbdefault\u00bb global_colors_info=\u00bb{}\u00bb]<\/p>\n<div style=\"text-align: justify;\"><span><b>Arauca, 10 de enero de 2024.<\/b>\u00a0En cumplimiento de la Circular 24 del 21 de julio de 2023, emitida por el Viceministerio de Educaci\u00f3n Preescolar, B\u00e1sica y Media, la Secretar\u00eda de Educaci\u00f3n Departamental de Arauca (SED) informa a la comunidad educativa y la opini\u00f3n p\u00fablica en general sobre la publicaci\u00f3n oficial del listado definitivo de docentes provisionales con reten social.<\/span><\/div>\n<div style=\"text-align: justify;\"><span>\u00a0<\/span><\/div>\n<div class=\"x_elementToProof\" style=\"text-align: justify;\"><span>El pasado 19 de diciembre de 2023, la SED dio a conocer el listado preliminar sobre el cual los docentes provisionales interesados pod\u00edan presentar observaciones sobre su situaci\u00f3n laboral. Siguiendo los lineamientos establecidos en la mencionada circular, se procedi\u00f3 a evaluar detenidamente las observaciones recibidas, dando lugar a un exhaustivo an\u00e1lisis por parte de la Secretar\u00eda de Educaci\u00f3n Departamental.<\/span><\/div>\n<div style=\"text-align: justify;\"><span>\u00a0<\/span><\/div>\n<div class=\"x_elementToProof\" style=\"text-align: justify;\"><span>Como resultado de este proceso, la SED emite el listado definitivo de docentes provisionales con reten social, el cual se fundamenta en la Resoluci\u00f3n N\u00b02671 del 22 de septiembre de 2023. Dicha resoluci\u00f3n estableci\u00f3 el Comit\u00e9 de docentes provisionales, encargado de evaluar las peticiones de protecci\u00f3n laboral presentadas por los educadores que quedaron cesantes tras surtirse el concurso de m\u00e9ritos por la Comisi\u00f3n Nacional del Servicio Civil (CNSC).<\/span><\/div>\n<div style=\"text-align: justify;\"><span>\u00a0<\/span><\/div>\n<div style=\"text-align: justify;\"><span>La evaluaci\u00f3n de las condiciones de los docentes peticionarios se llev\u00f3 a cabo considerando sus antecedentes, el marco normativo vigente y las orientaciones proporcionadas por el Ministerio de Educaci\u00f3n Nacional (MEN) a los entes territoriales certificados en educaci\u00f3n. Adem\u00e1s, se aplicaron los criterios detallados en el anexo de la Circular 24 de 2023 sobre c\u00f3mo acreditar los \u00f3rdenes de protecci\u00f3n.<\/span><\/div>\n<div style=\"text-align: justify;\"><span>\u00a0<\/span><\/div>\n<div style=\"text-align: justify;\"><span>Estas listas se encuentran organizadas seg\u00fan el \u00e1rea de desempe\u00f1o y el orden de prelaci\u00f3n determinado por el comit\u00e9 evaluador. Cabe destacar que estos docentes ser\u00e1n considerados en futuros procesos de selecci\u00f3n, especialmente cuando existan vacantes por proveer y no haya listas de elegibles en espera.<\/span><\/div>\n<div style=\"text-align: justify;\"><span>\u00a0<\/span><\/div>\n<div class=\"x_elementToProof\" style=\"text-align: justify;\"><span>Este esfuerzo refleja el compromiso de la Gobernaci\u00f3n de Arauca y la SED por asegurar la protecci\u00f3n laboral de los educadores provisionales, al tiempo que fortalece la equidad en el acceso a oportunidades educativas en el departamento de Arauca.<\/span><\/div>\n<p>[\/et_pb_text][\/et_pb_column][\/et_pb_row][et_pb_row _builder_version=\u00bb4.23.4&#8243; _module_preset=\u00bbdefault\u00bb link_option_url=\u00bbhttps:\/\/www.sedarauca.edu.co\/wp-content\/uploads\/2024\/01\/Listado-definitivo-de-docentes-provisionales-con-reten-social.pdf\u00bb link_option_url_new_window=\u00bbon\u00bb global_colors_info=\u00bb{}\u00bb][et_pb_column type=\u00bb4_4&#8243; _builder_version=\u00bb4.23.4&#8243; _module_preset=\u00bbdefault\u00bb global_colors_info=\u00bb{}\u00bb][et_pb_code _builder_version=\u00bb4.23.4&#8243; _module_preset=\u00bbdefault\u00bb global_colors_info=\u00bb{}\u00bb]<a href=\"https:\/\/www.sedarauca.edu.co\/wp-content\/uploads\/2024\/01\/Listado-definitivo-de-docentes-provisionales-con-reten-social.pdf\" class=\"pdfemb-viewer\" style=\"\" data-width=\"max\" data-height=\"max\" data-toolbar=\"bottom\" data-toolbar-fixed=\"on\">Listado-definitivo-de-docentes-provisionales-con-reten-social<\/a>[\/et_pb_code][\/et_pb_column][\/et_pb_row][et_pb_row _builder_version=\u00bb4.24.0&#8243; _module_preset=\u00bbdefault\u00bb][et_pb_column _builder_version=\u00bb4.24.0&#8243; _module_preset=\u00bbdefault\u00bb type=\u00bb4_4&#8243;][et_pb_divider _builder_version=\u00bb4.24.0&#8243; _module_preset=\u00bbdefault\u00bb hover_enabled=\u00bb0&#8243; sticky_enabled=\u00bb0&#8243;][\/et_pb_divider][\/et_pb_column][\/et_pb_row][et_pb_row _builder_version=\u00bb4.24.0&#8243; _module_preset=\u00bbdefault\u00bb][et_pb_column _builder_version=\u00bb4.24.0&#8243; _module_preset=\u00bbdefault\u00bb type=\u00bb4_4&#8243;][et_pb_text _builder_version=\u00bb4.24.0&#8243; _module_preset=\u00bbdefault\u00bb hover_enabled=\u00bb0&#8243; sticky_enabled=\u00bb0&#8243;]<\/p>\n<p style=\"text-align: justify;\"><strong>A continuaci\u00f3n la \u00faltima lista de docentes elegibles por ret\u00e9n social:<\/strong><\/p>\n<p>[\/et_pb_text][\/et_pb_column][\/et_pb_row][et_pb_row _builder_version=\u00bb4.24.0&#8243; _module_preset=\u00bbdefault\u00bb link_option_url=\u00bbhttps:\/\/www.sedarauca.edu.co\/wp-content\/uploads\/2024\/01\/Lista-de-Elegibles-Reten-Social-Ultima.pdf\u00bb link_option_url_new_window=\u00bbon\u00bb hover_enabled=\u00bb0&#8243; sticky_enabled=\u00bb0&#8243;][et_pb_column _builder_version=\u00bb4.24.0&#8243; _module_preset=\u00bbdefault\u00bb type=\u00bb4_4&#8243;][et_pb_code _builder_version=\u00bb4.24.0&#8243; _module_preset=\u00bbdefault\u00bb hover_enabled=\u00bb0&#8243; sticky_enabled=\u00bb0&#8243;]<a href=\"https:\/\/www.sedarauca.edu.co\/wp-content\/uploads\/2024\/01\/Lista-de-Elegibles-Reten-Social-Ultima.pdf\" class=\"pdfemb-viewer\" style=\"\" data-width=\"max\" data-height=\"max\" data-toolbar=\"bottom\" data-toolbar-fixed=\"on\">Lista-de-Elegibles-Reten-Social-Ultima<\/a>[\/et_pb_code][\/et_pb_column][\/et_pb_row][\/et_pb_section]<\/p>\n","protected":false},"excerpt":{"rendered":"<p>Estos docentes ser\u00e1n considerados en futuros procesos de selecci\u00f3n, especialmente cuando existan vacantes por proveer y no haya listas de elegibles en espera.Arauca, 10 de enero de 2024.\u00a0En cumplimiento de la Circular 24 del 21 de julio de 2023, emitida por el Viceministerio de Educaci\u00f3n Preescolar, B\u00e1sica y Media, la Secretar\u00eda de Educaci\u00f3n Departamental de [&hellip;]<\/p>\n","protected":false},"author":1,"featured_media":7877,"comment_status":"closed","ping_status":"closed","sticky":false,"template":"","format":"standard","meta":{"_et_pb_use_builder":"on","_et_pb_old_content":"","_et_gb_content_width":"","footnotes":""},"categories":[6],"tags":[],"class_list":["post-7876","post","type-post","status-publish","format-standard","has-post-thumbnail","hentry","category-noticias"],"_links":{"self":[{"href":"https:\/\/www.sedarauca.edu.co\/index.php\/wp-json\/wp\/v2\/posts\/7876","targetHints":{"allow":["GET"]}}],"collection":[{"href":"https:\/\/www.sedarauca.edu.co\/index.php\/wp-json\/wp\/v2\/posts"}],"about":[{"href":"https:\/\/www.sedarauca.edu.co\/index.php\/wp-json\/wp\/v2\/types\/post"}],"author":[{"embeddable":true,"href":"https:\/\/www.sedarauca.edu.co\/index.php\/wp-json\/wp\/v2\/users\/1"}],"replies":[{"embeddable":true,"href":"https:\/\/www.sedarauca.edu.co\/index.php\/wp-json\/wp\/v2\/comments?post=7876"}],"version-history":[{"count":9,"href":"https:\/\/www.sedarauca.edu.co\/index.php\/wp-json\/wp\/v2\/posts\/7876\/revisions"}],"predecessor-version":[{"id":7937,"href":"https:\/\/www.sedarauca.edu.co\/index.php\/wp-json\/wp\/v2\/posts\/7876\/revisions\/7937"}],"wp:featuredmedia":[{"embeddable":true,"href":"https:\/\/www.sedarauca.edu.co\/index.php\/wp-json\/wp\/v2\/media\/7877"}],"wp:attachment":[{"href":"https:\/\/www.sedarauca.edu.co\/index.php\/wp-json\/wp\/v2\/media?parent=7876"}],"wp:term":[{"taxonomy":"category","embeddable":true,"href":"https:\/\/www.sedarauca.edu.co\/index.php\/wp-json\/wp\/v2\/categories?post=7876"},{"taxonomy":"post_tag","embeddable":true,"href":"https:\/\/www.sedarauca.edu.co\/index.php\/wp-json\/wp\/v2\/tags?post=7876"}],"curies":[{"name":"wp","href":"https:\/\/api.w.org\/{rel}","templated":true}]}}