{"id":7810,"date":"2023-12-20T19:40:00","date_gmt":"2023-12-21T00:40:00","guid":{"rendered":"https:\/\/www.sedarauca.edu.co\/?p=7810"},"modified":"2023-12-21T16:54:35","modified_gmt":"2023-12-21T21:54:35","slug":"gobierno-nacional-presento-el-plan-de-accion-nacional-de-la-declaracion-sobre-escuelas-seguras-para-la-proteccion-de-la-ninez-y-la-juventud-en-escenarios-de-conflicto-armado","status":"publish","type":"post","link":"https:\/\/www.sedarauca.edu.co\/index.php\/2023\/12\/20\/gobierno-nacional-presento-el-plan-de-accion-nacional-de-la-declaracion-sobre-escuelas-seguras-para-la-proteccion-de-la-ninez-y-la-juventud-en-escenarios-de-conflicto-armado\/","title":{"rendered":"<strong>Gobierno Nacional present\u00f3 el Plan de Acci\u00f3n Nacional de la Declaraci\u00f3n sobre Escuelas Seguras para la protecci\u00f3n de la ni\u00f1ez y la juventud en escenarios de conflicto armado<\/strong>"},"content":{"rendered":"\n[et_pb_section fb_built=\u00bb1&#8243; theme_builder_area=\u00bbpost_content\u00bb _builder_version=\u00bb4.23.2&#8243; _module_preset=\u00bbdefault\u00bb][et_pb_row _builder_version=\u00bb4.23.2&#8243; _module_preset=\u00bbdefault\u00bb theme_builder_area=\u00bbpost_content\u00bb][et_pb_column _builder_version=\u00bb4.23.2&#8243; _module_preset=\u00bbdefault\u00bb type=\u00bb4_4&#8243; theme_builder_area=\u00bbpost_content\u00bb][et_pb_text _builder_version=\u00bb4.23.2&#8243; _module_preset=\u00bbdefault\u00bb theme_builder_area=\u00bbpost_content\u00bb custom_margin=\u00bb-40px||||false|false\u00bb hover_enabled=\u00bb0&#8243; sticky_enabled=\u00bb0&#8243;]<div class=\"x_elementToProof\" style=\"text-align: center;\"><span><i>Con el fin de garantizar el acceso y el derecho a la educaci\u00f3n en zonas de conflictos, el Estado se adhiri\u00f3 a la Declaraci\u00f3n sobre de Escuelas Seguras en noviembre 2022. Durante la vigencia 2023 se trabaj\u00f3 en la construcci\u00f3n de una ruta y un plan de acci\u00f3n que permita que estudiantes, docentes, directivos docentes, instituciones educativas e instituciones de educaci\u00f3n superior puedan estar protegidos en espacios educativos.<\/i><\/span><\/div>\n<div class=\"x_elementToProof\" style=\"text-align: center;\"><span><i>\u00a0<\/i><\/span><\/div>\n<ul data-editing-info=\"{&quot;orderedStyleType&quot;:1,&quot;unorderedStyleType&quot;:1}\">\n<li style=\"text-align: center;\"><span><i>La ministra Aurora Vergara Figueroa asever\u00f3 la necesidad de que las escuelas sean entornos protectores y seguros y el centro de la vida comunitaria donde los ni\u00f1os, ni\u00f1as y adolescentes puedan desarrollarse y formarse integralmente.<\/i><\/span><\/li>\n<li style=\"text-align: center;\"><span><i>En Colombia, durante 2023 m\u00e1s de 13.000 personas fueron afectadas por alg\u00fan tipo de evento realizado por actores armados que puso en peligro su vida o integridad en establecimientos educativos o de camino a las escuelas, en el 90% de los casos fueron estudiantes los afectados, seg\u00fan cifras del Consejo Noruego para Refugiados.<\/i><\/span><\/li>\n<\/ul>[\/et_pb_text][\/et_pb_column][\/et_pb_row][et_pb_row _builder_version=\u00bb4.23.2&#8243; _module_preset=\u00bbdefault\u00bb theme_builder_area=\u00bbpost_content\u00bb][et_pb_column _builder_version=\u00bb4.23.2&#8243; _module_preset=\u00bbdefault\u00bb type=\u00bb4_4&#8243; theme_builder_area=\u00bbpost_content\u00bb][et_pb_text _builder_version=\u00bb4.23.2&#8243; _module_preset=\u00bbdefault\u00bb theme_builder_area=\u00bbpost_content\u00bb custom_margin=\u00bb-20px||||false|false\u00bb hover_enabled=\u00bb0&#8243; sticky_enabled=\u00bb0&#8243;]<p class=\"x_elementToProof\" style=\"text-align: justify;\"><span><strong>Arauca (Arauca), 20 de diciembre de 2023<\/strong>.<\/span><span>\u00a0La ministra de Educaci\u00f3n, Aurora Vergara Figueroa, present\u00f3 hoy en Arauca, junto con el Ministerio de Relaciones Exteriores, el Plan de Acci\u00f3n Nacional de la Declaraci\u00f3n sobre Escuelas Seguras en zonas de conflicto que busca garantizar la continuidad de la educaci\u00f3n de la ni\u00f1ez, la adolescencia y la juventud; y fortalecer\u00e1 la protecci\u00f3n del derecho a la educaci\u00f3n.<\/span><\/p>\n<p style=\"text-align: justify;\"><span>\u00abLas escuelas deben ser entornos protectores y seguros, el centro de la vida comunitaria donde los ni\u00f1os, ni\u00f1as y adolescentes puedan desarrollarse y formarse integralmente. Como Gobierno instamos a que todas las rutas a las escuelas sean caminos, entornos de paz y reconciliaci\u00f3n por una ni\u00f1ez feliz y protegida\u00bb, expres\u00f3 la ministra Aurora Vergara.<\/span><\/p>\n<p style=\"text-align: justify;\"><span>\u00abSomos conscientes de los grandes desaf\u00edos que se han presentado para continuar con el curso de los espacios educativos que constantemente se interrumpen. Por lo tanto, en nombre del Gobierno emprendemos con determinaci\u00f3n las acciones que sean necesarias para la implementaci\u00f3n del plan, dirigidas a proteger a los ni\u00f1os, ni\u00f1as y adolescentes que se ven afectados por situaciones de violencia\u00bb, expres\u00f3 la Directora de Derechos Humanos y DIH del Ministerio de Relaciones Exteriores, Claudia Teresa C\u00e1ceres.<\/span><\/p>\n<p style=\"text-align: justify;\"><span>Durante el evento, se dieron a conocer datos recolectados por el Consejo Noruego para Refugiados (NRC), informe que se\u00f1ala que en 2023, se registraron en Arauca nueve eventos en los municipios de Arauquita, Puerto Rond\u00f3n, Saravena y Tame, donde salieron afectados 1.173 personas, 95% de ellos estudiantes. En el 66% de los casos, los ataques a la educaci\u00f3n ocurrieron en el camino entre el hogar y la escuela, por la presencia y sospecha de minas antipersonal, munici\u00f3n sin explosionar, trampas explosivas y artefactos explosivos improvisados.<\/span><\/p>\n<p class=\"x_elementToProof\" style=\"text-align: justify;\"><span>En Colombia, persisten los ataques contra instituciones educativas, estudiantes y el personal. Entre enero y noviembre de 2023, seg\u00fan el Consejo Noruego para Refugiados, al menos 13.311 personas (93% estudiantes) se vieron afectadas por 77 eventos en 10 departamentos que amenazaron su vida o integridad en escuelas o en el trayecto hacia estas, siendo el 58% en el camino a la escuela y el 42% dentro de la escuela. La mayor\u00eda de los ataques, han estado relacionados con minas antipersonal, municiones sin explosionar y ataques directos a las escuelas.<\/span><\/p>[\/et_pb_text][\/et_pb_column][\/et_pb_row][et_pb_row _builder_version=\u00bb4.23.2&#8243; _module_preset=\u00bbdefault\u00bb column_structure=\u00bb1_2,1_2&#8243; theme_builder_area=\u00bbpost_content\u00bb][et_pb_column _builder_version=\u00bb4.23.2&#8243; _module_preset=\u00bbdefault\u00bb type=\u00bb1_2&#8243; theme_builder_area=\u00bbpost_content\u00bb][et_pb_image src=\u00bbhttps:\/\/www.sedarauca.edu.co\/wp-content\/uploads\/2023\/12\/MEN01.jpg\u00bb _builder_version=\u00bb4.23.2&#8243; _module_preset=\u00bbdefault\u00bb theme_builder_area=\u00bbpost_content\u00bb title_text=\u00bbMEN01&#8243; hover_enabled=\u00bb0&#8243; sticky_enabled=\u00bb0&#8243;][\/et_pb_image][\/et_pb_column][et_pb_column _builder_version=\u00bb4.23.2&#8243; _module_preset=\u00bbdefault\u00bb type=\u00bb1_2&#8243; theme_builder_area=\u00bbpost_content\u00bb][et_pb_image src=\u00bbhttps:\/\/www.sedarauca.edu.co\/wp-content\/uploads\/2023\/12\/MEN02.jpg\u00bb _builder_version=\u00bb4.23.2&#8243; _module_preset=\u00bbdefault\u00bb theme_builder_area=\u00bbpost_content\u00bb title_text=\u00bbMEN02&#8243; hover_enabled=\u00bb0&#8243; sticky_enabled=\u00bb0&#8243;][\/et_pb_image][\/et_pb_column][\/et_pb_row][et_pb_row _builder_version=\u00bb4.23.2&#8243; _module_preset=\u00bbdefault\u00bb theme_builder_area=\u00bbpost_content\u00bb][et_pb_column _builder_version=\u00bb4.23.2&#8243; _module_preset=\u00bbdefault\u00bb type=\u00bb4_4&#8243; theme_builder_area=\u00bbpost_content\u00bb][et_pb_text _builder_version=\u00bb4.23.2&#8243; _module_preset=\u00bbdefault\u00bb theme_builder_area=\u00bbpost_content\u00bb hover_enabled=\u00bb0&#8243; sticky_enabled=\u00bb0&#8243;]<p class=\"x_elementToProof\" style=\"text-align: justify;\"><span>\u00abAqu\u00ed se nos abre una oportunidad como pa\u00eds para que la educaci\u00f3n y la paz se materialicen como un mismo proyecto, que toda la ciudadan\u00eda tenga presente que cada escuela necesita reflejar la dignidad de los estudiantes. Vamos a desarrollar las acciones correspondientes para implementar los compromisos de todos los actores y entender el momento hist\u00f3rico que vive el pa\u00eds\u00bb, manifest\u00f3 la Ministra.<\/span><\/p>\n<p style=\"text-align: justify;\"><span>As\u00ed, el Estado Colombiano se adhiri\u00f3 a la Declaraci\u00f3n sobre Escuelas Seguras iniciativa que surgi\u00f3 como un compromiso de diferentes Estados en conferencia celebrada en Oslo, Noruega para la protecci\u00f3n de escuelas como territorios de paz. Actualmente, se han adherido 118 pa\u00edses a esta Declaraci\u00f3n que para su implementaci\u00f3n se estableci\u00f3 un\u00a0<\/span><span>Plan de Acci\u00f3n Nacional<\/span><span>\u00a0sobre Escuelas Seguras con el concurso de distintas entidades del orden nacional.<\/span><\/p>\n<p style=\"text-align: justify;\"><span>Es necesario resaltar que se cont\u00f3 con la colaboraci\u00f3n de 22 entidades del Gobierno Nacional que hacen parte de la Comisi\u00f3n Intersectorial de Prevenci\u00f3n del reclutamiento, uso, utilizaci\u00f3n y violencia en contra los ni\u00f1os, ni\u00f1as y adolescentes (CIPRUNNA), el Comit\u00e9 Internacional de la Cruz Roja en Colombia y el Equipo Especial de la Resoluci\u00f3n No.1612 del Consejo de Seguridad de las Naciones Unidas. Previo a este evento, el borrador del Plan de Acci\u00f3n fue socializado con organizaciones de la sociedad civil.<\/span><\/p>\n<p style=\"text-align: justify;\"><span>Adem\u00e1s, para este prop\u00f3sito participan tambi\u00e9n la Consejer\u00eda Presidencial para los Derechos Humanos y Derecho Internacional Humanitario (DIH), el Ministerio de Defensa Nacional, el Ej\u00e9rcito, la Polic\u00eda, Infanter\u00eda de Marina, el Ministerio de Relaciones Exteriores, el Ministerio de Educaci\u00f3n Nacional, la Defensor\u00eda del Pueblo, el Departamento Nacional de Planeaci\u00f3n, el Instituto Colombiano de Bienestar Familiar (ICBF), la Unicef, el Consejo Noruego,\u00a0<i>Save the Children<\/i>, Acci\u00f3n Humanitaria, la Universidad Nacional, el Alto Comisionados para la paz, alcald\u00edas y gobernaciones, Defensor\u00eda del Pueblo, la OIM, la Procuradur\u00eda General y la Embajada de Noruega, entre otros.<\/span><\/p>\n<p style=\"text-align: justify;\"><span>\u00abEl principal logro de este plan es articular una fuerza institucional tan poderosa, donde todos estemos comprometidos desde diferentes niveles para que este plan empiece a materializarse en todo el pa\u00eds y trabajemos unidos para que las trayectorias educativas completas y por eso tambi\u00e9n nos produce mucha satisfacci\u00f3n que la Universidad en tu Territorio est\u00e9 llegando al Arauca a trav\u00e9s de la Universidad Nacional con programas que respondan a las necesidades de los territorios y de los j\u00f3venes\u00bb, concluy\u00f3 la jefe de la cartera educativa.<\/span><\/p>[\/et_pb_text][\/et_pb_column][\/et_pb_row][et_pb_row _builder_version=\u00bb4.23.2&#8243; _module_preset=\u00bbdefault\u00bb column_structure=\u00bb1_2,1_2&#8243; theme_builder_area=\u00bbpost_content\u00bb][et_pb_column _builder_version=\u00bb4.23.2&#8243; _module_preset=\u00bbdefault\u00bb type=\u00bb1_2&#8243; theme_builder_area=\u00bbpost_content\u00bb][et_pb_image src=\u00bbhttps:\/\/www.sedarauca.edu.co\/wp-content\/uploads\/2023\/12\/MEN03.jpg\u00bb _builder_version=\u00bb4.23.2&#8243; _module_preset=\u00bbdefault\u00bb theme_builder_area=\u00bbpost_content\u00bb title_text=\u00bbMEN03&#8243; hover_enabled=\u00bb0&#8243; sticky_enabled=\u00bb0&#8243;][\/et_pb_image][\/et_pb_column][et_pb_column _builder_version=\u00bb4.23.2&#8243; _module_preset=\u00bbdefault\u00bb type=\u00bb1_2&#8243; theme_builder_area=\u00bbpost_content\u00bb][et_pb_image src=\u00bbhttps:\/\/www.sedarauca.edu.co\/wp-content\/uploads\/2023\/12\/MEN04.jpg\u00bb _builder_version=\u00bb4.23.2&#8243; _module_preset=\u00bbdefault\u00bb theme_builder_area=\u00bbpost_content\u00bb title_text=\u00bbMEN04&#8243; hover_enabled=\u00bb0&#8243; sticky_enabled=\u00bb0&#8243;][\/et_pb_image][\/et_pb_column][\/et_pb_row][et_pb_row _builder_version=\u00bb4.23.2&#8243; _module_preset=\u00bbdefault\u00bb theme_builder_area=\u00bbpost_content\u00bb][et_pb_column _builder_version=\u00bb4.23.2&#8243; _module_preset=\u00bbdefault\u00bb type=\u00bb4_4&#8243; theme_builder_area=\u00bbpost_content\u00bb][et_pb_text _builder_version=\u00bb4.23.2&#8243; _module_preset=\u00bbdefault\u00bb theme_builder_area=\u00bbpost_content\u00bb hover_enabled=\u00bb0&#8243; sticky_enabled=\u00bb0&#8243;]<p class=\"x_elementToProof\" style=\"text-align: justify;\"><strong>Actividades del Plan de Acci\u00f3n<\/strong><\/p>\n<p class=\"x_elementToProof\" style=\"text-align: justify;\"><span>Este\u00a0<u><a href=\"https:\/\/www.mineducacion.gov.co\/1780\/articles-418408_archivo_pdf.pdf\" target=\"_blank\" rel=\"noopener noreferrer\" data-auth=\"NotApplicable\" id=\"OWAb4488aed-f814-a517-6c27-5bbd4dfd0231\" class=\"x_OWAAutoLink\" data-loopstyle=\"linkonly\" data-linkindex=\"0\" previewlistener=\"true\">documento plantea<\/a><\/u>\u00a0nueve acciones a desarrollar que se consagran de la siguiente manera: identi\ufb01car las Escuelas e Instituciones de Educaci\u00f3n Superior que se han visto afectadas por el con\ufb02icto armado. Implementar programas de capacitaci\u00f3n con talleres, mesas de trabajo y con comunidades para la identi\ufb01caci\u00f3n, prevenci\u00f3n, reducci\u00f3n y respuesta a los riesgos que ponen en peligro o amenazan el derecho a la educaci\u00f3n de los ni\u00f1os, ni\u00f1as, adolescentes y j\u00f3venes en contextos de con\ufb02icto.<\/span><\/p>\n<p style=\"text-align: justify;\"><span>De otro lado, fortalecer la infraestructura y dotaci\u00f3n de instituciones educativas que se encuentren con afectaci\u00f3n, para la generaci\u00f3n de entornos protectores y seguros. Generar acciones de educaci\u00f3n para la prevenci\u00f3n frente al riesgo de minas. Desarrollar directrices para la prevenci\u00f3n del uso militar de escuelas e IES. Promover mecanismos de reporte y seguimiento, as\u00ed como la cooperaci\u00f3n sobre la implementaci\u00f3n de la Declaraci\u00f3n sobre Escuelas Seguras.<\/span><\/p>\n<p style=\"text-align: justify;\"><span>Igualmente, el Plan prev\u00e9 la implementaci\u00f3n de mecanismos de investigaci\u00f3n ante las denuncias sobre infracciones de las normas nacionales e internacionales aplicables en materia de Derechos Humanos y Derecho Internacional Humanitario. As\u00ed mismo, establecer herramientas para dar asistencia y atenci\u00f3n a las v\u00edctimas de los ataques ocasionados a escuelas e instituciones de educaci\u00f3n superior, sin discriminaci\u00f3n alguna.<\/span><\/p>[\/et_pb_text][\/et_pb_column][\/et_pb_row][et_pb_row _builder_version=\u00bb4.23.2&#8243; _module_preset=\u00bbdefault\u00bb column_structure=\u00bb1_2,1_2&#8243; theme_builder_area=\u00bbpost_content\u00bb][et_pb_column _builder_version=\u00bb4.23.2&#8243; _module_preset=\u00bbdefault\u00bb type=\u00bb1_2&#8243; theme_builder_area=\u00bbpost_content\u00bb][et_pb_image src=\u00bbhttps:\/\/www.sedarauca.edu.co\/wp-content\/uploads\/2023\/12\/MEN05.jpg\u00bb _builder_version=\u00bb4.23.2&#8243; _module_preset=\u00bbdefault\u00bb theme_builder_area=\u00bbpost_content\u00bb title_text=\u00bbMEN05&#8243; hover_enabled=\u00bb0&#8243; sticky_enabled=\u00bb0&#8243;][\/et_pb_image][\/et_pb_column][et_pb_column _builder_version=\u00bb4.23.2&#8243; _module_preset=\u00bbdefault\u00bb type=\u00bb1_2&#8243; theme_builder_area=\u00bbpost_content\u00bb][et_pb_image src=\u00bbhttps:\/\/www.sedarauca.edu.co\/wp-content\/uploads\/2023\/12\/MEN06.jpg\u00bb _builder_version=\u00bb4.23.2&#8243; _module_preset=\u00bbdefault\u00bb theme_builder_area=\u00bbpost_content\u00bb title_text=\u00bbMEN06&#8243; hover_enabled=\u00bb0&#8243; sticky_enabled=\u00bb0&#8243;][\/et_pb_image][\/et_pb_column][\/et_pb_row][et_pb_row _builder_version=\u00bb4.23.2&#8243; _module_preset=\u00bbdefault\u00bb theme_builder_area=\u00bbpost_content\u00bb][et_pb_column _builder_version=\u00bb4.23.2&#8243; _module_preset=\u00bbdefault\u00bb type=\u00bb4_4&#8243; theme_builder_area=\u00bbpost_content\u00bb][et_pb_text _builder_version=\u00bb4.23.2&#8243; _module_preset=\u00bbdefault\u00bb theme_builder_area=\u00bbpost_content\u00bb hover_enabled=\u00bb0&#8243; sticky_enabled=\u00bb0&#8243;]<p style=\"text-align: justify;\"><span>Por otraparte, se desarrollar\u00e1n mesas de trabajo con los entornos protectores (estudiantes, docentes, familias y comunidad) para que participen en procesos de pedagog\u00eda y aporten con sus experiencias y vivencias.<\/span><\/p>\n<p class=\"x_elementToProof\" style=\"text-align: justify;\"><span>Con actividades inmediatas que se deber\u00e1n adoptar desde cada una de las entidades, las acciones propuestas sientan las bases para cumplir con los compromisos de implementaci\u00f3n de la Declaraci\u00f3n.<\/span><\/p>\n<p class=\"x_elementToProof\" style=\"text-align: justify;\"><span>En la presentaci\u00f3n del Plan de Acci\u00f3n en Arauca se cont\u00f3 adem\u00e1s con la presencia de representantes del Ministerio de Defensa; el gobernador (e) de Arauca, Willinton Rodr\u00edguez Benavides; el secretario de Educaci\u00f3n, Marceliano Guerrero Alvarado, funcionarios, comunidad educativa y organismos de cooperaci\u00f3n internacional y local.<\/span><\/p>\n<p class=\"x_elementToProof\" style=\"text-align: justify;\"><span>As\u00ed, bajo el liderazgo del Presidente Gustavo Petro, el Gobierno reafirma su firme compromiso con la continuidad de la educaci\u00f3n en cada rinc\u00f3n del pa\u00eds, asegurando a ni\u00f1os, ni\u00f1as y j\u00f3venes el pleno ejercicio de su derecho a acceder a una educaci\u00f3n de calidad y pertinente para su formaci\u00f3n integral y desarrollo personal a lo largo de su trayectoria de vida.<\/span><\/p>[\/et_pb_text][\/et_pb_column][\/et_pb_row][\/et_pb_section]\n","protected":false},"excerpt":{"rendered":"<p>Con el fin de garantizar el acceso y el derecho a la educaci\u00f3n en zonas de conflictos, el Estado se adhiri\u00f3 a la Declaraci\u00f3n sobre de Escuelas Seguras en noviembre 2022. Durante la vigencia 2023 se trabaj\u00f3 en la construcci\u00f3n de una ruta y un plan de acci\u00f3n que permita que estudiantes, docentes, directivos docentes, [&hellip;]<\/p>\n","protected":false},"author":1,"featured_media":7811,"comment_status":"closed","ping_status":"closed","sticky":false,"template":"","format":"standard","meta":{"_et_pb_use_builder":"on","_et_pb_old_content":"","_et_gb_content_width":"","footnotes":""},"categories":[42,6],"tags":[],"class_list":["post-7810","post","type-post","status-publish","format-standard","has-post-thumbnail","hentry","category-men","category-noticias"],"_links":{"self":[{"href":"https:\/\/www.sedarauca.edu.co\/index.php\/wp-json\/wp\/v2\/posts\/7810","targetHints":{"allow":["GET"]}}],"collection":[{"href":"https:\/\/www.sedarauca.edu.co\/index.php\/wp-json\/wp\/v2\/posts"}],"about":[{"href":"https:\/\/www.sedarauca.edu.co\/index.php\/wp-json\/wp\/v2\/types\/post"}],"author":[{"embeddable":true,"href":"https:\/\/www.sedarauca.edu.co\/index.php\/wp-json\/wp\/v2\/users\/1"}],"replies":[{"embeddable":true,"href":"https:\/\/www.sedarauca.edu.co\/index.php\/wp-json\/wp\/v2\/comments?post=7810"}],"version-history":[{"count":4,"href":"https:\/\/www.sedarauca.edu.co\/index.php\/wp-json\/wp\/v2\/posts\/7810\/revisions"}],"predecessor-version":[{"id":7822,"href":"https:\/\/www.sedarauca.edu.co\/index.php\/wp-json\/wp\/v2\/posts\/7810\/revisions\/7822"}],"wp:featuredmedia":[{"embeddable":true,"href":"https:\/\/www.sedarauca.edu.co\/index.php\/wp-json\/wp\/v2\/media\/7811"}],"wp:attachment":[{"href":"https:\/\/www.sedarauca.edu.co\/index.php\/wp-json\/wp\/v2\/media?parent=7810"}],"wp:term":[{"taxonomy":"category","embeddable":true,"href":"https:\/\/www.sedarauca.edu.co\/index.php\/wp-json\/wp\/v2\/categories?post=7810"},{"taxonomy":"post_tag","embeddable":true,"href":"https:\/\/www.sedarauca.edu.co\/index.php\/wp-json\/wp\/v2\/tags?post=7810"}],"curies":[{"name":"wp","href":"https:\/\/api.w.org\/{rel}","templated":true}]}}