{"id":7784,"date":"2023-12-13T14:49:00","date_gmt":"2023-12-13T19:49:00","guid":{"rendered":"https:\/\/www.sedarauca.edu.co\/?p=7784"},"modified":"2023-12-15T20:08:46","modified_gmt":"2023-12-16T01:08:46","slug":"390-jovenes-becados-por-la-gobernacion-de-arauca-recibieron-sus-titulos-como-tecnicos-laborales-en-areas-de-la-salud","status":"publish","type":"post","link":"https:\/\/www.sedarauca.edu.co\/index.php\/2023\/12\/13\/390-jovenes-becados-por-la-gobernacion-de-arauca-recibieron-sus-titulos-como-tecnicos-laborales-en-areas-de-la-salud\/","title":{"rendered":"<strong>390 j\u00f3venes becados por la Gobernaci\u00f3n de Arauca recibieron sus t\u00edtulos como t\u00e9cnicos laborales en \u00e1reas de la salud<\/strong>"},"content":{"rendered":"\n[et_pb_section fb_built=\u00bb1&#8243; theme_builder_area=\u00bbpost_content\u00bb _builder_version=\u00bb4.23.1&#8243; _module_preset=\u00bbdefault\u00bb][et_pb_row _builder_version=\u00bb4.23.1&#8243; _module_preset=\u00bbdefault\u00bb theme_builder_area=\u00bbpost_content\u00bb][et_pb_column _builder_version=\u00bb4.23.1&#8243; _module_preset=\u00bbdefault\u00bb type=\u00bb4_4&#8243; theme_builder_area=\u00bbpost_content\u00bb][et_pb_text _builder_version=\u00bb4.23.1&#8243; _module_preset=\u00bbdefault\u00bb theme_builder_area=\u00bbpost_content\u00bb custom_margin=\u00bb-50px||||false|false\u00bb hover_enabled=\u00bb0&#8243; sticky_enabled=\u00bb0&#8243;]<p style=\"text-align: center;\"><i>Con \u00e9xito se cumpli\u00f3 el programa de Educaci\u00f3n Gratuita en el departamento de \u00a0Arauca, liderado por la Secretar\u00eda de Educaci\u00f3n Departamental.\u00a0<\/i><\/p>[\/et_pb_text][\/et_pb_column][\/et_pb_row][et_pb_row _builder_version=\u00bb4.23.1&#8243; _module_preset=\u00bbdefault\u00bb theme_builder_area=\u00bbpost_content\u00bb custom_margin=\u00bb-30px||||false|false\u00bb hover_enabled=\u00bb0&#8243; sticky_enabled=\u00bb0&#8243;][et_pb_column _builder_version=\u00bb4.23.1&#8243; _module_preset=\u00bbdefault\u00bb type=\u00bb4_4&#8243; theme_builder_area=\u00bbpost_content\u00bb][et_pb_text _builder_version=\u00bb4.23.1&#8243; _module_preset=\u00bbdefault\u00bb theme_builder_area=\u00bbpost_content\u00bb hover_enabled=\u00bb0&#8243; sticky_enabled=\u00bb0&#8243;]<p style=\"text-align: justify;\"><span><b>Arauca, 12 de diciembre de 2023<\/b>\u00a0\u2013 El proyecto de Educaci\u00f3n Gratuita, gestado por el Gobierno Departamental \u00abConstruyendo Futuro\u00bb y ejecutado a trav\u00e9s del Centro de Capacitaci\u00f3n Social y Preparaci\u00f3n Objetiva \u2013 CEDECSPRO, ha culminado con el logro de la graduaci\u00f3n de 390 j\u00f3venes araucanos, quienes ahora ostentan el t\u00edtulo de T\u00e9cnicos Laborales en Enfermer\u00eda, Salud P\u00fablica, Servicios Farmac\u00e9uticos y Administrativos en Salud.\u00a0<\/span><\/p>\n<p style=\"text-align: justify;\"><span>De esta forma la Secretar\u00eda de Educaci\u00f3n Departamental cumple con su apuesta de fortalecer el acceso a oportunidades educativas para bachilleres de estrato 1, 2 y 3, mediante una inversi\u00f3n significativa de $1.800 millones de pesos. Gracias a este proyecto, j\u00f3venes y adultos de los municipios de Tame, Arauca, Arauquita y Saravena tuvieron la oportunidad de estudiar y prepararse para el trabajo y el desarrollo humano de manera gratuita, sin endeudamiento.\u00a0<\/span><\/p>\n<p class=\"x_elementToProof\" style=\"text-align: justify;\"><span>La distribuci\u00f3n de graduados es la siguiente: 120 en el municipio de Arauca, 120 en Saravena, 90 en Tame y 60 en Arauquita. Este logro refleja no solo el \u00e9xito acad\u00e9mico de nuestros graduados, sino tambi\u00e9n el cumplimiento cabal del compromiso del Gobierno Departamental de \u00abConstruir Futuro con Educaci\u00f3n\u00bb.\u00a0<\/span><\/p>\n<p style=\"text-align: justify;\"><span>\u201cFelicitamos con orgullo a cada uno de los graduados por su dedicaci\u00f3n y logros, reconociendo su esfuerzo y determinaci\u00f3n. Agradecemos a la comunidad por su apoyo continuo a la educaci\u00f3n en Arauca, demostrando que el compromiso con la formaci\u00f3n y el desarrollo es fundamental para la construcci\u00f3n de un futuro s\u00f3lido\u201d, expres\u00f3 el secretario de Educaci\u00f3n Departamental Marceliano Guerrero Alvarado.\u00a0<\/span><\/p>[\/et_pb_text][\/et_pb_column][\/et_pb_row][et_pb_row _builder_version=\u00bb4.23.1&#8243; _module_preset=\u00bbdefault\u00bb column_structure=\u00bb1_2,1_2&#8243; theme_builder_area=\u00bbpost_content\u00bb][et_pb_column _builder_version=\u00bb4.23.1&#8243; _module_preset=\u00bbdefault\u00bb type=\u00bb1_2&#8243; theme_builder_area=\u00bbpost_content\u00bb][et_pb_image src=\u00bbhttps:\/\/www.sedarauca.edu.co\/wp-content\/uploads\/2023\/12\/ARAUC.jpg\u00bb _builder_version=\u00bb4.23.1&#8243; _module_preset=\u00bbdefault\u00bb theme_builder_area=\u00bbpost_content\u00bb title_text=\u00bbARAUC\u00bb hover_enabled=\u00bb0&#8243; sticky_enabled=\u00bb0&#8243;][\/et_pb_image][\/et_pb_column][et_pb_column _builder_version=\u00bb4.23.1&#8243; _module_preset=\u00bbdefault\u00bb type=\u00bb1_2&#8243; theme_builder_area=\u00bbpost_content\u00bb][et_pb_image src=\u00bbhttps:\/\/www.sedarauca.edu.co\/wp-content\/uploads\/2023\/12\/ARAUQUITA-3.jpg\u00bb _builder_version=\u00bb4.23.1&#8243; _module_preset=\u00bbdefault\u00bb theme_builder_area=\u00bbpost_content\u00bb title_text=\u00bbARAUQUITA 3&#8243; hover_enabled=\u00bb0&#8243; sticky_enabled=\u00bb0&#8243;][\/et_pb_image][\/et_pb_column][\/et_pb_row][et_pb_row _builder_version=\u00bb4.23.1&#8243; _module_preset=\u00bbdefault\u00bb column_structure=\u00bb1_2,1_2&#8243; theme_builder_area=\u00bbpost_content\u00bb][et_pb_column _builder_version=\u00bb4.23.1&#8243; _module_preset=\u00bbdefault\u00bb type=\u00bb1_2&#8243; theme_builder_area=\u00bbpost_content\u00bb][et_pb_image src=\u00bbhttps:\/\/www.sedarauca.edu.co\/wp-content\/uploads\/2023\/12\/SARAVENA.jpg\u00bb _builder_version=\u00bb4.23.1&#8243; _module_preset=\u00bbdefault\u00bb theme_builder_area=\u00bbpost_content\u00bb title_text=\u00bbSARAVENA\u00bb hover_enabled=\u00bb0&#8243; sticky_enabled=\u00bb0&#8243;][\/et_pb_image][\/et_pb_column][et_pb_column _builder_version=\u00bb4.23.1&#8243; _module_preset=\u00bbdefault\u00bb type=\u00bb1_2&#8243; theme_builder_area=\u00bbpost_content\u00bb][et_pb_image src=\u00bbhttps:\/\/www.sedarauca.edu.co\/wp-content\/uploads\/2023\/12\/SARAVENA-4.jpg\u00bb _builder_version=\u00bb4.23.1&#8243; _module_preset=\u00bbdefault\u00bb theme_builder_area=\u00bbpost_content\u00bb title_text=\u00bbSARAVENA 4&#8243; hover_enabled=\u00bb0&#8243; sticky_enabled=\u00bb0&#8243;][\/et_pb_image][\/et_pb_column][\/et_pb_row][et_pb_row _builder_version=\u00bb4.23.1&#8243; _module_preset=\u00bbdefault\u00bb column_structure=\u00bb1_2,1_2&#8243; theme_builder_area=\u00bbpost_content\u00bb][et_pb_column _builder_version=\u00bb4.23.1&#8243; _module_preset=\u00bbdefault\u00bb type=\u00bb1_2&#8243; theme_builder_area=\u00bbpost_content\u00bb][et_pb_image src=\u00bbhttps:\/\/www.sedarauca.edu.co\/wp-content\/uploads\/2023\/12\/Tame-3.jpg\u00bb _builder_version=\u00bb4.23.1&#8243; _module_preset=\u00bbdefault\u00bb theme_builder_area=\u00bbpost_content\u00bb title_text=\u00bbTame 3&#8243; hover_enabled=\u00bb0&#8243; sticky_enabled=\u00bb0&#8243;][\/et_pb_image][\/et_pb_column][et_pb_column _builder_version=\u00bb4.23.1&#8243; _module_preset=\u00bbdefault\u00bb type=\u00bb1_2&#8243; theme_builder_area=\u00bbpost_content\u00bb][et_pb_image src=\u00bbhttps:\/\/www.sedarauca.edu.co\/wp-content\/uploads\/2023\/12\/tame-2.jpg\u00bb _builder_version=\u00bb4.23.1&#8243; _module_preset=\u00bbdefault\u00bb theme_builder_area=\u00bbpost_content\u00bb title_text=\u00bbtame 2&#8243; hover_enabled=\u00bb0&#8243; sticky_enabled=\u00bb0&#8243;][\/et_pb_image][\/et_pb_column][\/et_pb_row][et_pb_row _builder_version=\u00bb4.23.1&#8243; _module_preset=\u00bbdefault\u00bb column_structure=\u00bb1_2,1_2&#8243; theme_builder_area=\u00bbpost_content\u00bb][et_pb_column _builder_version=\u00bb4.23.1&#8243; _module_preset=\u00bbdefault\u00bb type=\u00bb1_2&#8243; theme_builder_area=\u00bbpost_content\u00bb][et_pb_image src=\u00bbhttps:\/\/www.sedarauca.edu.co\/wp-content\/uploads\/2023\/12\/ARAUQUITA.jpg\u00bb _builder_version=\u00bb4.23.1&#8243; _module_preset=\u00bbdefault\u00bb theme_builder_area=\u00bbpost_content\u00bb title_text=\u00bbARAUQUITA\u00bb hover_enabled=\u00bb0&#8243; sticky_enabled=\u00bb0&#8243;][\/et_pb_image][\/et_pb_column][et_pb_column _builder_version=\u00bb4.23.1&#8243; _module_preset=\u00bbdefault\u00bb type=\u00bb1_2&#8243; theme_builder_area=\u00bbpost_content\u00bb][et_pb_image src=\u00bbhttps:\/\/www.sedarauca.edu.co\/wp-content\/uploads\/2023\/12\/ARAUQUITA-2.jpg\u00bb _builder_version=\u00bb4.23.1&#8243; _module_preset=\u00bbdefault\u00bb theme_builder_area=\u00bbpost_content\u00bb title_text=\u00bbARAUQUITA 2&#8243; hover_enabled=\u00bb0&#8243; sticky_enabled=\u00bb0&#8243;][\/et_pb_image][\/et_pb_column][\/et_pb_row][\/et_pb_section]\n","protected":false},"excerpt":{"rendered":"<p>Con \u00e9xito se cumpli\u00f3 el programa de Educaci\u00f3n Gratuita en el departamento de \u00a0Arauca, liderado por la Secretar\u00eda de Educaci\u00f3n Departamental.\u00a0Arauca, 12 de diciembre de 2023\u00a0\u2013 El proyecto de Educaci\u00f3n Gratuita, gestado por el Gobierno Departamental \u00abConstruyendo Futuro\u00bb y ejecutado a trav\u00e9s del Centro de Capacitaci\u00f3n Social y Preparaci\u00f3n Objetiva \u2013 CEDECSPRO, ha culminado con [&hellip;]<\/p>\n","protected":false},"author":1,"featured_media":7785,"comment_status":"closed","ping_status":"closed","sticky":false,"template":"","format":"standard","meta":{"_et_pb_use_builder":"on","_et_pb_old_content":"","_et_gb_content_width":"","footnotes":""},"categories":[6],"tags":[],"class_list":["post-7784","post","type-post","status-publish","format-standard","has-post-thumbnail","hentry","category-noticias"],"_links":{"self":[{"href":"https:\/\/www.sedarauca.edu.co\/index.php\/wp-json\/wp\/v2\/posts\/7784","targetHints":{"allow":["GET"]}}],"collection":[{"href":"https:\/\/www.sedarauca.edu.co\/index.php\/wp-json\/wp\/v2\/posts"}],"about":[{"href":"https:\/\/www.sedarauca.edu.co\/index.php\/wp-json\/wp\/v2\/types\/post"}],"author":[{"embeddable":true,"href":"https:\/\/www.sedarauca.edu.co\/index.php\/wp-json\/wp\/v2\/users\/1"}],"replies":[{"embeddable":true,"href":"https:\/\/www.sedarauca.edu.co\/index.php\/wp-json\/wp\/v2\/comments?post=7784"}],"version-history":[{"count":4,"href":"https:\/\/www.sedarauca.edu.co\/index.php\/wp-json\/wp\/v2\/posts\/7784\/revisions"}],"predecessor-version":[{"id":7800,"href":"https:\/\/www.sedarauca.edu.co\/index.php\/wp-json\/wp\/v2\/posts\/7784\/revisions\/7800"}],"wp:featuredmedia":[{"embeddable":true,"href":"https:\/\/www.sedarauca.edu.co\/index.php\/wp-json\/wp\/v2\/media\/7785"}],"wp:attachment":[{"href":"https:\/\/www.sedarauca.edu.co\/index.php\/wp-json\/wp\/v2\/media?parent=7784"}],"wp:term":[{"taxonomy":"category","embeddable":true,"href":"https:\/\/www.sedarauca.edu.co\/index.php\/wp-json\/wp\/v2\/categories?post=7784"},{"taxonomy":"post_tag","embeddable":true,"href":"https:\/\/www.sedarauca.edu.co\/index.php\/wp-json\/wp\/v2\/tags?post=7784"}],"curies":[{"name":"wp","href":"https:\/\/api.w.org\/{rel}","templated":true}]}}