{"id":7743,"date":"2023-12-05T16:11:00","date_gmt":"2023-12-05T21:11:00","guid":{"rendered":"https:\/\/www.sedarauca.edu.co\/?p=7743"},"modified":"2023-12-05T17:21:08","modified_gmt":"2023-12-05T22:21:08","slug":"direccion-territorial-de-la-esap-sera-una-realidad-en-arauca-con-bien-inmueble-que-le-cede-la-gobernacion-y-cuya-escritura-se-firmo-hoy","status":"publish","type":"post","link":"https:\/\/www.sedarauca.edu.co\/index.php\/2023\/12\/05\/direccion-territorial-de-la-esap-sera-una-realidad-en-arauca-con-bien-inmueble-que-le-cede-la-gobernacion-y-cuya-escritura-se-firmo-hoy\/","title":{"rendered":"<strong>Direcci\u00f3n territorial de la ESAP ser\u00e1 una realidad en Arauca, con bien inmueble que le cede la Gobernaci\u00f3n y cuya escritura se firm\u00f3 hoy<\/strong>"},"content":{"rendered":"<p>[et_pb_section fb_built=\u00bb1&#8243; theme_builder_area=\u00bbpost_content\u00bb _builder_version=\u00bb4.23.1&#8243; _module_preset=\u00bbdefault\u00bb da_is_popup=\u00bboff\u00bb da_exit_intent=\u00bboff\u00bb da_has_close=\u00bbon\u00bb da_alt_close=\u00bboff\u00bb da_dark_close=\u00bboff\u00bb da_not_modal=\u00bbon\u00bb da_is_singular=\u00bboff\u00bb da_with_loader=\u00bboff\u00bb da_has_shadow=\u00bbon\u00bb da_disable_devices=\u00bboff|off|off\u00bb][et_pb_row _builder_version=\u00bb4.23.1&#8243; _module_preset=\u00bbdefault\u00bb theme_builder_area=\u00bbpost_content\u00bb][et_pb_column _builder_version=\u00bb4.23.1&#8243; _module_preset=\u00bbdefault\u00bb type=\u00bb4_4&#8243; theme_builder_area=\u00bbpost_content\u00bb][et_pb_text _builder_version=\u00bb4.23.1&#8243; _module_preset=\u00bbdefault\u00bb theme_builder_area=\u00bbpost_content\u00bb custom_margin=\u00bb-40px||||false|false\u00bb hover_enabled=\u00bb0&#8243; sticky_enabled=\u00bb0&#8243;]<\/p>\n<p style=\"text-align: center;\"><em>\u2022 Se hace realidad el sue\u00f1o que hemos tenido los araucanos a lo largo de 30 a\u00f1os para consolidar una direcci\u00f3n territorial que permitir\u00e1 mejorar en t\u00e9rminos administrativos, institucionales y de educaci\u00f3n superior.<\/em><br \/><em>\u00a0<\/em><br \/><em>\u2022 Oportunidad de los bachilleres araucanos para acceder a la educaci\u00f3n superior. Se aumentar\u00e1 la oferta de posgrados, especializaciones y maestr\u00edas en Administraci\u00f3n P\u00fablica y Derechos Humanos.<\/em><\/p>\n<p>[\/et_pb_text][\/et_pb_column][\/et_pb_row][et_pb_row _builder_version=\u00bb4.23.1&#8243; _module_preset=\u00bbdefault\u00bb theme_builder_area=\u00bbpost_content\u00bb][et_pb_column _builder_version=\u00bb4.23.1&#8243; _module_preset=\u00bbdefault\u00bb type=\u00bb4_4&#8243; theme_builder_area=\u00bbpost_content\u00bb][et_pb_text _builder_version=\u00bb4.23.1&#8243; _module_preset=\u00bbdefault\u00bb theme_builder_area=\u00bbpost_content\u00bb custom_margin=\u00bb-10px||||false|false\u00bb hover_enabled=\u00bb0&#8243; sticky_enabled=\u00bb0&#8243;]<\/p>\n<p style=\"text-align: justify;\"><strong>Arauca, 05 de diciembre de 2023.-<\/strong> Acompa\u00f1ado del director nacional de la Escuela Superior de Administraci\u00f3n P\u00fablica &#8211; ESAP, Jorge Iv\u00e1n Bula Escobar, el gobernador encargado de Arauca, Wilinton Rodr\u00edguez Benavidez, firm\u00f3 las escrituras p\u00fablicas, para la entrega formal del predio de propiedad de la Gobernaci\u00f3n, lo que permitir\u00e1 invertir en la sede territorial de la instituci\u00f3n.<\/p>\n<p>De acuerdo con el mandatario seccional, su Administraci\u00f3n sigue entregando resultados al pie de la letra, pues se trata de una oportunidad para que los araucanos puedan iniciar su carrera de administraci\u00f3n p\u00fablica y hacerse profesionales directamente en el territorio.<\/p>\n<p>[\/et_pb_text][\/et_pb_column][\/et_pb_row][et_pb_row _builder_version=\u00bb4.23.1&#8243; _module_preset=\u00bbdefault\u00bb column_structure=\u00bb1_2,1_2&#8243; theme_builder_area=\u00bbpost_content\u00bb][et_pb_column _builder_version=\u00bb4.23.1&#8243; _module_preset=\u00bbdefault\u00bb type=\u00bb1_2&#8243; theme_builder_area=\u00bbpost_content\u00bb][et_pb_image src=\u00bbhttps:\/\/www.sedarauca.edu.co\/wp-content\/uploads\/2023\/12\/Esap003.jpg\u00bb _builder_version=\u00bb4.23.1&#8243; _module_preset=\u00bbdefault\u00bb theme_builder_area=\u00bbpost_content\u00bb title_text=\u00bbEsap003&#8243; hover_enabled=\u00bb0&#8243; sticky_enabled=\u00bb0&#8243;][\/et_pb_image][\/et_pb_column][et_pb_column _builder_version=\u00bb4.23.1&#8243; _module_preset=\u00bbdefault\u00bb type=\u00bb1_2&#8243; theme_builder_area=\u00bbpost_content\u00bb][et_pb_image src=\u00bbhttps:\/\/www.sedarauca.edu.co\/wp-content\/uploads\/2023\/12\/Esap004.jpg\u00bb _builder_version=\u00bb4.23.1&#8243; _module_preset=\u00bbdefault\u00bb theme_builder_area=\u00bbpost_content\u00bb title_text=\u00bbEsap004&#8243; hover_enabled=\u00bb0&#8243; sticky_enabled=\u00bb0&#8243;][\/et_pb_image][\/et_pb_column][\/et_pb_row][et_pb_row _builder_version=\u00bb4.23.1&#8243; _module_preset=\u00bbdefault\u00bb theme_builder_area=\u00bbpost_content\u00bb][et_pb_column _builder_version=\u00bb4.23.1&#8243; _module_preset=\u00bbdefault\u00bb type=\u00bb4_4&#8243; theme_builder_area=\u00bbpost_content\u00bb][et_pb_text _builder_version=\u00bb4.23.1&#8243; _module_preset=\u00bbdefault\u00bb theme_builder_area=\u00bbpost_content\u00bb hover_enabled=\u00bb0&#8243; sticky_enabled=\u00bb0&#8243;]<\/p>\n<p style=\"text-align: justify;\">\u201cCon el concurso de la Asamblea departamental que aprob\u00f3 la donaci\u00f3n de una parte del bien inmueble y de la estructura f\u00edsica, se hace una realidad el sue\u00f1o que hemos tenido los araucanos a lo largo de 30 a\u00f1os para consolidar una direcci\u00f3n territorial en nuestro departamento y as\u00ed mejorar en t\u00e9rminos administrativos, institucionales y de educaci\u00f3n superior.\u00a0<\/p>\n<p style=\"text-align: justify;\">Hemos cumplido nuestra parte y sabemos del compromiso que usted tiene con los araucanos para que la territorial sea una realidad, pero m\u00e1s que eso para que nuestros bachilleres puedan hacerse profesionales y brindar esos servicios aqu\u00ed en el territorio accediendo a la educaci\u00f3n superior que brinda la ESAP\u201d, dijo el Gobernador.<\/p>\n<p>Por su parte, el director nacional, Jorge Iv\u00e1n Bula Escobar, se\u00f1al\u00f3 que se trata de un paso esencial porque la ESAP debe tener una sede propia para pensar en la parte administrativa propiamente dicha y se espera que a mediados del 2024, si todo sale bien, se pueda declarar que Arauca ya tiene la direcci\u00f3n territorial.<\/p>\n<p>[\/et_pb_text][\/et_pb_column][\/et_pb_row][et_pb_row _builder_version=\u00bb4.23.1&#8243; _module_preset=\u00bbdefault\u00bb column_structure=\u00bb1_2,1_2&#8243; theme_builder_area=\u00bbpost_content\u00bb][et_pb_column _builder_version=\u00bb4.23.1&#8243; _module_preset=\u00bbdefault\u00bb type=\u00bb1_2&#8243; theme_builder_area=\u00bbpost_content\u00bb][et_pb_image src=\u00bbhttps:\/\/www.sedarauca.edu.co\/wp-content\/uploads\/2023\/12\/Esap008.jpg\u00bb _builder_version=\u00bb4.23.1&#8243; _module_preset=\u00bbdefault\u00bb theme_builder_area=\u00bbpost_content\u00bb title_text=\u00bbEsap008&#8243; hover_enabled=\u00bb0&#8243; sticky_enabled=\u00bb0&#8243;][\/et_pb_image][\/et_pb_column][et_pb_column _builder_version=\u00bb4.23.1&#8243; _module_preset=\u00bbdefault\u00bb type=\u00bb1_2&#8243; theme_builder_area=\u00bbpost_content\u00bb][et_pb_image src=\u00bbhttps:\/\/www.sedarauca.edu.co\/wp-content\/uploads\/2023\/12\/Esap001.jpg\u00bb _builder_version=\u00bb4.23.1&#8243; _module_preset=\u00bbdefault\u00bb theme_builder_area=\u00bbpost_content\u00bb title_text=\u00bbEsap001&#8243; hover_enabled=\u00bb0&#8243; sticky_enabled=\u00bb0&#8243;][\/et_pb_image][\/et_pb_column][\/et_pb_row][et_pb_row _builder_version=\u00bb4.23.1&#8243; _module_preset=\u00bbdefault\u00bb theme_builder_area=\u00bbpost_content\u00bb][et_pb_column _builder_version=\u00bb4.23.1&#8243; _module_preset=\u00bbdefault\u00bb type=\u00bb4_4&#8243; theme_builder_area=\u00bbpost_content\u00bb][et_pb_text _builder_version=\u00bb4.23.1&#8243; _module_preset=\u00bbdefault\u00bb theme_builder_area=\u00bbpost_content\u00bb hover_enabled=\u00bb0&#8243; sticky_enabled=\u00bb0&#8243;]<\/p>\n<p style=\"text-align: justify;\">\u201cTenemos 700 estudiantes y sin duda esta generosa contribuci\u00f3n que ha hecho la Asamblea y el Gobernador permitir\u00e1 ampliar mucho m\u00e1s la cobertura para consolidar los espacios de oportunidad a los bachilleres para que puedan acceder a la educaci\u00f3n superior y aumentar la oferta de posgrados, especializaciones y las maestr\u00edas en Administraci\u00f3n P\u00fablica y Derechos Humanos\u201d, se\u00f1al\u00f3 el funcionario.<\/p>\n<p>La firma de escrituras del predio donado por la Gobernaci\u00f3n a la ESAP constituye otro logro del actual gobernador Wilinton Rodr\u00edguez Benavidez, para garantizar el fortalecimiento de la educaci\u00f3n superior y se suma al proceso con la Universidad Nacional, que iniciar\u00e1 en el primer semestre de 2024 cinco carreras en la sede Orinoquia de Arauca.<\/p>\n<p>[\/et_pb_text][\/et_pb_column][\/et_pb_row][et_pb_row _builder_version=\u00bb4.23.1&#8243; _module_preset=\u00bbdefault\u00bb column_structure=\u00bb1_2,1_2&#8243; theme_builder_area=\u00bbpost_content\u00bb][et_pb_column _builder_version=\u00bb4.23.1&#8243; _module_preset=\u00bbdefault\u00bb type=\u00bb1_2&#8243; theme_builder_area=\u00bbpost_content\u00bb][et_pb_image src=\u00bbhttps:\/\/www.sedarauca.edu.co\/wp-content\/uploads\/2023\/12\/Esap002.jpg\u00bb _builder_version=\u00bb4.23.1&#8243; _module_preset=\u00bbdefault\u00bb theme_builder_area=\u00bbpost_content\u00bb title_text=\u00bbEsap002&#8243; hover_enabled=\u00bb0&#8243; sticky_enabled=\u00bb0&#8243;][\/et_pb_image][\/et_pb_column][et_pb_column _builder_version=\u00bb4.23.1&#8243; _module_preset=\u00bbdefault\u00bb type=\u00bb1_2&#8243; theme_builder_area=\u00bbpost_content\u00bb][et_pb_image src=\u00bbhttps:\/\/www.sedarauca.edu.co\/wp-content\/uploads\/2023\/12\/Esap007.jpg\u00bb _builder_version=\u00bb4.23.1&#8243; _module_preset=\u00bbdefault\u00bb theme_builder_area=\u00bbpost_content\u00bb title_text=\u00bbEsap007&#8243; hover_enabled=\u00bb0&#8243; sticky_enabled=\u00bb0&#8243;][\/et_pb_image][\/et_pb_column][\/et_pb_row][et_pb_row _builder_version=\u00bb4.23.1&#8243; _module_preset=\u00bbdefault\u00bb theme_builder_area=\u00bbpost_content\u00bb][et_pb_column _builder_version=\u00bb4.23.1&#8243; _module_preset=\u00bbdefault\u00bb type=\u00bb4_4&#8243; theme_builder_area=\u00bbpost_content\u00bb][et_pb_text _builder_version=\u00bb4.23.1&#8243; _module_preset=\u00bbdefault\u00bb theme_builder_area=\u00bbpost_content\u00bb hover_enabled=\u00bb0&#8243; sticky_enabled=\u00bb0&#8243;]<\/p>\n<p style=\"text-align: justify;\">La Escuela Superior de Administraci\u00f3n P\u00fablica \u2013 ESAP es referente en la formaci\u00f3n de l\u00edderes comprometidos con el servicio p\u00fablico y el desarrollo integral de las comunidades.<\/p>\n<p style=\"text-align: justify;\">Con un enfoque en la formaci\u00f3n integral, capacita a los futuros l\u00edderes para afrontar los retos y oportunidades del entorno social, pol\u00edtico y econ\u00f3mico, contribuyendo al progreso de los\u00a0territorios.<\/p>\n<p>[\/et_pb_text][\/et_pb_column][\/et_pb_row][\/et_pb_section]<\/p>\n","protected":false},"excerpt":{"rendered":"<p>\u2022 Se hace realidad el sue\u00f1o que hemos tenido los araucanos a lo largo de 30 a\u00f1os para consolidar una direcci\u00f3n territorial que permitir\u00e1 mejorar en t\u00e9rminos administrativos, institucionales y de educaci\u00f3n superior.\u00a0\u2022 Oportunidad de los bachilleres araucanos para acceder a la educaci\u00f3n superior. Se aumentar\u00e1 la oferta de posgrados, especializaciones y maestr\u00edas en Administraci\u00f3n [&hellip;]<\/p>\n","protected":false},"author":1,"featured_media":7744,"comment_status":"closed","ping_status":"closed","sticky":false,"template":"","format":"standard","meta":{"_et_pb_use_builder":"on","_et_pb_old_content":"","_et_gb_content_width":"","footnotes":""},"categories":[44,6],"tags":[],"class_list":["post-7743","post","type-post","status-publish","format-standard","has-post-thumbnail","hentry","category-gestion","category-noticias"],"_links":{"self":[{"href":"https:\/\/www.sedarauca.edu.co\/index.php\/wp-json\/wp\/v2\/posts\/7743","targetHints":{"allow":["GET"]}}],"collection":[{"href":"https:\/\/www.sedarauca.edu.co\/index.php\/wp-json\/wp\/v2\/posts"}],"about":[{"href":"https:\/\/www.sedarauca.edu.co\/index.php\/wp-json\/wp\/v2\/types\/post"}],"author":[{"embeddable":true,"href":"https:\/\/www.sedarauca.edu.co\/index.php\/wp-json\/wp\/v2\/users\/1"}],"replies":[{"embeddable":true,"href":"https:\/\/www.sedarauca.edu.co\/index.php\/wp-json\/wp\/v2\/comments?post=7743"}],"version-history":[{"count":3,"href":"https:\/\/www.sedarauca.edu.co\/index.php\/wp-json\/wp\/v2\/posts\/7743\/revisions"}],"predecessor-version":[{"id":7756,"href":"https:\/\/www.sedarauca.edu.co\/index.php\/wp-json\/wp\/v2\/posts\/7743\/revisions\/7756"}],"wp:featuredmedia":[{"embeddable":true,"href":"https:\/\/www.sedarauca.edu.co\/index.php\/wp-json\/wp\/v2\/media\/7744"}],"wp:attachment":[{"href":"https:\/\/www.sedarauca.edu.co\/index.php\/wp-json\/wp\/v2\/media?parent=7743"}],"wp:term":[{"taxonomy":"category","embeddable":true,"href":"https:\/\/www.sedarauca.edu.co\/index.php\/wp-json\/wp\/v2\/categories?post=7743"},{"taxonomy":"post_tag","embeddable":true,"href":"https:\/\/www.sedarauca.edu.co\/index.php\/wp-json\/wp\/v2\/tags?post=7743"}],"curies":[{"name":"wp","href":"https:\/\/api.w.org\/{rel}","templated":true}]}}