{"id":7735,"date":"2023-11-28T11:50:00","date_gmt":"2023-11-28T16:50:00","guid":{"rendered":"https:\/\/www.sedarauca.edu.co\/?p=7735"},"modified":"2023-11-29T08:59:22","modified_gmt":"2023-11-29T13:59:22","slug":"las-nueve-carreras-con-ciclos-completos-en-la-sede-orinoquia-de-la-universidad-nacional-seran-el-mejor-legado-que-dejara-el-gobierno-departamental-a-la-region","status":"publish","type":"post","link":"https:\/\/www.sedarauca.edu.co\/index.php\/2023\/11\/28\/las-nueve-carreras-con-ciclos-completos-en-la-sede-orinoquia-de-la-universidad-nacional-seran-el-mejor-legado-que-dejara-el-gobierno-departamental-a-la-region\/","title":{"rendered":"<strong>Las nueve carreras con ciclos completos en la sede Orinoquia de la Universidad Nacional, ser\u00e1n el mejor legado que dejar\u00e1 el Gobierno departamental a la regi\u00f3n<\/strong>"},"content":{"rendered":"<p>[et_pb_section fb_built=\u00bb1&#8243; theme_builder_area=\u00bbpost_content\u00bb _builder_version=\u00bb4.23.1&#8243; _module_preset=\u00bbdefault\u00bb da_is_popup=\u00bboff\u00bb da_exit_intent=\u00bboff\u00bb da_has_close=\u00bbon\u00bb da_alt_close=\u00bboff\u00bb da_dark_close=\u00bboff\u00bb da_not_modal=\u00bbon\u00bb da_is_singular=\u00bboff\u00bb da_with_loader=\u00bboff\u00bb da_has_shadow=\u00bbon\u00bb da_disable_devices=\u00bboff|off|off\u00bb][et_pb_row _builder_version=\u00bb4.23.1&#8243; _module_preset=\u00bbdefault\u00bb theme_builder_area=\u00bbpost_content\u00bb][et_pb_column _builder_version=\u00bb4.23.1&#8243; _module_preset=\u00bbdefault\u00bb type=\u00bb4_4&#8243; theme_builder_area=\u00bbpost_content\u00bb][et_pb_text _builder_version=\u00bb4.23.1&#8243; _module_preset=\u00bbdefault\u00bb theme_builder_area=\u00bbpost_content\u00bb custom_margin=\u00bb-40px||||false|false\u00bb hover_enabled=\u00bb0&#8243; sticky_enabled=\u00bb0&#8243;]<\/p>\n<ul>\n<li style=\"text-align: center;\"><em>Se materializan las carreras completas que se hab\u00eda proyectado iniciar en el 2025, pero que ya se concret\u00f3 que arrancan en el primer semestre del pr\u00f3ximo a\u00f1o.<\/em><\/li>\n<li style=\"text-align: center;\"><em><span>Es emocionante poder quitarle j\u00f3venes a la guerra con oportunidades como estas, que permitir\u00e1n a nuestros bachilleres, continuar estudiando carreras completas en el territorio, mencion\u00f3 el gobernador (e) del departamento de Arauca.<\/span><\/em><\/li>\n<\/ul>\n<p>[\/et_pb_text][\/et_pb_column][\/et_pb_row][et_pb_row _builder_version=\u00bb4.23.1&#8243; _module_preset=\u00bbdefault\u00bb theme_builder_area=\u00bbpost_content\u00bb][et_pb_column _builder_version=\u00bb4.23.1&#8243; _module_preset=\u00bbdefault\u00bb type=\u00bb4_4&#8243; theme_builder_area=\u00bbpost_content\u00bb][et_pb_text _builder_version=\u00bb4.23.1&#8243; _module_preset=\u00bbdefault\u00bb theme_builder_area=\u00bbpost_content\u00bb custom_margin=\u00bb-30px||||false|false\u00bb hover_enabled=\u00bb0&#8243; sticky_enabled=\u00bb0&#8243;]<\/p>\n<div style=\"text-align: justify;\"><span><strong>Arauca, 27 de noviembre de 2023.-<\/strong> Como el mejor legado que le pueda quedar a la regi\u00f3n, m\u00e1s all\u00e1 de las inversiones que se hagan en materia de infraestructura educativa, defini\u00f3 el gobernador (e) Wilinton Rodr\u00edguez Benavidez la concreci\u00f3n de las nueve carreras que garantizan ciclos completos y con las cuales arrancar\u00e1 este 2024 la sede Orinoquia de la Universidad Nacional, UNAL.<\/span><\/div>\n<div style=\"text-align: justify;\"><span>\u00a0<\/span><\/div>\n<div style=\"text-align: justify;\"><span>Para hacer seguimiento a este importante proyecto que se estructur\u00f3 este a\u00f1o como una apuesta a la paz, garantizando educaci\u00f3n superior para los j\u00f3venes de este Departamento, se reunieron el gobernador (e) Wilinton Rodr\u00edguez Benavidez y el profesor Oscar Su\u00e1rez, rector de la Universidad Nacional de Colombia -sede Orinoquia.<\/span><\/div>\n<div style=\"text-align: justify;\"><span>\u00a0<\/span><\/div>\n<div style=\"text-align: justify;\"><span>Las carreras que iniciar\u00e1n el primer semestre son Ingenier\u00eda Industrial, ingenier\u00eda administrativa, enfermer\u00eda profesional, Trabajo Social y Ling\u00fc\u00edstica, mientras que para el segundo semestre se arrancar\u00e1 con Ciencias de la Computaci\u00f3n, Ingenier\u00eda Qu\u00edmica, Derecho y Tecnolog\u00eda en Cine.<\/span><\/div>\n<div style=\"text-align: justify;\"><span>\u00a0<\/span><\/div>\n<div style=\"text-align: justify;\"><span>\u201cM\u00e1s all\u00e1 de las inversiones que en t\u00e9rminos de infraestructura y de obras podamos hacer como Gobierno departamental, es tal vez \u00e9ste el hecho m\u00e1s importante de nuestro paso por la Gobernaci\u00f3n, dej\u00e1ndole estos programas completos a nuestros j\u00f3venes para que puedan iniciar sus carreras y, en lo posible, graduarse aqu\u00ed mismo en nuestro territorio.<\/span><\/div>\n<p>[\/et_pb_text][\/et_pb_column][\/et_pb_row][et_pb_row _builder_version=\u00bb4.23.1&#8243; _module_preset=\u00bbdefault\u00bb column_structure=\u00bb1_2,1_2&#8243; theme_builder_area=\u00bbpost_content\u00bb][et_pb_column _builder_version=\u00bb4.23.1&#8243; _module_preset=\u00bbdefault\u00bb type=\u00bb1_2&#8243; theme_builder_area=\u00bbpost_content\u00bb][et_pb_image src=\u00bbhttps:\/\/www.sedarauca.edu.co\/wp-content\/uploads\/2023\/11\/eaa16317-709a-48ca-b0e1-8e1fcbd07857.jpg\u00bb _builder_version=\u00bb4.23.1&#8243; _module_preset=\u00bbdefault\u00bb theme_builder_area=\u00bbpost_content\u00bb title_text=\u00bbeaa16317-709a-48ca-b0e1-8e1fcbd07857&#8243; hover_enabled=\u00bb0&#8243; sticky_enabled=\u00bb0&#8243;][\/et_pb_image][\/et_pb_column][et_pb_column _builder_version=\u00bb4.23.1&#8243; _module_preset=\u00bbdefault\u00bb type=\u00bb1_2&#8243; theme_builder_area=\u00bbpost_content\u00bb][et_pb_image src=\u00bbhttps:\/\/www.sedarauca.edu.co\/wp-content\/uploads\/2023\/11\/be4feb7d-a6b6-4d18-8308-bf5c2034d3a8.jpg\u00bb _builder_version=\u00bb4.23.1&#8243; _module_preset=\u00bbdefault\u00bb theme_builder_area=\u00bbpost_content\u00bb title_text=\u00bbbe4feb7d-a6b6-4d18-8308-bf5c2034d3a8&#8243; hover_enabled=\u00bb0&#8243; sticky_enabled=\u00bb0&#8243;][\/et_pb_image][\/et_pb_column][\/et_pb_row][et_pb_row _builder_version=\u00bb4.23.1&#8243; _module_preset=\u00bbdefault\u00bb theme_builder_area=\u00bbpost_content\u00bb][et_pb_column _builder_version=\u00bb4.23.1&#8243; _module_preset=\u00bbdefault\u00bb type=\u00bb4_4&#8243; theme_builder_area=\u00bbpost_content\u00bb][et_pb_text _builder_version=\u00bb4.23.1&#8243; _module_preset=\u00bbdefault\u00bb theme_builder_area=\u00bbpost_content\u00bb hover_enabled=\u00bb0&#8243; sticky_enabled=\u00bb0&#8243;]<\/p>\n<div style=\"text-align: justify;\"><span>Es emocionante poder quitarle j\u00f3venes a la guerra con oportunidades como estas, que permitir\u00e1n a nuestros bachilleres, continuar estudiando carreras completas en el territorio. Esta es una verdadera gesti\u00f3n en favor de nuestra juventud, pues en 10 meses de gobierno seguimos Construyendo Futuro con resultados al pie de la letra\u201d, sostuvo el mandatario seccional.<\/span><\/div>\n<div style=\"text-align: justify;\"><span>\u00a0<\/span><\/div>\n<div style=\"text-align: justify;\"><span>Agreg\u00f3 que todo lo anterior se concreta, sin descuidar el Programa Especial de Admisi\u00f3n y Movilidad Acad\u00e9mica (PEAMA), que es una oportunidad para que j\u00f3venes que no tengan esa vocaci\u00f3n de los programas que se aperturan en Arauca, puedan continuar sus ciclos en las sedes andinas.<\/span><\/div>\n<div style=\"text-align: justify;\"><span>\u00a0<\/span><\/div>\n<div class=\"x_elementToProof\" style=\"text-align: justify;\"><span>Por su parte, el rector de la Universidad Nacional de Colombia -sede Orinoquia, Oscar Su\u00e1rez, destac\u00f3 el inter\u00e9s que siempre mostr\u00f3 el actual Gobernador para concretar este proyecto de gran impacto regional, toda vez que no solo beneficiar\u00e1 a los estudiantes de Arauca, sino de toda la Orinoquia colombiana.<\/span><\/div>\n<p>[\/et_pb_text][\/et_pb_column][\/et_pb_row][\/et_pb_section]<\/p>\n","protected":false},"excerpt":{"rendered":"<p>Se materializan las carreras completas que se hab\u00eda proyectado iniciar en el 2025, pero que ya se concret\u00f3 que arrancan en el primer semestre del pr\u00f3ximo a\u00f1o. Es emocionante poder quitarle j\u00f3venes a la guerra con oportunidades como estas, que permitir\u00e1n a nuestros bachilleres, continuar estudiando carreras completas en el territorio, mencion\u00f3 el gobernador (e) [&hellip;]<\/p>\n","protected":false},"author":1,"featured_media":7736,"comment_status":"closed","ping_status":"closed","sticky":false,"template":"","format":"standard","meta":{"_et_pb_use_builder":"on","_et_pb_old_content":"","_et_gb_content_width":"","footnotes":""},"categories":[6],"tags":[],"class_list":["post-7735","post","type-post","status-publish","format-standard","has-post-thumbnail","hentry","category-noticias"],"_links":{"self":[{"href":"https:\/\/www.sedarauca.edu.co\/index.php\/wp-json\/wp\/v2\/posts\/7735","targetHints":{"allow":["GET"]}}],"collection":[{"href":"https:\/\/www.sedarauca.edu.co\/index.php\/wp-json\/wp\/v2\/posts"}],"about":[{"href":"https:\/\/www.sedarauca.edu.co\/index.php\/wp-json\/wp\/v2\/types\/post"}],"author":[{"embeddable":true,"href":"https:\/\/www.sedarauca.edu.co\/index.php\/wp-json\/wp\/v2\/users\/1"}],"replies":[{"embeddable":true,"href":"https:\/\/www.sedarauca.edu.co\/index.php\/wp-json\/wp\/v2\/comments?post=7735"}],"version-history":[{"count":4,"href":"https:\/\/www.sedarauca.edu.co\/index.php\/wp-json\/wp\/v2\/posts\/7735\/revisions"}],"predecessor-version":[{"id":7742,"href":"https:\/\/www.sedarauca.edu.co\/index.php\/wp-json\/wp\/v2\/posts\/7735\/revisions\/7742"}],"wp:featuredmedia":[{"embeddable":true,"href":"https:\/\/www.sedarauca.edu.co\/index.php\/wp-json\/wp\/v2\/media\/7736"}],"wp:attachment":[{"href":"https:\/\/www.sedarauca.edu.co\/index.php\/wp-json\/wp\/v2\/media?parent=7735"}],"wp:term":[{"taxonomy":"category","embeddable":true,"href":"https:\/\/www.sedarauca.edu.co\/index.php\/wp-json\/wp\/v2\/categories?post=7735"},{"taxonomy":"post_tag","embeddable":true,"href":"https:\/\/www.sedarauca.edu.co\/index.php\/wp-json\/wp\/v2\/tags?post=7735"}],"curies":[{"name":"wp","href":"https:\/\/api.w.org\/{rel}","templated":true}]}}