{"id":7675,"date":"2023-11-20T10:26:00","date_gmt":"2023-11-20T15:26:00","guid":{"rendered":"https:\/\/www.sedarauca.edu.co\/?p=7675"},"modified":"2023-11-20T16:32:54","modified_gmt":"2023-11-20T21:32:54","slug":"estudiantes-resuenan-en-la-institucion-educativa-alejandro-humboldt-con-la-voz-del-saber","status":"publish","type":"post","link":"https:\/\/www.sedarauca.edu.co\/index.php\/2023\/11\/20\/estudiantes-resuenan-en-la-institucion-educativa-alejandro-humboldt-con-la-voz-del-saber\/","title":{"rendered":"<strong>Estudiantes resuenan en la Instituci\u00f3n Educativa Alejandro Humboldt con\u00a0La Voz del Saber<\/strong>"},"content":{"rendered":"\n[et_pb_section fb_built=\u00bb1&#8243; theme_builder_area=\u00bbpost_content\u00bb _builder_version=\u00bb4.23.1&#8243; _module_preset=\u00bbdefault\u00bb][et_pb_row _builder_version=\u00bb4.23.1&#8243; _module_preset=\u00bbdefault\u00bb theme_builder_area=\u00bbpost_content\u00bb][et_pb_column _builder_version=\u00bb4.23.1&#8243; _module_preset=\u00bbdefault\u00bb type=\u00bb4_4&#8243; theme_builder_area=\u00bbpost_content\u00bb][et_pb_text _builder_version=\u00bb4.23.1&#8243; _module_preset=\u00bbdefault\u00bb theme_builder_area=\u00bbpost_content\u00bb custom_margin=\u00bb-40px||||false|false\u00bb hover_enabled=\u00bb0&#8243; sticky_enabled=\u00bb0&#8243;]<p style=\"text-align: center;\"><span><i>Este proyecto est\u00e1 en marcha<\/i><\/span><span><i>\u00a0y aspira a transformarse en un eco distintivo que refleje la voz estudiantil en el municipio de Fortul.<\/i><\/span><\/p>[\/et_pb_text][\/et_pb_column][\/et_pb_row][et_pb_row _builder_version=\u00bb4.23.1&#8243; _module_preset=\u00bbdefault\u00bb theme_builder_area=\u00bbpost_content\u00bb][et_pb_column _builder_version=\u00bb4.23.1&#8243; _module_preset=\u00bbdefault\u00bb type=\u00bb4_4&#8243; theme_builder_area=\u00bbpost_content\u00bb][et_pb_text _builder_version=\u00bb4.23.1&#8243; _module_preset=\u00bbdefault\u00bb theme_builder_area=\u00bbpost_content\u00bb hover_enabled=\u00bb0&#8243; sticky_enabled=\u00bb0&#8243;]<p class=\"x_elementToProof\" style=\"text-align: justify;\"><span><b>Arauca, 20 de noviembre de 2023.\u00a0<\/b><\/span><span>La Secretar\u00eda de Educaci\u00f3n Departamental se complace en resaltar y visibilizar el proyecto educomunicativo \u00abLa Voz del Saber\u00bb de la Instituci\u00f3n Educativa Alejandro Humboldt, ubicada en el municipio de Fortul. Iniciativa que es liderada por el docente orientador Nicol\u00e1s Ram\u00edrez Fl\u00f3rez y la psic\u00f3loga maestrante en psicolog\u00eda comunitaria, Ang\u00e9lica Pi\u00f1eres Sierra.<\/span><\/p>\n<p class=\"x_elementToProof\"><span>Este proyecto inspirador tuvo sus inicios con estudiantes de d\u00e9cimo grado que enfrentaban diversas dificultades actitudinales, buscando brindar apoyo para su desarrollo personal durante su participaci\u00f3n en el programa. \u00abLa Voz del Saber\u00bb se posiciona como un medio educomunicativo que, a trav\u00e9s de un lenguaje juvenil, se conecta con los estudiantes, informando a toda la comunidad educativa acerca de los eventos tanto internos como externos a la instituci\u00f3n, siempre enfocados en temas educativos.<\/span><\/p>\n<p><span>La iniciativa permite a todas las personas expresarse a trav\u00e9s del programa, fomentando as\u00ed una cosmovisi\u00f3n m\u00e1s amplia de la percepci\u00f3n de estudiantes, padres de familia, docentes y directivos. Este enfoque integral abarca eventos desde todos los \u00e1ngulos de la comunidad, tocando diversos temas relevantes a lo largo del a\u00f1o acad\u00e9mico.<\/span><\/p>\n<p><span>\u00abLa Voz del Saber\u00bb ha experimentado un notable crecimiento, expandiendo su alcance a estudiantes de quinto de primaria, octavo, noveno, d\u00e9cimo y und\u00e9cimo grado. Este equipo diversificado enriquece la perspectiva del proyecto, promoviendo una participaci\u00f3n inclusiva y representativa de toda la comunidad educativa.<\/span><\/p>\n<p><span>El proyecto no solo se limita a informar, sino que tambi\u00e9n busca generar espacios de psicoeducaci\u00f3n, especialmente en lo que respecta al buen uso de las redes sociales. Asimismo, tiene como objetivo despertar la curiosidad sobre los espacios de participaci\u00f3n comunitaria y, sobre todo, resaltar los procesos pedag\u00f3gicos, l\u00fadicos y culturales que florecen en la Instituci\u00f3n Educativa Alejandro Humboldt.<\/span><\/p>\n<p class=\"x_elementToProof\"><span>La Secretar\u00eda de Educaci\u00f3n Departamental aplaude este loable esfuerzo y anima a la comunidad a seguir apoyando iniciativas que promueven el desarrollo integral de los estudiantes y fortalecen los lazos comunitarios. \u00abLa Voz del Saber\u00bb es un ejemplo inspirador de c\u00f3mo la educaci\u00f3n puede ser un motor de cambio y crecimiento en nuestra sociedad.<\/span><\/p>\n<p class=\"x_elementToProof\"><span>As\u00ed fue que empezaron:<br \/><\/span><span><br \/><a href=\"https:\/\/youtu.be\/HA2K32J7si0?si=l4_EBgEYwM_mnV7u\" target=\"_blank\" rel=\"noopener noreferrer\" data-auth=\"NotApplicable\" id=\"LPlnk240064\" data-linkindex=\"0\">https:\/\/youtu.be\/HA2K32J7si0?si=l4_EBgEYwM_mnV7u<\/a><\/span><\/p>\n<p class=\"x_elementToProof\"><span><a href=\"https:\/\/youtu.be\/soxHRklOkVU?feature=shared\" target=\"_blank\" rel=\"noopener noreferrer\" data-auth=\"NotApplicable\" id=\"LPlnk998268\" data-linkindex=\"1\">https:\/\/youtu.be\/soxHRklOkVU?feature=shared<\/a><\/span><\/p>\n<p class=\"x_elementToProof\"><a href=\"https:\/\/youtu.be\/l1jGa7ootx0\" target=\"_blank\" rel=\"noopener noreferrer\" data-auth=\"NotApplicable\" id=\"LPlnk804197\" data-linkindex=\"2\">https:\/\/youtu.be\/l1jGa7ootx0<\/a><\/p>[\/et_pb_text][\/et_pb_column][\/et_pb_row][\/et_pb_section]\n","protected":false},"excerpt":{"rendered":"<p>Este proyecto est\u00e1 en marcha\u00a0y aspira a transformarse en un eco distintivo que refleje la voz estudiantil en el municipio de Fortul.Arauca, 20 de noviembre de 2023.\u00a0La Secretar\u00eda de Educaci\u00f3n Departamental se complace en resaltar y visibilizar el proyecto educomunicativo \u00abLa Voz del Saber\u00bb de la Instituci\u00f3n Educativa Alejandro Humboldt, ubicada en el municipio de [&hellip;]<\/p>\n","protected":false},"author":1,"featured_media":7681,"comment_status":"closed","ping_status":"closed","sticky":false,"template":"","format":"standard","meta":{"_et_pb_use_builder":"on","_et_pb_old_content":"","_et_gb_content_width":"","footnotes":""},"categories":[6],"tags":[],"class_list":["post-7675","post","type-post","status-publish","format-standard","has-post-thumbnail","hentry","category-noticias"],"_links":{"self":[{"href":"https:\/\/www.sedarauca.edu.co\/index.php\/wp-json\/wp\/v2\/posts\/7675","targetHints":{"allow":["GET"]}}],"collection":[{"href":"https:\/\/www.sedarauca.edu.co\/index.php\/wp-json\/wp\/v2\/posts"}],"about":[{"href":"https:\/\/www.sedarauca.edu.co\/index.php\/wp-json\/wp\/v2\/types\/post"}],"author":[{"embeddable":true,"href":"https:\/\/www.sedarauca.edu.co\/index.php\/wp-json\/wp\/v2\/users\/1"}],"replies":[{"embeddable":true,"href":"https:\/\/www.sedarauca.edu.co\/index.php\/wp-json\/wp\/v2\/comments?post=7675"}],"version-history":[{"count":4,"href":"https:\/\/www.sedarauca.edu.co\/index.php\/wp-json\/wp\/v2\/posts\/7675\/revisions"}],"predecessor-version":[{"id":7682,"href":"https:\/\/www.sedarauca.edu.co\/index.php\/wp-json\/wp\/v2\/posts\/7675\/revisions\/7682"}],"wp:featuredmedia":[{"embeddable":true,"href":"https:\/\/www.sedarauca.edu.co\/index.php\/wp-json\/wp\/v2\/media\/7681"}],"wp:attachment":[{"href":"https:\/\/www.sedarauca.edu.co\/index.php\/wp-json\/wp\/v2\/media?parent=7675"}],"wp:term":[{"taxonomy":"category","embeddable":true,"href":"https:\/\/www.sedarauca.edu.co\/index.php\/wp-json\/wp\/v2\/categories?post=7675"},{"taxonomy":"post_tag","embeddable":true,"href":"https:\/\/www.sedarauca.edu.co\/index.php\/wp-json\/wp\/v2\/tags?post=7675"}],"curies":[{"name":"wp","href":"https:\/\/api.w.org\/{rel}","templated":true}]}}