{"id":7667,"date":"2023-11-17T16:16:00","date_gmt":"2023-11-17T21:16:00","guid":{"rendered":"https:\/\/www.sedarauca.edu.co\/?p=7667"},"modified":"2023-11-20T16:25:37","modified_gmt":"2023-11-20T21:25:37","slug":"docentes-araucanos-presentes-en-el-encuentro-folclorico-y-cultural-del-magisterio-2023-talento-y-diversidad-de-colombia","status":"publish","type":"post","link":"https:\/\/www.sedarauca.edu.co\/index.php\/2023\/11\/17\/docentes-araucanos-presentes-en-el-encuentro-folclorico-y-cultural-del-magisterio-2023-talento-y-diversidad-de-colombia\/","title":{"rendered":"<strong>Docentes araucanos presentes en el Encuentro Folcl\u00f3rico y Cultural del Magisterio 2023: Talento y diversidad de Colombia<\/strong>"},"content":{"rendered":"<p>[et_pb_section fb_built=\u00bb1&#8243; theme_builder_area=\u00bbpost_content\u00bb _builder_version=\u00bb4.23.1&#8243; _module_preset=\u00bbdefault\u00bb][et_pb_row _builder_version=\u00bb4.23.1&#8243; _module_preset=\u00bbdefault\u00bb theme_builder_area=\u00bbpost_content\u00bb][et_pb_column _builder_version=\u00bb4.23.1&#8243; _module_preset=\u00bbdefault\u00bb type=\u00bb4_4&#8243; theme_builder_area=\u00bbpost_content\u00bb][et_pb_text _builder_version=\u00bb4.23.1&#8243; _module_preset=\u00bbdefault\u00bb theme_builder_area=\u00bbpost_content\u00bb custom_margin=\u00bb-40px||||false|false\u00bb hover_enabled=\u00bb0&#8243; sticky_enabled=\u00bb0&#8243;]<\/p>\n<p style=\"text-align: center;\"><i>Maestros y maestras de 29 delegaciones se reunieron en el Encuentro Folcl\u00f3rico y Cultural del Magisterio en su versi\u00f3n 2023 para presentar lo mejor de sus muestras art\u00edsticas y el trabajo que desarrollan por enaltecer las costumbres de sus territorios<\/i><\/p>\n<p>[\/et_pb_text][\/et_pb_column][\/et_pb_row][et_pb_row _builder_version=\u00bb4.23.1&#8243; _module_preset=\u00bbdefault\u00bb theme_builder_area=\u00bbpost_content\u00bb][et_pb_column _builder_version=\u00bb4.23.1&#8243; _module_preset=\u00bbdefault\u00bb type=\u00bb4_4&#8243; theme_builder_area=\u00bbpost_content\u00bb][et_pb_text _builder_version=\u00bb4.23.1&#8243; _module_preset=\u00bbdefault\u00bb theme_builder_area=\u00bbpost_content\u00bb hover_enabled=\u00bb0&#8243; sticky_enabled=\u00bb0&#8243;]<\/p>\n<p style=\"text-align: justify;\"><span><b>Barranquilla (Atl\u00e1ntico), 13 de noviembre de 2023.<\/b>\u00a0Color, alegr\u00eda, diversidad y mucho arte fueron las caracter\u00edsticas que marcaron el Encuentro Folcl\u00f3rico y Cultural del Magisterio colombiano que, como cada a\u00f1o, se da cita para que docentes, directivos docentes y administrativos muestren en un solo escenario sus capacidades y talento en torno al quehacer cultural y de conservaci\u00f3n del patrimonio de la Naci\u00f3n.\u00a0<\/span><\/p>\n<p style=\"text-align: justify;\"><span>Este a\u00f1o 2023 el escenario fue el auditorio central de la Universidad del Atl\u00e1ntico en Barranquilla, donde llegaron m\u00e1s de 800 educadores en representaci\u00f3n de 29 delegaciones que superaron las fases municipales y departamentales. All\u00ed hizo presencia una delegaci\u00f3n de 15 docentes del municipio de Puerto Rond\u00f3n con una muestra de danza, canto y oralidad, con la que mostraron lo de mejor de la cultura y el folclor llanero.\u00a0<\/span><\/p>\n<p style=\"text-align: justify;\"><span>Durante el Encuentro Carlos Arturo Charria, Director de Fortalecimiento a la Gesti\u00f3n Territorial del Ministerio de Educaci\u00f3n, asegur\u00f3 que \u00abdesde el Ministerio de Educaci\u00f3n creemos que este espacio evidencia las potencialidades de cada una de las instituciones. No solamente es muestra del presente, sino de la diversidad y las complejidades que hay en el pa\u00eds\u00bb.\u00a0<\/span><\/p>\n<p>[\/et_pb_text][\/et_pb_column][\/et_pb_row][et_pb_row _builder_version=\u00bb4.23.1&#8243; _module_preset=\u00bbdefault\u00bb column_structure=\u00bb1_3,1_3,1_3&#8243; theme_builder_area=\u00bbpost_content\u00bb][et_pb_column _builder_version=\u00bb4.23.1&#8243; _module_preset=\u00bbdefault\u00bb type=\u00bb1_3&#8243; theme_builder_area=\u00bbpost_content\u00bb][et_pb_image src=\u00bbhttps:\/\/www.sedarauca.edu.co\/wp-content\/uploads\/2023\/11\/0001.jpg\u00bb _builder_version=\u00bb4.23.1&#8243; _module_preset=\u00bbdefault\u00bb theme_builder_area=\u00bbpost_content\u00bb title_text=\u00bb0001&#8243; hover_enabled=\u00bb0&#8243; sticky_enabled=\u00bb0&#8243;][\/et_pb_image][\/et_pb_column][et_pb_column _builder_version=\u00bb4.23.1&#8243; _module_preset=\u00bbdefault\u00bb type=\u00bb1_3&#8243; theme_builder_area=\u00bbpost_content\u00bb][et_pb_image src=\u00bbhttps:\/\/www.sedarauca.edu.co\/wp-content\/uploads\/2023\/11\/0003.jpg\u00bb _builder_version=\u00bb4.23.1&#8243; _module_preset=\u00bbdefault\u00bb theme_builder_area=\u00bbpost_content\u00bb title_text=\u00bb0003&#8243; hover_enabled=\u00bb0&#8243; sticky_enabled=\u00bb0&#8243;][\/et_pb_image][\/et_pb_column][et_pb_column _builder_version=\u00bb4.23.1&#8243; _module_preset=\u00bbdefault\u00bb type=\u00bb1_3&#8243; theme_builder_area=\u00bbpost_content\u00bb][et_pb_image src=\u00bbhttps:\/\/www.sedarauca.edu.co\/wp-content\/uploads\/2023\/11\/0002.jpg\u00bb _builder_version=\u00bb4.23.1&#8243; _module_preset=\u00bbdefault\u00bb theme_builder_area=\u00bbpost_content\u00bb title_text=\u00bb0002&#8243; hover_enabled=\u00bb0&#8243; sticky_enabled=\u00bb0&#8243;][\/et_pb_image][\/et_pb_column][\/et_pb_row][et_pb_row _builder_version=\u00bb4.23.1&#8243; _module_preset=\u00bbdefault\u00bb theme_builder_area=\u00bbpost_content\u00bb][et_pb_column _builder_version=\u00bb4.23.1&#8243; _module_preset=\u00bbdefault\u00bb type=\u00bb4_4&#8243; theme_builder_area=\u00bbpost_content\u00bb][et_pb_text _builder_version=\u00bb4.23.1&#8243; _module_preset=\u00bbdefault\u00bb theme_builder_area=\u00bbpost_content\u00bb hover_enabled=\u00bb0&#8243; sticky_enabled=\u00bb0&#8243;]<\/p>\n<p style=\"text-align: justify;\"><span>Este evento se realiza en alianza entre el Ministerio de Educaci\u00f3n, la Federaci\u00f3n Colombiana de Trabajadores de la Educaci\u00f3n -Fecode- y el Ministerio de Cultura, y su objetivo es integrar a los directivos docentes, docentes y administrativos de las instituciones educativas oficiales de Colombia de acuerdo con el programa de bienestar laboral docente.\u00a0<\/span><\/p>\n<p style=\"text-align: justify;\"><span>As\u00ed mismo, busca favorecer la preservaci\u00f3n del arte y la cultura; promover la educaci\u00f3n como eje transformador; y desarrollar el pensamiento art\u00edstico para la construcci\u00f3n de una sociedad con nuevas miradas del mundo, m\u00e1s sensibles que enriquezcan al pa\u00eds mediante la diversidad y la herencia cultural para las siguientes generaciones con sentido de pertenencia y aumentando el arraigo patrimonial.\u00a0<\/span><\/p>\n<p style=\"text-align: justify;\"><span>Esta actividad hace parte de las acciones que ejecuta el Viceministerio de Educaci\u00f3n Preescolar, B\u00e1sica y Media, la Direcci\u00f3n de Fortalecimiento a la Gesti\u00f3n Territorial y la Subdirecci\u00f3n de Recursos Humanos, no solo para reconocer la labor de los maestros y maestras, sino tambi\u00e9n para identificar sus percepciones y reflexiones acerca de la educaci\u00f3n art\u00edstica y cultural en el pa\u00eds como aporte a la construcci\u00f3n de rutas pedag\u00f3gicas y objetivos pertinentes con el contexto para la actualizaci\u00f3n de los curr\u00edculos en educaci\u00f3n art\u00edstica y cultural, as\u00ed como nutrir las bases de las estrategias de Formaci\u00f3n Integral y CRESE (Ciudadana, para la Reconciliaci\u00f3n, Antirracista, Socioemocional y para el Cambio Clim\u00e1tico) y que se alinean con las metas propuestas dentro del Plan Nacional de Desarrollo &#8216;Colombia potencia mundial de la vida&#8217;.<\/span><\/p>\n<p>[\/et_pb_text][\/et_pb_column][\/et_pb_row][\/et_pb_section]<\/p>\n","protected":false},"excerpt":{"rendered":"<p>Maestros y maestras de 29 delegaciones se reunieron en el Encuentro Folcl\u00f3rico y Cultural del Magisterio en su versi\u00f3n 2023 para presentar lo mejor de sus muestras art\u00edsticas y el trabajo que desarrollan por enaltecer las costumbres de sus territoriosBarranquilla (Atl\u00e1ntico), 13 de noviembre de 2023.\u00a0Color, alegr\u00eda, diversidad y mucho arte fueron las caracter\u00edsticas que [&hellip;]<\/p>\n","protected":false},"author":1,"featured_media":7668,"comment_status":"closed","ping_status":"closed","sticky":false,"template":"","format":"standard","meta":{"_et_pb_use_builder":"on","_et_pb_old_content":"","_et_gb_content_width":"","footnotes":""},"categories":[6],"tags":[],"class_list":["post-7667","post","type-post","status-publish","format-standard","has-post-thumbnail","hentry","category-noticias"],"_links":{"self":[{"href":"https:\/\/www.sedarauca.edu.co\/index.php\/wp-json\/wp\/v2\/posts\/7667","targetHints":{"allow":["GET"]}}],"collection":[{"href":"https:\/\/www.sedarauca.edu.co\/index.php\/wp-json\/wp\/v2\/posts"}],"about":[{"href":"https:\/\/www.sedarauca.edu.co\/index.php\/wp-json\/wp\/v2\/types\/post"}],"author":[{"embeddable":true,"href":"https:\/\/www.sedarauca.edu.co\/index.php\/wp-json\/wp\/v2\/users\/1"}],"replies":[{"embeddable":true,"href":"https:\/\/www.sedarauca.edu.co\/index.php\/wp-json\/wp\/v2\/comments?post=7667"}],"version-history":[{"count":3,"href":"https:\/\/www.sedarauca.edu.co\/index.php\/wp-json\/wp\/v2\/posts\/7667\/revisions"}],"predecessor-version":[{"id":7674,"href":"https:\/\/www.sedarauca.edu.co\/index.php\/wp-json\/wp\/v2\/posts\/7667\/revisions\/7674"}],"wp:featuredmedia":[{"embeddable":true,"href":"https:\/\/www.sedarauca.edu.co\/index.php\/wp-json\/wp\/v2\/media\/7668"}],"wp:attachment":[{"href":"https:\/\/www.sedarauca.edu.co\/index.php\/wp-json\/wp\/v2\/media?parent=7667"}],"wp:term":[{"taxonomy":"category","embeddable":true,"href":"https:\/\/www.sedarauca.edu.co\/index.php\/wp-json\/wp\/v2\/categories?post=7667"},{"taxonomy":"post_tag","embeddable":true,"href":"https:\/\/www.sedarauca.edu.co\/index.php\/wp-json\/wp\/v2\/tags?post=7667"}],"curies":[{"name":"wp","href":"https:\/\/api.w.org\/{rel}","templated":true}]}}