{"id":7656,"date":"2023-11-16T16:53:00","date_gmt":"2023-11-16T21:53:00","guid":{"rendered":"https:\/\/www.sedarauca.edu.co\/?p=7656"},"modified":"2023-11-20T16:15:04","modified_gmt":"2023-11-20T21:15:04","slug":"inicio-del-proceso-de-empalme-en-la-secretaria-de-educacion-departamental-de-arauca","status":"publish","type":"post","link":"https:\/\/www.sedarauca.edu.co\/index.php\/2023\/11\/16\/inicio-del-proceso-de-empalme-en-la-secretaria-de-educacion-departamental-de-arauca\/","title":{"rendered":"<strong>Inicio del proceso de empalme en la Secretar\u00eda de Educaci\u00f3n Departamental de Arauca<\/strong>\u00a0"},"content":{"rendered":"<p>[et_pb_section fb_built=\u00bb1&#8243; theme_builder_area=\u00bbpost_content\u00bb _builder_version=\u00bb4.23.1&#8243; _module_preset=\u00bbdefault\u00bb][et_pb_row _builder_version=\u00bb4.23.1&#8243; _module_preset=\u00bbdefault\u00bb theme_builder_area=\u00bbpost_content\u00bb][et_pb_column _builder_version=\u00bb4.23.1&#8243; _module_preset=\u00bbdefault\u00bb type=\u00bb4_4&#8243; theme_builder_area=\u00bbpost_content\u00bb][et_pb_text _builder_version=\u00bb4.23.1&#8243; _module_preset=\u00bbdefault\u00bb theme_builder_area=\u00bbpost_content\u00bb custom_margin=\u00bb-30px||||false|false\u00bb hover_enabled=\u00bb0&#8243; sticky_enabled=\u00bb0&#8243;]<\/p>\n<p style=\"text-align: justify;\"><span><b>Arauca, 16 de noviembre de 2023.\u00a0<\/b>La Entidad Territorial Certificada de Arauca ha dado inicio al proceso de empalme con el equipo del nuevo Gobernador electo, Renson Mart\u00ednez Prada, marcando as\u00ed el comienzo de una etapa fundamental para el futuro educativo del departamento. La instalaci\u00f3n estuvo a cargo del secretario de Educaci\u00f3n Marceliano Guerrero, quien estuvo acompa\u00f1ado por todo el equipo del Comit\u00e9 Directivo.\u00a0<\/span><\/p>\n<p style=\"text-align: justify;\"><span>Durante la primera reuni\u00f3n de este proceso, se brind\u00f3 a la comisi\u00f3n liderada por el abogado Diego Leonardo Dinas, una visi\u00f3n integral del estado actual del servicio educativo en el departamento de Arauca. La presentaci\u00f3n abarc\u00f3 tanto los logros alcanzados por el equipo de trabajo bajo el gobierno Construyendo Futuro como los desaf\u00edos que se enfrentan en la ardua labor hacia una educaci\u00f3n pertinente, contextualizada y de calidad para nuestro Departamento.\u00a0<\/span><\/p>\n<p>[\/et_pb_text][\/et_pb_column][\/et_pb_row][et_pb_row _builder_version=\u00bb4.23.1&#8243; _module_preset=\u00bbdefault\u00bb column_structure=\u00bb1_2,1_2&#8243; theme_builder_area=\u00bbpost_content\u00bb][et_pb_column _builder_version=\u00bb4.23.1&#8243; _module_preset=\u00bbdefault\u00bb type=\u00bb1_2&#8243; theme_builder_area=\u00bbpost_content\u00bb][et_pb_image src=\u00bbhttps:\/\/www.sedarauca.edu.co\/wp-content\/uploads\/2023\/11\/Gr01-2.jpg\u00bb _builder_version=\u00bb4.23.1&#8243; _module_preset=\u00bbdefault\u00bb theme_builder_area=\u00bbpost_content\u00bb title_text=\u00bbGr01&#8243; hover_enabled=\u00bb0&#8243; sticky_enabled=\u00bb0&#8243;][\/et_pb_image][\/et_pb_column][et_pb_column _builder_version=\u00bb4.23.1&#8243; _module_preset=\u00bbdefault\u00bb type=\u00bb1_2&#8243; theme_builder_area=\u00bbpost_content\u00bb][et_pb_image src=\u00bbhttps:\/\/www.sedarauca.edu.co\/wp-content\/uploads\/2023\/11\/Gr02-3.jpg\u00bb _builder_version=\u00bb4.23.1&#8243; _module_preset=\u00bbdefault\u00bb theme_builder_area=\u00bbpost_content\u00bb title_text=\u00bbGr02&#8243; hover_enabled=\u00bb0&#8243; sticky_enabled=\u00bb0&#8243;][\/et_pb_image][\/et_pb_column][\/et_pb_row][et_pb_row _builder_version=\u00bb4.23.1&#8243; _module_preset=\u00bbdefault\u00bb theme_builder_area=\u00bbpost_content\u00bb][et_pb_column _builder_version=\u00bb4.23.1&#8243; _module_preset=\u00bbdefault\u00bb type=\u00bb4_4&#8243; theme_builder_area=\u00bbpost_content\u00bb][et_pb_text _builder_version=\u00bb4.23.1&#8243; _module_preset=\u00bbdefault\u00bb theme_builder_area=\u00bbpost_content\u00bb hover_enabled=\u00bb0&#8243; sticky_enabled=\u00bb0&#8243;]<\/p>\n<p class=\"x_elementToProof\" style=\"text-align: justify;\"><span>En el marco de este proceso de empalme, se llevar\u00e1n a cabo mesas de trabajo por cada \u00e1rea estrat\u00e9gica que conforma la Secretar\u00eda de Educaci\u00f3n Departamental. Estas \u00e1reas son Cobertura, Calidad, Jur\u00eddica, Talento Humano, Inspecci\u00f3n y Vigilancia, Planeamiento e Infraestructura Educativa, as\u00ed como Administrativa y Financiera. Las mesas de trabajo se llevar\u00e1n a cabo del 21 al 23 de noviembre con la participaci\u00f3n activa de la Comisi\u00f3n de empalme.\u00a0<\/span><\/p>\n<p style=\"text-align: justify;\"><span>Cada \u00e1rea estrat\u00e9gica ser\u00e1 abordada minuciosamente, destacando los avances realizados y delineando planes concretos para enfrentar los desaf\u00edos presentes y futuros. Una vez concluido el trabajo por \u00e1reas, se llevar\u00e1 a cabo un encuentro de cierre del proceso en la Secretar\u00eda de Educaci\u00f3n. Este evento ser\u00e1 un espacio para consolidar los resultados de las mesas de trabajo, resaltar los consensos alcanzados y sentar las bases para una transici\u00f3n fluida y efectiva.\u00a0<\/span><\/p>\n<p>[\/et_pb_text][\/et_pb_column][\/et_pb_row][et_pb_row _builder_version=\u00bb4.23.1&#8243; _module_preset=\u00bbdefault\u00bb column_structure=\u00bb1_2,1_2&#8243; theme_builder_area=\u00bbpost_content\u00bb][et_pb_column _builder_version=\u00bb4.23.1&#8243; _module_preset=\u00bbdefault\u00bb type=\u00bb1_2&#8243; theme_builder_area=\u00bbpost_content\u00bb][et_pb_image src=\u00bbhttps:\/\/www.sedarauca.edu.co\/wp-content\/uploads\/2023\/11\/Md02-1.jpg\u00bb _builder_version=\u00bb4.23.1&#8243; _module_preset=\u00bbdefault\u00bb theme_builder_area=\u00bbpost_content\u00bb title_text=\u00bbMd02&#8243; hover_enabled=\u00bb0&#8243; sticky_enabled=\u00bb0&#8243;][\/et_pb_image][\/et_pb_column][et_pb_column _builder_version=\u00bb4.23.1&#8243; _module_preset=\u00bbdefault\u00bb type=\u00bb1_2&#8243; theme_builder_area=\u00bbpost_content\u00bb][et_pb_image src=\u00bbhttps:\/\/www.sedarauca.edu.co\/wp-content\/uploads\/2023\/11\/Mdd01.jpg\u00bb _builder_version=\u00bb4.23.1&#8243; _module_preset=\u00bbdefault\u00bb theme_builder_area=\u00bbpost_content\u00bb title_text=\u00bbMdd01&#8243; hover_enabled=\u00bb0&#8243; sticky_enabled=\u00bb0&#8243;][\/et_pb_image][\/et_pb_column][\/et_pb_row][et_pb_row _builder_version=\u00bb4.23.1&#8243; _module_preset=\u00bbdefault\u00bb theme_builder_area=\u00bbpost_content\u00bb][et_pb_column _builder_version=\u00bb4.23.1&#8243; _module_preset=\u00bbdefault\u00bb type=\u00bb4_4&#8243; theme_builder_area=\u00bbpost_content\u00bb][et_pb_text _builder_version=\u00bb4.23.1&#8243; _module_preset=\u00bbdefault\u00bb theme_builder_area=\u00bbpost_content\u00bb hover_enabled=\u00bb0&#8243; sticky_enabled=\u00bb0&#8243;]<\/p>\n<p style=\"text-align: justify;\"><span>La Secretar\u00eda de Educaci\u00f3n Departamental de Arauca reitera su compromiso inquebrantable con la excelencia educativa y espera con entusiasmo colaborar estrechamente con la nueva Administraci\u00f3n en pos de fortalecer el sistema educativo del departamento.\u00a0<\/span><\/p>\n<p>[\/et_pb_text][\/et_pb_column][\/et_pb_row][\/et_pb_section]<\/p>\n","protected":false},"excerpt":{"rendered":"<p>Arauca, 16 de noviembre de 2023.\u00a0La Entidad Territorial Certificada de Arauca ha dado inicio al proceso de empalme con el equipo del nuevo Gobernador electo, Renson Mart\u00ednez Prada, marcando as\u00ed el comienzo de una etapa fundamental para el futuro educativo del departamento. La instalaci\u00f3n estuvo a cargo del secretario de Educaci\u00f3n Marceliano Guerrero, quien estuvo [&hellip;]<\/p>\n","protected":false},"author":1,"featured_media":7657,"comment_status":"closed","ping_status":"closed","sticky":false,"template":"","format":"standard","meta":{"_et_pb_use_builder":"on","_et_pb_old_content":"","_et_gb_content_width":"","footnotes":""},"categories":[6],"tags":[],"class_list":["post-7656","post","type-post","status-publish","format-standard","has-post-thumbnail","hentry","category-noticias"],"_links":{"self":[{"href":"https:\/\/www.sedarauca.edu.co\/index.php\/wp-json\/wp\/v2\/posts\/7656","targetHints":{"allow":["GET"]}}],"collection":[{"href":"https:\/\/www.sedarauca.edu.co\/index.php\/wp-json\/wp\/v2\/posts"}],"about":[{"href":"https:\/\/www.sedarauca.edu.co\/index.php\/wp-json\/wp\/v2\/types\/post"}],"author":[{"embeddable":true,"href":"https:\/\/www.sedarauca.edu.co\/index.php\/wp-json\/wp\/v2\/users\/1"}],"replies":[{"embeddable":true,"href":"https:\/\/www.sedarauca.edu.co\/index.php\/wp-json\/wp\/v2\/comments?post=7656"}],"version-history":[{"count":3,"href":"https:\/\/www.sedarauca.edu.co\/index.php\/wp-json\/wp\/v2\/posts\/7656\/revisions"}],"predecessor-version":[{"id":7666,"href":"https:\/\/www.sedarauca.edu.co\/index.php\/wp-json\/wp\/v2\/posts\/7656\/revisions\/7666"}],"wp:featuredmedia":[{"embeddable":true,"href":"https:\/\/www.sedarauca.edu.co\/index.php\/wp-json\/wp\/v2\/media\/7657"}],"wp:attachment":[{"href":"https:\/\/www.sedarauca.edu.co\/index.php\/wp-json\/wp\/v2\/media?parent=7656"}],"wp:term":[{"taxonomy":"category","embeddable":true,"href":"https:\/\/www.sedarauca.edu.co\/index.php\/wp-json\/wp\/v2\/categories?post=7656"},{"taxonomy":"post_tag","embeddable":true,"href":"https:\/\/www.sedarauca.edu.co\/index.php\/wp-json\/wp\/v2\/tags?post=7656"}],"curies":[{"name":"wp","href":"https:\/\/api.w.org\/{rel}","templated":true}]}}