{"id":7634,"date":"2023-11-15T11:08:00","date_gmt":"2023-11-15T16:08:00","guid":{"rendered":"https:\/\/www.sedarauca.edu.co\/?p=7634"},"modified":"2023-11-20T12:10:11","modified_gmt":"2023-11-20T17:10:11","slug":"gobierno-departamental-le-cumple-a-los-ninos-ninas-adolescentes-y-jovenes-con-la-garantia-de-sus-derechos","status":"publish","type":"post","link":"https:\/\/www.sedarauca.edu.co\/index.php\/2023\/11\/15\/gobierno-departamental-le-cumple-a-los-ninos-ninas-adolescentes-y-jovenes-con-la-garantia-de-sus-derechos\/","title":{"rendered":"<strong>Gobierno Departamental le cumple a los Ni\u00f1os, Ni\u00f1as, Adolescentes y J\u00f3venes con la garant\u00eda de sus derechos\u00a0<\/strong>"},"content":{"rendered":"<p>[et_pb_section fb_built=\u00bb1&#8243; theme_builder_area=\u00bbpost_content\u00bb _builder_version=\u00bb4.23.1&#8243; _module_preset=\u00bbdefault\u00bb][et_pb_row _builder_version=\u00bb4.23.1&#8243; _module_preset=\u00bbdefault\u00bb theme_builder_area=\u00bbpost_content\u00bb][et_pb_column _builder_version=\u00bb4.23.1&#8243; _module_preset=\u00bbdefault\u00bb type=\u00bb4_4&#8243; theme_builder_area=\u00bbpost_content\u00bb][et_pb_text _builder_version=\u00bb4.23.1&#8243; _module_preset=\u00bbdefault\u00bb theme_builder_area=\u00bbpost_content\u00bb custom_margin=\u00bb-40px||||false|false\u00bb hover_enabled=\u00bb0&#8243; sticky_enabled=\u00bb0&#8243;]<\/p>\n<p style=\"text-align: center;\"><i>El secretario de Educaci\u00f3n Departamental Marceliano Guerrero acompa\u00f1\u00f3 al Gobernador en la Rendici\u00f3n P\u00fablica de Cuentas Especial Territorial, en donde los estudiantes del municipio de Arauca participaron muy activamente.\u00a0<\/i><\/p>\n<p>[\/et_pb_text][\/et_pb_column][\/et_pb_row][et_pb_row _builder_version=\u00bb4.23.1&#8243; _module_preset=\u00bbdefault\u00bb theme_builder_area=\u00bbpost_content\u00bb][et_pb_column _builder_version=\u00bb4.23.1&#8243; _module_preset=\u00bbdefault\u00bb type=\u00bb4_4&#8243; theme_builder_area=\u00bbpost_content\u00bb][et_pb_text _builder_version=\u00bb4.23.1&#8243; _module_preset=\u00bbdefault\u00bb theme_builder_area=\u00bbpost_content\u00bb hover_enabled=\u00bb0&#8243; sticky_enabled=\u00bb0&#8243; custom_margin=\u00bb-10px||||false|false\u00bb]<\/p>\n<p style=\"text-align: justify;\"><span><b>Arauca, 15 de noviembre de 2023<\/b>\u00a0Este martes el gobernador encargado de Arauca Wilinton Rodr\u00edguez Benavidez, rindi\u00f3 cuentas de la vigencia 2020 -2023 a los ni\u00f1os, ni\u00f1as, adolescentes y j\u00f3venes desde las instalaciones del colegio General Santander Bachillerato, donde habl\u00f3 de las garant\u00edas de sus derechos y de las inversiones adelantadas en el cuatrienio. \u00a0<\/span><\/p>\n<p style=\"text-align: justify;\"><span>El mandatario seccional sostuvo que durante este periodo de gobierno se invirtieron en primera infancia, infancia, adolescencia y Juventud 1.700 millones de pesos que impactaron en los derechos de educaci\u00f3n, vida, salud, integridad personal, identidad, protecci\u00f3n, familia, participaci\u00f3n y recreaci\u00f3n y\u00a0 deporte.\u00a0<\/span><\/p>\n<p><span>\u00a0<\/span><span>\u201cHa sido un trabajo impecable y decidido el realizado por el Gobierno Departamental en favor de los ni\u00f1os, ni\u00f1as, j\u00f3venes y adolescentes, terminamos gobierno con la satisfacci\u00f3n del deber cumplido porque alcanzamos las metas propuestas en el Plan Departamental de Desarrollo Construyendo Futuro\u201d, expres\u00f3 el gobernador.\u00a0<\/span><\/p>\n<p><span>\u00a0<\/span><span>Sostuvo que en Arauca en lo corrido del 2023 se implement\u00f3 la prueba piloto del \u201cBuz\u00f3n Contra el Miedo\u201d, iniciativa de la Consejer\u00eda Presidencial para la reconciliaci\u00f3n para darle voz a la ni\u00f1ez v\u00edctima de la violencia y se firm\u00f3 el pacto departamental que define acciones para reducir los \u00edndices de violencia hacia la ni\u00f1ez y la adolescencia, entre la Unicef, las Alcald\u00edas y la Gobernaci\u00f3n de Arauca.\u00a0<\/span><\/p>\n<p><span>Explic\u00f3 el mandatario que entre otros logros figura la garant\u00eda de participaci\u00f3n en espacios aut\u00f3nomos, la ejecuci\u00f3n de los recursos asignados al 100% y la creaci\u00f3n de la comisi\u00f3n de concertaci\u00f3n y decisi\u00f3n mediante acto administrativo y posesi\u00f3n de los consejeros departamentales de juventud. \u00a0<\/span><span><\/span><\/p>\n<p>[\/et_pb_text][\/et_pb_column][\/et_pb_row][et_pb_row _builder_version=\u00bb4.23.1&#8243; _module_preset=\u00bbdefault\u00bb column_structure=\u00bb1_3,1_3,1_3&#8243; theme_builder_area=\u00bbpost_content\u00bb][et_pb_column _builder_version=\u00bb4.23.1&#8243; _module_preset=\u00bbdefault\u00bb type=\u00bb1_3&#8243; theme_builder_area=\u00bbpost_content\u00bb][et_pb_image src=\u00bbhttps:\/\/www.sedarauca.edu.co\/wp-content\/uploads\/2023\/11\/Gr03-1.jpg\u00bb _builder_version=\u00bb4.23.1&#8243; _module_preset=\u00bbdefault\u00bb theme_builder_area=\u00bbpost_content\u00bb title_text=\u00bbGr03&#8243; hover_enabled=\u00bb0&#8243; sticky_enabled=\u00bb0&#8243;][\/et_pb_image][\/et_pb_column][et_pb_column _builder_version=\u00bb4.23.1&#8243; _module_preset=\u00bbdefault\u00bb type=\u00bb1_3&#8243; theme_builder_area=\u00bbpost_content\u00bb][et_pb_image src=\u00bbhttps:\/\/www.sedarauca.edu.co\/wp-content\/uploads\/2023\/11\/Gr02-2.jpg\u00bb _builder_version=\u00bb4.23.1&#8243; _module_preset=\u00bbdefault\u00bb theme_builder_area=\u00bbpost_content\u00bb title_text=\u00bbGr02&#8243; hover_enabled=\u00bb0&#8243; sticky_enabled=\u00bb0&#8243;][\/et_pb_image][\/et_pb_column][et_pb_column _builder_version=\u00bb4.23.1&#8243; _module_preset=\u00bbdefault\u00bb type=\u00bb1_3&#8243; theme_builder_area=\u00bbpost_content\u00bb][et_pb_image src=\u00bbhttps:\/\/www.sedarauca.edu.co\/wp-content\/uploads\/2023\/11\/Gr01-1.jpg\u00bb _builder_version=\u00bb4.23.1&#8243; _module_preset=\u00bbdefault\u00bb theme_builder_area=\u00bbpost_content\u00bb title_text=\u00bbGr01&#8243; hover_enabled=\u00bb0&#8243; sticky_enabled=\u00bb0&#8243;][\/et_pb_image][\/et_pb_column][\/et_pb_row][et_pb_row _builder_version=\u00bb4.23.1&#8243; _module_preset=\u00bbdefault\u00bb theme_builder_area=\u00bbpost_content\u00bb][et_pb_column _builder_version=\u00bb4.23.1&#8243; _module_preset=\u00bbdefault\u00bb type=\u00bb4_4&#8243; theme_builder_area=\u00bbpost_content\u00bb][et_pb_text _builder_version=\u00bb4.23.1&#8243; _module_preset=\u00bbdefault\u00bb theme_builder_area=\u00bbpost_content\u00bb hover_enabled=\u00bb0&#8243; sticky_enabled=\u00bb0&#8243; custom_margin=\u00bb-10px||||false|false\u00bb]<\/p>\n<p><span><\/span><span>La Secretar\u00eda de Educaci\u00f3n celebra el din\u00e1mico y participativo intercambio de ideas que tuvo lugar durante la Feria de Derechos realizada en el marco de esta rendici\u00f3n de cuentas , donde los estudiantes tuvieron la oportunidad de expresarse libremente sobre el tema crucial de los cambios que desear\u00edan ver en el sistema educativo. Las respuestas recopiladas reflejan la voz aut\u00e9ntica de la juventud, destacando la necesidad de maestros m\u00e1s incluyentes, un llamado a fomentar el pensamiento cr\u00edtico en lugar de la memorizaci\u00f3n pasiva, la demanda de campa\u00f1as informativas que contemplen las aspiraciones de los estudiantes para su futuro, y la solicitud de mejoras en el transporte para facilitar el acceso a la educaci\u00f3n. Estas opiniones contribuyen a la mejora continua de nuestro sistema educativo, subrayando la importancia de adaptarse a las expectativas y necesidades de quienes son el motor de la sociedad del ma\u00f1ana.\u00a0<\/span><\/p>\n<p class=\"x_elementToProof\"><span>La Rendici\u00f3n P\u00fablica de Cuentas Especial Territorial de los Ni\u00f1os, Ni\u00f1as, Adolescentes y J\u00f3venes se trasmiti\u00f3 por las redes sociales del Gobierno Departamental y presencial asistieron m\u00e1s de 200 personas que fueron participativas en la jornada de presentaci\u00f3n del informe y durante la feria de Derechos que se instal\u00f3 en el recinto.\u00a0<\/span><\/p>\n<p>[\/et_pb_text][\/et_pb_column][\/et_pb_row][et_pb_row _builder_version=\u00bb4.23.1&#8243; _module_preset=\u00bbdefault\u00bb column_structure=\u00bb1_3,1_3,1_3&#8243; theme_builder_area=\u00bbpost_content\u00bb][et_pb_column _builder_version=\u00bb4.23.1&#8243; _module_preset=\u00bbdefault\u00bb type=\u00bb1_3&#8243; theme_builder_area=\u00bbpost_content\u00bb][et_pb_image src=\u00bbhttps:\/\/www.sedarauca.edu.co\/wp-content\/uploads\/2023\/11\/401513158_652810767024563_414758103988320414_n.jpg\u00bb _builder_version=\u00bb4.23.1&#8243; _module_preset=\u00bbdefault\u00bb theme_builder_area=\u00bbpost_content\u00bb title_text=\u00bb401513158_652810767024563_414758103988320414_n\u00bb hover_enabled=\u00bb0&#8243; sticky_enabled=\u00bb0&#8243;][\/et_pb_image][\/et_pb_column][et_pb_column _builder_version=\u00bb4.23.1&#8243; _module_preset=\u00bbdefault\u00bb type=\u00bb1_3&#8243; theme_builder_area=\u00bbpost_content\u00bb][et_pb_image src=\u00bbhttps:\/\/www.sedarauca.edu.co\/wp-content\/uploads\/2023\/11\/401497214_652810710357902_8898053345290318083_n.jpg\u00bb _builder_version=\u00bb4.23.1&#8243; _module_preset=\u00bbdefault\u00bb theme_builder_area=\u00bbpost_content\u00bb title_text=\u00bb401497214_652810710357902_8898053345290318083_n\u00bb hover_enabled=\u00bb0&#8243; sticky_enabled=\u00bb0&#8243;][\/et_pb_image][\/et_pb_column][et_pb_column _builder_version=\u00bb4.23.1&#8243; _module_preset=\u00bbdefault\u00bb type=\u00bb1_3&#8243; theme_builder_area=\u00bbpost_content\u00bb][et_pb_image src=\u00bbhttps:\/\/www.sedarauca.edu.co\/wp-content\/uploads\/2023\/11\/401483168_652810280357945_2852342702801771853_n.jpg\u00bb _builder_version=\u00bb4.23.1&#8243; _module_preset=\u00bbdefault\u00bb theme_builder_area=\u00bbpost_content\u00bb title_text=\u00bb401483168_652810280357945_2852342702801771853_n\u00bb hover_enabled=\u00bb0&#8243; sticky_enabled=\u00bb0&#8243;][\/et_pb_image][\/et_pb_column][\/et_pb_row][et_pb_row _builder_version=\u00bb4.23.1&#8243; _module_preset=\u00bbdefault\u00bb column_structure=\u00bb1_3,1_3,1_3&#8243; theme_builder_area=\u00bbpost_content\u00bb][et_pb_column _builder_version=\u00bb4.23.1&#8243; _module_preset=\u00bbdefault\u00bb type=\u00bb1_3&#8243; theme_builder_area=\u00bbpost_content\u00bb][et_pb_image src=\u00bbhttps:\/\/www.sedarauca.edu.co\/wp-content\/uploads\/2023\/11\/402638061_652810557024584_3574104532980545284_n.jpg\u00bb _builder_version=\u00bb4.23.1&#8243; _module_preset=\u00bbdefault\u00bb theme_builder_area=\u00bbpost_content\u00bb title_text=\u00bb402638061_652810557024584_3574104532980545284_n\u00bb hover_enabled=\u00bb0&#8243; sticky_enabled=\u00bb0&#8243;][\/et_pb_image][\/et_pb_column][et_pb_column _builder_version=\u00bb4.23.1&#8243; _module_preset=\u00bbdefault\u00bb type=\u00bb1_3&#8243; theme_builder_area=\u00bbpost_content\u00bb][et_pb_image src=\u00bbhttps:\/\/www.sedarauca.edu.co\/wp-content\/uploads\/2023\/11\/402641642_652810567024583_1240948374853844233_n.jpg\u00bb _builder_version=\u00bb4.23.1&#8243; _module_preset=\u00bbdefault\u00bb theme_builder_area=\u00bbpost_content\u00bb title_text=\u00bb402641642_652810567024583_1240948374853844233_n\u00bb hover_enabled=\u00bb0&#8243; sticky_enabled=\u00bb0&#8243;][\/et_pb_image][\/et_pb_column][et_pb_column _builder_version=\u00bb4.23.1&#8243; _module_preset=\u00bbdefault\u00bb type=\u00bb1_3&#8243; theme_builder_area=\u00bbpost_content\u00bb][et_pb_image src=\u00bbhttps:\/\/www.sedarauca.edu.co\/wp-content\/uploads\/2023\/11\/402642339_652810533691253_7623868046970543045_n.jpg\u00bb _builder_version=\u00bb4.23.1&#8243; _module_preset=\u00bbdefault\u00bb theme_builder_area=\u00bbpost_content\u00bb title_text=\u00bb402642339_652810533691253_7623868046970543045_n\u00bb hover_enabled=\u00bb0&#8243; sticky_enabled=\u00bb0&#8243;][\/et_pb_image][\/et_pb_column][\/et_pb_row][et_pb_row _builder_version=\u00bb4.23.1&#8243; _module_preset=\u00bbdefault\u00bb column_structure=\u00bb1_3,1_3,1_3&#8243; theme_builder_area=\u00bbpost_content\u00bb][et_pb_column _builder_version=\u00bb4.23.1&#8243; _module_preset=\u00bbdefault\u00bb type=\u00bb1_3&#8243; theme_builder_area=\u00bbpost_content\u00bb][et_pb_image src=\u00bbhttps:\/\/www.sedarauca.edu.co\/wp-content\/uploads\/2023\/11\/402622171_652810717024568_4497711756570049094_n.jpg\u00bb _builder_version=\u00bb4.23.1&#8243; _module_preset=\u00bbdefault\u00bb theme_builder_area=\u00bbpost_content\u00bb title_text=\u00bb402622171_652810717024568_4497711756570049094_n\u00bb hover_enabled=\u00bb0&#8243; sticky_enabled=\u00bb0&#8243;][\/et_pb_image][\/et_pb_column][et_pb_column _builder_version=\u00bb4.23.1&#8243; _module_preset=\u00bbdefault\u00bb type=\u00bb1_3&#8243; theme_builder_area=\u00bbpost_content\u00bb][et_pb_image src=\u00bbhttps:\/\/www.sedarauca.edu.co\/wp-content\/uploads\/2023\/11\/402653272_652810650357908_4535785882202330736_n.jpg\u00bb _builder_version=\u00bb4.23.1&#8243; _module_preset=\u00bbdefault\u00bb theme_builder_area=\u00bbpost_content\u00bb title_text=\u00bb402653272_652810650357908_4535785882202330736_n\u00bb hover_enabled=\u00bb0&#8243; sticky_enabled=\u00bb0&#8243;][\/et_pb_image][\/et_pb_column][et_pb_column _builder_version=\u00bb4.23.1&#8243; _module_preset=\u00bbdefault\u00bb type=\u00bb1_3&#8243; theme_builder_area=\u00bbpost_content\u00bb][et_pb_image src=\u00bbhttps:\/\/www.sedarauca.edu.co\/wp-content\/uploads\/2023\/11\/402642370_652810510357922_5555008272942592309_n.jpg\u00bb _builder_version=\u00bb4.23.1&#8243; _module_preset=\u00bbdefault\u00bb theme_builder_area=\u00bbpost_content\u00bb title_text=\u00bb402642370_652810510357922_5555008272942592309_n\u00bb hover_enabled=\u00bb0&#8243; sticky_enabled=\u00bb0&#8243;][\/et_pb_image][\/et_pb_column][\/et_pb_row][\/et_pb_section]<\/p>\n","protected":false},"excerpt":{"rendered":"<p>El secretario de Educaci\u00f3n Departamental Marceliano Guerrero acompa\u00f1\u00f3 al Gobernador en la Rendici\u00f3n P\u00fablica de Cuentas Especial Territorial, en donde los estudiantes del municipio de Arauca participaron muy activamente.\u00a0Arauca, 15 de noviembre de 2023\u00a0Este martes el gobernador encargado de Arauca Wilinton Rodr\u00edguez Benavidez, rindi\u00f3 cuentas de la vigencia 2020 -2023 a los ni\u00f1os, ni\u00f1as, adolescentes [&hellip;]<\/p>\n","protected":false},"author":1,"featured_media":7635,"comment_status":"closed","ping_status":"closed","sticky":false,"template":"","format":"standard","meta":{"_et_pb_use_builder":"on","_et_pb_old_content":"","_et_gb_content_width":"","footnotes":""},"categories":[6],"tags":[],"class_list":["post-7634","post","type-post","status-publish","format-standard","has-post-thumbnail","hentry","category-noticias"],"_links":{"self":[{"href":"https:\/\/www.sedarauca.edu.co\/index.php\/wp-json\/wp\/v2\/posts\/7634","targetHints":{"allow":["GET"]}}],"collection":[{"href":"https:\/\/www.sedarauca.edu.co\/index.php\/wp-json\/wp\/v2\/posts"}],"about":[{"href":"https:\/\/www.sedarauca.edu.co\/index.php\/wp-json\/wp\/v2\/types\/post"}],"author":[{"embeddable":true,"href":"https:\/\/www.sedarauca.edu.co\/index.php\/wp-json\/wp\/v2\/users\/1"}],"replies":[{"embeddable":true,"href":"https:\/\/www.sedarauca.edu.co\/index.php\/wp-json\/wp\/v2\/comments?post=7634"}],"version-history":[{"count":4,"href":"https:\/\/www.sedarauca.edu.co\/index.php\/wp-json\/wp\/v2\/posts\/7634\/revisions"}],"predecessor-version":[{"id":7655,"href":"https:\/\/www.sedarauca.edu.co\/index.php\/wp-json\/wp\/v2\/posts\/7634\/revisions\/7655"}],"wp:featuredmedia":[{"embeddable":true,"href":"https:\/\/www.sedarauca.edu.co\/index.php\/wp-json\/wp\/v2\/media\/7635"}],"wp:attachment":[{"href":"https:\/\/www.sedarauca.edu.co\/index.php\/wp-json\/wp\/v2\/media?parent=7634"}],"wp:term":[{"taxonomy":"category","embeddable":true,"href":"https:\/\/www.sedarauca.edu.co\/index.php\/wp-json\/wp\/v2\/categories?post=7634"},{"taxonomy":"post_tag","embeddable":true,"href":"https:\/\/www.sedarauca.edu.co\/index.php\/wp-json\/wp\/v2\/tags?post=7634"}],"curies":[{"name":"wp","href":"https:\/\/api.w.org\/{rel}","templated":true}]}}